{"id":115,"date":"2026-07-10T11:17:42","date_gmt":"2026-07-10T14:17:42","guid":{"rendered":"https:\/\/www.gentedetrabajo.com.ar\/?p=115"},"modified":"2026-07-10T11:17:44","modified_gmt":"2026-07-10T14:17:44","slug":"dos-aviones-que-recien-salian-de-chile-aterrizaron-de-emergencia-en-mendoza","status":"publish","type":"post","link":"https:\/\/www.gentedetrabajo.com.ar\/?p=115","title":{"rendered":"Dos aviones que reci\u00e9n sal\u00edan de Chile aterrizaron de emergencia en Mendoza"},"content":{"rendered":"\n<p class=\"wp-block-paragraph\">Revisiones t\u00e9cnicas por hielo en uno de los motores obligaron a la maniobra. Pasajeros esperaban retomar sus viajes a Brasil.<\/p>\n\n\n\n<figure class=\"wp-block-image\"><img decoding=\"async\" src=\"https:\/\/media.losandes.com.ar\/p\/890dd54f52889aac70247b903032025d\/adjuntos\/368\/imagenes\/100\/692\/0100692058\/1000x0\/smart\/aeropuerto-el-plumerillo-mendoza.jpeg\" alt=\"Aeropuerto El Plumerillo (Mendoza)&nbsp; - Archivo\"\/><\/figure>\n\n\n\n<p class=\"wp-block-paragraph\">Dos vuelos de la aerol\u00ednea chilena SKY Airline que hab\u00edan despegado durante la madrugada de este viernes desde Santiago de Chile con destino a San Pablo (Brasil) debieron desviar su ruta y aterrizar de manera preventiva en el aeropuerto El Plumerillo, en Mendoza, debido a una formaci\u00f3n severa de hielo.<\/p>\n\n\n\n<p class=\"wp-block-paragraph\">Advierten que un cambio de software en Aeroparque genera demoras y riesgo en los vuelos<\/p>\n\n\n\n<p class=\"wp-block-paragraph\">Cu\u00e1ndo es el pr\u00f3ximo feriado tras el 9 de julio: ser\u00e1 un fin de semana largo de tres d\u00edas<br>Por Redacci\u00f3n Sociedad<\/p>\n\n\n\n<p class=\"wp-block-paragraph\">El primero de los casos corresponde al vuelo H2 600, un Airbus A320 que despeg\u00f3 desde el Aeropuerto de Santiago a las 5.45 con destino a San Pablo, donde ten\u00eda previsto arribar a las 10.05.<\/p>\n\n\n\n<p class=\"wp-block-paragraph\">Sin embargo, la aeronave fue desviada hacia Mendoza para realizar una revisi\u00f3n t\u00e9cnica.<\/p>\n\n\n\n<p class=\"wp-block-paragraph\">Seg\u00fan inform\u00f3 a Radio B\u00edo B\u00edo el jefe de Operaciones del aeropuerto El Plumerillo, Alejandro Barrionuevo, la decisi\u00f3n fue adoptada por el piloto luego de detectarse presencia de hielo en uno de los motores, lo que motiv\u00f3 un aterrizaje preventivo para inspeccionar la aeronave.<br>Hubo dos vuelos afectados por la misma situaci\u00f3n<\/p>\n\n\n\n<p class=\"wp-block-paragraph\">Al vuelo H2 600 se sum\u00f3 una segunda aeronave de SKY que cubr\u00eda la ruta entre Santiago y R\u00edo de Janeiro, la cual tambi\u00e9n debi\u00f3 aterrizar en Mendoza por la misma situaci\u00f3n.<br>La aerol\u00ednea SKY, con dos vuelos afectados<\/p>\n\n\n\n<p class=\"wp-block-paragraph\">Ambas aeronaves transportaban cerca de 180 pasajeros cada una y no se reportaron personas lesionadas.<\/p>\n\n\n\n<p class=\"wp-block-paragraph\">Barrionuevo precis\u00f3 que se trata de una revisi\u00f3n t\u00e9cnica de car\u00e1cter preventivo solicitada por los respectivos capitanes de los vuelos y que los pasajeros permanecen en la terminal a\u00e9rea de Mendoza a la espera de que las aeronaves puedan retomar su itinerario.<\/p>\n\n\n\n<p class=\"wp-block-paragraph\"><\/p>\n","protected":false},"excerpt":{"rendered":"<p>Revisiones t\u00e9cnicas por hielo en uno de los motores obligaron a la maniobra. Pasajeros esperaban retomar sus viajes<\/p>\n","protected":false},"author":3,"featured_media":0,"comment_status":"open","ping_status":"open","sticky":false,"template":"","format":"standard","meta":{"footnotes":""},"categories":[1],"tags":[],"class_list":["post-115","post","type-post","status-publish","format-standard","hentry","category-sin-categoria"],"_links":{"self":[{"href":"https:\/\/www.gentedetrabajo.com.ar\/index.php?rest_route=\/wp\/v2\/posts\/115","targetHints":{"allow":["GET"]}}],"collection":[{"href":"https:\/\/www.gentedetrabajo.com.ar\/index.php?rest_route=\/wp\/v2\/posts"}],"about":[{"href":"https:\/\/www.gentedetrabajo.com.ar\/index.php?rest_route=\/wp\/v2\/types\/post"}],"author":[{"embeddable":true,"href":"https:\/\/www.gentedetrabajo.com.ar\/index.php?rest_route=\/wp\/v2\/users\/3"}],"replies":[{"embeddable":true,"href":"https:\/\/www.gentedetrabajo.com.ar\/index.php?rest_route=%2Fwp%2Fv2%2Fcomments&post=115"}],"version-history":[{"count":1,"href":"https:\/\/www.gentedetrabajo.com.ar\/index.php?rest_route=\/wp\/v2\/posts\/115\/revisions"}],"predecessor-version":[{"id":116,"href":"https:\/\/www.gentedetrabajo.com.ar\/index.php?rest_route=\/wp\/v2\/posts\/115\/revisions\/116"}],"wp:attachment":[{"href":"https:\/\/www.gentedetrabajo.com.ar\/index.php?rest_route=%2Fwp%2Fv2%2Fmedia&parent=115"}],"wp:term":[{"taxonomy":"category","embeddable":true,"href":"https:\/\/www.gentedetrabajo.com.ar\/index.php?rest_route=%2Fwp%2Fv2%2Fcategories&post=115"},{"taxonomy":"post_tag","embeddable":true,"href":"https:\/\/www.gentedetrabajo.com.ar\/index.php?rest_route=%2Fwp%2Fv2%2Ftags&post=115"}],"curies":[{"name":"wp","href":"https:\/\/api.w.org\/{rel}","templated":true}]}}