{"id":117,"date":"2026-07-10T11:36:12","date_gmt":"2026-07-10T14:36:12","guid":{"rendered":"https:\/\/www.gentedetrabajo.com.ar\/?p=117"},"modified":"2026-07-10T11:36:13","modified_gmt":"2026-07-10T14:36:13","slug":"al-menos-doce-muertos-y-23-personas-desaparecidas-por-el-incendio-de-los-gallardos-en-almeria-es-una-tragedia-sin-precedentes","status":"publish","type":"post","link":"https:\/\/www.gentedetrabajo.com.ar\/?p=117","title":{"rendered":"Al menos doce muertos y 23 personas desaparecidas por el incendio de Los Gallardos, en Almer\u00eda: \u201cEs una tragedia sin precedentes\u201d"},"content":{"rendered":"\n<p class=\"wp-block-paragraph\">La r\u00e1pida propagaci\u00f3n del fuego atrap\u00f3 a varias personas en sus veh\u00edculos y forz\u00f3 la intervenci\u00f3n de la Unidad Militar de Emergencias<\/p>\n\n\n\n<figure class=\"wp-block-image is-resized\"><img decoding=\"async\" src=\"https:\/\/www.infobae.com\/resizer\/v2\/FOQQCZNJ4BGT3J7MPZQF6YIGDY.JPG?auth=ab97ed2432f86f51e4d442986a50a6a4d53c4337c2b10cf4151aff0aa82d998a&amp;smart=true&amp;width=350&amp;height=233&amp;quality=85\" alt=\"Miembros de la Guardia Civil investigan las causas del incendio. (Loyola Perez de Villegas Muniz\/REUTERS)\" style=\"width:705px;height:auto\"\/><\/figure>\n\n\n\n<p class=\"wp-block-paragraph\">El incendio forestal declarado este jueves entre Los Gallardos, B\u00e9dar y el entorno de Lubr\u00edn ha dejado al menos doce muertos en Almer\u00eda y ha obligado a elevar el Plan Infoca a fase de emergencia, situaci\u00f3n operativa 2, con desalojos masivos, carreteras cortadas y la incorporaci\u00f3n de la UME ante el r\u00e1pido avance de las llamas. La cifra de v\u00edctimas mortales, sin embargo, podr\u00eda ascender, debido a que hay 23 personas desaparecidas.<br>La fruta que \u201cse olvid\u00f3\u201d en la Edad Media, controla la presi\u00f3n arterial y ayuda contra el estre\u00f1imiento<br>Te puede interesar: La fruta que \u201cse olvid\u00f3\u201d en la Edad Media, controla la presi\u00f3n arterial y ayuda contra el estre\u00f1imiento<\/p>\n\n\n\n<p class=\"wp-block-paragraph\">Las doce v\u00edctimas mortales han sido localizadas por los equipos de emergencia en una tragedia que el 112 ya califica como \u201cel incendio de mayores consecuencias hasta la fecha\u201d en la regi\u00f3n. De hecho, se sit\u00faa entre los siniestros m\u00e1s graves de la comunidad por su balance de v\u00edctimas mortales en las \u00faltimas d\u00e9cadas.<\/p>\n\n\n\n<p class=\"wp-block-paragraph\">El balance sanitario incluye adem\u00e1s dos personas hospitalizadas y otras cuatro atendidas sobre el terreno. Una mujer ha sido evacuada con quemaduras al Hospital Universitario Torrec\u00e1rdenas y otra persona ha ingresado por inhalaci\u00f3n de humo; tambi\u00e9n se sit\u00faa entre los heridos a un hombre con quemaduras en B\u00e9dar y otra persona atendida por la rotura de un tobillo durante el desalojo.<\/p>\n\n\n\n<p class=\"wp-block-paragraph\">El humo y el fuego dificultan las labores de los efectivos desplegados en la zona del incendio forestal<br>Los equipos de extinci\u00f3n trabajan en condiciones extremas para frenar el fuego cerca de Los Gallardos que ya ha dejado al menos seis muertos (E112Andalucia)<br>Despliegue y evacuaciones<\/p>\n\n\n\n<figure class=\"wp-block-image is-resized\"><img decoding=\"async\" src=\"https:\/\/www.infobae.com\/resizer\/v2\/KL6OFP7YRNC3XC7GGGUGDNTMWI.jpg?auth=f17f6e344c2702869fa29251f04ac6d6deccd17d2506c30de100b46c91dda580&amp;smart=true&amp;width=350&amp;height=213&amp;quality=85\" alt=\"El humo y el fuego dificultan las labores de los efectivos desplegados en la zona del incendio forestal\" style=\"width:726px;height:auto\"\/><\/figure>\n\n\n\n<p class=\"wp-block-paragraph\">El fuego se ha iniciado por la tarde en el paraje de Almoc\u00e1izar, en Los Gallardos, y se ha propagado con rapidez por una zona forestal pr\u00f3xima a numerosas viviendas. La evoluci\u00f3n del incendio ha complicado la extinci\u00f3n y ha forzado un amplio despliegue de emergencia.<\/p>\n\n\n\n<p class=\"wp-block-paragraph\">Antonio Sanz, consejero de Presidencia, Sanidad y Emergencias de la Junta de Andaluc\u00eda, ha elevado el Plan Infoca a fase de emergencia, situaci\u00f3n operativa 2, por la evoluci\u00f3n y el potencial del fuego, activando tambi\u00e9n a la UME.<br>Si te vas de vacaciones, usa el truco de dejar un vaso de agua en el fregadero: evitar\u00e1s sorpresas desagradables<br>Te puede interesar: Si te vas de vacaciones, usa el truco de dejar un vaso de agua en el fregadero: evitar\u00e1s sorpresas desagradables<\/p>\n\n\n\n<p class=\"wp-block-paragraph\">Sanz ha calificado la situaci\u00f3n de \u201ctragedia sin precedentes\u201d, lamentando que no se ha podido salvar la vida de estos doce vecinos: \u201cNo hay palabras para tanto dolor. Es una noticia terrible y hoy el coraz\u00f3n de todos los andaluces est\u00e1 de luto\u201d. Adem\u00e1s, ante las complicaciones en las v\u00edas de evacuaci\u00f3n, el consejero ha rogado m\u00e1xima prudencia a la poblaci\u00f3n y ha insistido en que se eviten las zonas afectadas y no se escojan \u201ccaminos que no est\u00e1n coordinados\u201d sin el guiado expl\u00edcito de las autoridades.<\/p>\n\n\n\n<p class=\"wp-block-paragraph\">En la extinci\u00f3n trabaja el dispositivo auton\u00f3mico, que cuenta con alrededor de 150 trabajadores, 16 grupos de bomberos forestales, t\u00e9cnicos de operaciones y extinci\u00f3n, cuatro autobombas y unidades m\u00e9dicas y de mando (UMIF, EMIF, REJA). Durante la tarde han llegado a intervenir 16 medios a\u00e9reos, entre ellos seis aviones de carga en tierra, siete helic\u00f3pteros, un avi\u00f3n de coordinaci\u00f3n y un anfibio pesado del Ministerio.<\/p>\n\n\n\n<p class=\"wp-block-paragraph\">Las evacuaciones afectan a varios n\u00facleos de poblaci\u00f3n del Levante almeriense. Por el momento, siguen desalojados vecinos de Almoc\u00e1izar, Fuente del Albarico, Los Pinos, La Serena y viviendas del Pinar de B\u00e9dar, tal y como indica Diario de Almer\u00eda.<\/p>\n\n\n\n<p class=\"wp-block-paragraph\">54 personas se encuentran alojadas en el Centro de Artes Esc\u00e9nicas, que est\u00e1n siendo atendidas por los efectivos de emergencias y los voluntarios de Cruz Roja. Adem\u00e1s, Cadena Ser indica que entre 80 y 100 vecinos han sido reubicados en Lubr\u00edn, en el teatro municipal y el pol\u00edgono industrial, atendidos por la corporaci\u00f3n local, el servicio de emergencias 112 y vecinos que han facilitado alimentos, agua y la apertura de comercios fuera del horario habitual.<br>La magnitud del incendio complica las labores de extinci\u00f3n y la protecci\u00f3n de los n\u00facleos cercanos<br>9 de julio de 2026 &#8211; El avance del fuego afecta a una extensa zona forestal y obliga a un gran despliegue de medios a\u00e9reos y terrestres (E112Andalucia)<\/p>\n\n\n\n<p class=\"wp-block-paragraph\">Uno de los episodios m\u00e1s delicados de la noche se ha producido en la carretera principal de B\u00e9dar. El avance del fuego cruz\u00f3 la calzada y convirti\u00f3 la v\u00eda en una ratonera, lo que impidi\u00f3 utilizar los autocares previstos para la evacuaci\u00f3n y oblig\u00f3 a desviar a gran parte de los afectados hacia Lubr\u00edn.<\/p>\n\n\n\n<p class=\"wp-block-paragraph\">Carreteras cortadas y origen bajo investigaci\u00f3n<\/p>\n\n\n\n<p class=\"wp-block-paragraph\">La emergencia mantiene cortada la N-340A en las inmediaciones del incendio. El cierre buscan garantizar la seguridad de los equipos de extinci\u00f3n y de emergencias en una comarca con la movilidad muy condicionada.<\/p>\n\n\n\n<p class=\"wp-block-paragraph\">La autov\u00eda A-7 hab\u00eda sido cortada entre los kil\u00f3metros 709 y 714 en sentido creciente, pero ya ha sido reabierta en la madrugada.<\/p>\n\n\n\n<p class=\"wp-block-paragraph\">El servicio Emergencias 112 Andaluc\u00eda ha gestionado m\u00e1s de 150 llamadas desde el inicio del incendio. Los primeros avisos situaban las llamas en el kil\u00f3metro 511 de la N-340A y varios alertantes indicaron que se hab\u00eda ca\u00eddo un cable antes de que comenzara un fuego que se extendi\u00f3 con rapidez hacia la masa forestal pr\u00f3xima a la carretera.<\/p>\n\n\n\n<p class=\"wp-block-paragraph\">La causa del incendio sigue sin determinarse oficialmente y deber\u00e1 aclararla la investigaci\u00f3n. El centro coordinador ha activado al Centro Operativo Provincial del Infoca, a los bomberos, la Guardia Civil, la Unidad de Polic\u00eda Nacional Adscrita a la comunidad aut\u00f3noma, el Grupo de Emergencias de Andaluc\u00eda y a la empresa suministradora de energ\u00eda.<\/p>\n\n\n\n<p class=\"wp-block-paragraph\">En la madrugada de este viernes, Emergencias 112 Andaluc\u00eda ha habilitado un tel\u00e9fono de asistencia para los familiares de los afectados por el incendio.<\/p>\n\n\n\n<p class=\"wp-block-paragraph\">El cambio de viento ha propiciado que el incendio de Los Gallardos (Almer\u00eda) est\u00e9 retornando al n\u00facleo poblacional, especialmente a la zona del barranco de Alfaix, donde se llevar\u00e1 a cabo el desalojo de los 250 vecinos que se encuentran en la zona.<\/p>\n\n\n\n<p class=\"wp-block-paragraph\">As\u00ed lo ha trasladado a los periodistas el alcalde de Los Gallardos (Almer\u00eda), Francisco Miguel Reyes Mart\u00edn, que ha indicado que tambi\u00e9n est\u00e1n pendientes de un hotel brit\u00e1nico que en temporada alta suele rondar los 400 o 500 turistas. El alcalde ha advertido de que la situaci\u00f3n parece estar dificult\u00e1ndose como consecuencia del cambio de aire y la compleja orograf\u00eda.<\/p>\n","protected":false},"excerpt":{"rendered":"<p>La r\u00e1pida propagaci\u00f3n del fuego atrap\u00f3 a varias personas en sus veh\u00edculos y forz\u00f3 la intervenci\u00f3n de la<\/p>\n","protected":false},"author":3,"featured_media":0,"comment_status":"open","ping_status":"open","sticky":false,"template":"","format":"standard","meta":{"footnotes":""},"categories":[1],"tags":[],"class_list":["post-117","post","type-post","status-publish","format-standard","hentry","category-sin-categoria"],"_links":{"self":[{"href":"https:\/\/www.gentedetrabajo.com.ar\/index.php?rest_route=\/wp\/v2\/posts\/117","targetHints":{"allow":["GET"]}}],"collection":[{"href":"https:\/\/www.gentedetrabajo.com.ar\/index.php?rest_route=\/wp\/v2\/posts"}],"about":[{"href":"https:\/\/www.gentedetrabajo.com.ar\/index.php?rest_route=\/wp\/v2\/types\/post"}],"author":[{"embeddable":true,"href":"https:\/\/www.gentedetrabajo.com.ar\/index.php?rest_route=\/wp\/v2\/users\/3"}],"replies":[{"embeddable":true,"href":"https:\/\/www.gentedetrabajo.com.ar\/index.php?rest_route=%2Fwp%2Fv2%2Fcomments&post=117"}],"version-history":[{"count":1,"href":"https:\/\/www.gentedetrabajo.com.ar\/index.php?rest_route=\/wp\/v2\/posts\/117\/revisions"}],"predecessor-version":[{"id":118,"href":"https:\/\/www.gentedetrabajo.com.ar\/index.php?rest_route=\/wp\/v2\/posts\/117\/revisions\/118"}],"wp:attachment":[{"href":"https:\/\/www.gentedetrabajo.com.ar\/index.php?rest_route=%2Fwp%2Fv2%2Fmedia&parent=117"}],"wp:term":[{"taxonomy":"category","embeddable":true,"href":"https:\/\/www.gentedetrabajo.com.ar\/index.php?rest_route=%2Fwp%2Fv2%2Fcategories&post=117"},{"taxonomy":"post_tag","embeddable":true,"href":"https:\/\/www.gentedetrabajo.com.ar\/index.php?rest_route=%2Fwp%2Fv2%2Ftags&post=117"}],"curies":[{"name":"wp","href":"https:\/\/api.w.org\/{rel}","templated":true}]}}