{"id":123,"date":"2026-07-10T12:15:42","date_gmt":"2026-07-10T15:15:42","guid":{"rendered":"https:\/\/www.gentedetrabajo.com.ar\/?p=123"},"modified":"2026-07-10T12:15:44","modified_gmt":"2026-07-10T15:15:44","slug":"anticiparon-mas-policias-en-el-operativo-de-seguridad-por-argentina-suiza-ante-posibles-festejos","status":"publish","type":"post","link":"https:\/\/www.gentedetrabajo.com.ar\/?p=123","title":{"rendered":"Anticiparon m\u00e1s polic\u00edas en el operativo de seguridad por Argentina-Suiza ante posibles festejos"},"content":{"rendered":"\n<p class=\"wp-block-paragraph\">Desplegar\u00e1n m\u00e1s de 300 polic\u00edas adicionales en el centro de Mendoza. El operativo de seguridad comenzar\u00e1 2 horas antes del partido<\/p>\n\n\n\n<figure class=\"wp-block-image\"><img decoding=\"async\" src=\"https:\/\/media.diariouno.com.ar\/p\/0940b3cd177eb103cd90b5858fc0d5b7\/adjuntos\/298\/imagenes\/009\/777\/0009777851\/1200x0\/smart\/festejos-la-peatonal5.jpg\" alt=\"El operativo de seguridad no estar\u00e1 concentrado solamente en el Km 0, sino en las zonas donde mendocinos y turistas se encuentran para ver el partido.\" title=\"El operativo de seguridad no estar\u00e1 concentrado solamente en el Km 0, sino en las zonas donde mendocinos y turistas se encuentran para ver el partido.\"\/><\/figure>\n\n\n\n<p class=\"wp-block-paragraph\">Para evitar desmanes post partido de la Selecci\u00f3n argentina versus Suiza, reforzaron el operativo de seguridad en el centro y puntos claves.<\/p>\n\n\n\n<p class=\"wp-block-paragraph\">Para evitar desmanes post partido de la Selecci\u00f3n argentina versus Suiza, reforzaron el operativo de seguridad en el centro y puntos claves.<\/p>\n\n\n\n<p class=\"wp-block-paragraph\">El Ministerio de Seguridad de la provincia anunci\u00f3 que desplegar\u00e1 un operativo especial de seguridad este s\u00e1bado por los posibles festejos por el partido entre la Selecci\u00f3n argentina y Suiza. El objetivo es prevenir incidentes en caso de una victoria de la albiceleste. Surge luego de los desmanes registrados tras el \u00faltimo encuentro contra Egipto.<\/p>\n\n\n\n<p class=\"wp-block-paragraph\">Las autoridades dispusieron un refuerzo preventivo de 300 polic\u00edas que se sumar\u00e1n al personal que cumple funciones habituales en su horario. El operativo abarcar\u00e1 no solo el microcentro mendocino, sino tambi\u00e9n distintos puntos de la provincia donde se espera una importante concentraci\u00f3n de personas por el partido.<\/p>\n\n\n\n<p class=\"wp-block-paragraph\">Los controles comenzar\u00e1n aproximadamente 2 horas antes del inicio del partido y se mantendr\u00e1n hasta que terminen los posibles festejos y la situaci\u00f3n vuelva a la normalidad.<br>Por los desmanes en los \u00faltimos festejos, organizaron un fuerte operativo de seguridad para evitar disturbios.<\/p>\n\n\n\n<p class=\"wp-block-paragraph\">Por los desmanes en los \u00faltimos festejos, organizaron un fuerte operativo de seguridad para evitar disturbios.<br>El operativo de seguridad abarcar\u00e1 los principales puntos de encuentro<\/p>\n\n\n\n<p class=\"wp-block-paragraph\">Adem\u00e1s de las calles del centro de la Ciudad de Mendoza, la Polic\u00eda reforzar\u00e1 la seguridad en sectores donde habitualmente se re\u00fanen mendocinos y turistas para seguir los partidos de la Selecci\u00f3n argentina en pantallas gigantes o televisores instalados por bares y restaurantes.<\/p>\n\n\n\n<figure class=\"wp-block-image\"><img decoding=\"async\" src=\"https:\/\/media.diariouno.com.ar\/p\/a1529021cfe1c45fe142938fefba4601\/adjuntos\/298\/imagenes\/009\/777\/0009777842\/1200x0\/smart\/festejos-la-peatonal3.jpg\" alt=\"Para evitar desmanes post partido de la Selecci\u00f3n argentina versus Suiza, reforzaron el operativo de seguridad en el centro y puntos claves.\" title=\"Para evitar desmanes post partido de la Selecci\u00f3n argentina versus Suiza, reforzaron el operativo de seguridad en el centro y puntos claves.\"\/><\/figure>\n\n\n\n<p class=\"wp-block-paragraph\">Entre los lugares donde habr\u00e1 mayor presencia policial se encuentran la calle Sarmiento, la calle Ar\u00edstides Villanueva y la avenida San Mart\u00edn, adem\u00e1s de otros corredores gastron\u00f3micos y espacios c\u00e9ntricos de los distintos departamentos de Mendoza.<\/p>\n\n\n\n<p class=\"wp-block-paragraph\">Tambi\u00e9n se dispondr\u00e1n efectivos en los radios c\u00e9ntricos departamentales, donde tradicionalmente se concentran los simpatizantes para ver los partidos y celebrar los resultados.<br>El operativo de seguridad no estar\u00e1 concentrado solamente en el Km 0, sino en las zonas donde mendocinos y turistas se encuentran para ver el partido.<\/p>\n\n\n\n<p class=\"wp-block-paragraph\">El operativo de seguridad no estar\u00e1 concentrado solamente en el Km 0, sino en las zonas donde mendocinos y turistas se encuentran para ver el partido.<\/p>\n\n\n\n<p class=\"wp-block-paragraph\">La decisi\u00f3n de reforzar la seguridad se tom\u00f3 tras los incidentes ocurridos luego del partido de la Selecci\u00f3n contra Egipto, cuando se registraron da\u00f1os en micros, bares, sem\u00e1foros y otros desmanes en el centro mendocino.<\/p>\n\n\n\n<p class=\"wp-block-paragraph\">Como consecuencia de esos hechos, el Gobierno de Mendoza suspendi\u00f3 el servicio de colectivos y los \u00faltimos colectivos saldr\u00e1n de los controles a las 21.30 por razones de seguridad, y el servicio se reanudar\u00e1 el domingo.<\/p>\n\n\n\n<p class=\"wp-block-paragraph\">El objetivo es resguardar a pasajeros, choferes y unidades ante eventuales disturbios durante los festejos.<\/p>\n","protected":false},"excerpt":{"rendered":"<p>Desplegar\u00e1n m\u00e1s de 300 polic\u00edas adicionales en el centro de Mendoza. El operativo de seguridad comenzar\u00e1 2 horas<\/p>\n","protected":false},"author":3,"featured_media":0,"comment_status":"open","ping_status":"open","sticky":false,"template":"","format":"standard","meta":{"footnotes":""},"categories":[1],"tags":[],"class_list":["post-123","post","type-post","status-publish","format-standard","hentry","category-sin-categoria"],"_links":{"self":[{"href":"https:\/\/www.gentedetrabajo.com.ar\/index.php?rest_route=\/wp\/v2\/posts\/123","targetHints":{"allow":["GET"]}}],"collection":[{"href":"https:\/\/www.gentedetrabajo.com.ar\/index.php?rest_route=\/wp\/v2\/posts"}],"about":[{"href":"https:\/\/www.gentedetrabajo.com.ar\/index.php?rest_route=\/wp\/v2\/types\/post"}],"author":[{"embeddable":true,"href":"https:\/\/www.gentedetrabajo.com.ar\/index.php?rest_route=\/wp\/v2\/users\/3"}],"replies":[{"embeddable":true,"href":"https:\/\/www.gentedetrabajo.com.ar\/index.php?rest_route=%2Fwp%2Fv2%2Fcomments&post=123"}],"version-history":[{"count":1,"href":"https:\/\/www.gentedetrabajo.com.ar\/index.php?rest_route=\/wp\/v2\/posts\/123\/revisions"}],"predecessor-version":[{"id":124,"href":"https:\/\/www.gentedetrabajo.com.ar\/index.php?rest_route=\/wp\/v2\/posts\/123\/revisions\/124"}],"wp:attachment":[{"href":"https:\/\/www.gentedetrabajo.com.ar\/index.php?rest_route=%2Fwp%2Fv2%2Fmedia&parent=123"}],"wp:term":[{"taxonomy":"category","embeddable":true,"href":"https:\/\/www.gentedetrabajo.com.ar\/index.php?rest_route=%2Fwp%2Fv2%2Fcategories&post=123"},{"taxonomy":"post_tag","embeddable":true,"href":"https:\/\/www.gentedetrabajo.com.ar\/index.php?rest_route=%2Fwp%2Fv2%2Ftags&post=123"}],"curies":[{"name":"wp","href":"https:\/\/api.w.org\/{rel}","templated":true}]}}