{"id":127,"date":"2026-07-10T12:39:25","date_gmt":"2026-07-10T15:39:25","guid":{"rendered":"https:\/\/www.gentedetrabajo.com.ar\/?p=127"},"modified":"2026-07-10T12:39:27","modified_gmt":"2026-07-10T15:39:27","slug":"kylian-mbappeaqui-no-hay-lugar-para-sentimientos","status":"publish","type":"post","link":"https:\/\/www.gentedetrabajo.com.ar\/?p=127","title":{"rendered":"Kylian Mbapp\u00e9:\u201cAqu\u00ed no hay lugar para sentimientos\u201d"},"content":{"rendered":"\n<p class=\"wp-block-paragraph\">Cuando le consultaron por el dolor que sufri\u00f3 su amigo Hakimi ante la eliminaci\u00f3n del Mundial, el capit\u00e1n galo lanz\u00f3 una impresionante reflexi\u00f3n<\/p>\n\n\n\n<figure class=\"wp-block-image\"><img decoding=\"async\" src=\"https:\/\/media.diariouno.com.ar\/p\/817162f455eb9bc65fc6666ac3b17a27\/adjuntos\/298\/imagenes\/009\/779\/0009779135\/1200x0\/smart\/mbappe-francia1.jpg\" alt=\"Kylian Mbapp\u00e9 festeja con Dou\u00e9 y con los jugadores de Francia el pasaje a la semifinal del Mundial.\" title=\"Kylian Mbapp\u00e9 festeja con Dou\u00e9 y con los jugadores de Francia el pasaje a la semifinal del Mundial.\"\/><\/figure>\n\n\n\n<p class=\"wp-block-paragraph\">Una vez m\u00e1s, Kylian Mbapp\u00e9 est\u00e1 explotando todo su potencial en una Copa del Mundo y tendr\u00e1 la chance de jugar la tercera final consecutiva en su tercera presentaci\u00f3n en este tipo de citas. Luego de la victoria 2-0 sobre Marruecos que clasific\u00f3 al seleccionado franc\u00e9s a la semi, el capit\u00e1n del equipo fue consultado por sus sentimientos ante el dolor que sufri\u00f3 su amigo marroqu\u00ed Achraf Hakimi por esta eliminaci\u00f3n. Y Kiki no anduvo con vueltas\u2026<\/p>\n\n\n\n<p class=\"wp-block-paragraph\">\u201c\u00bfEs duro ver a Achraf triste al final del partido?\u201c, le pregunt\u00f3 la cronista de la cadena beIN Sport desde el campo de juego. En caliente, el delantero de 27 a\u00f1os no anduvo con rodeos y fue tajante: \u201cNo\u2026 Ser\u00e1 m\u00e1s duro cuando lo vuelva a ver en el vestuario porque volvemos a ser humanos, volvemos a ser amigos. Pero aqu\u00ed no, aqu\u00ed no hay emociones\u201d.<\/p>\n\n\n\n<p class=\"wp-block-paragraph\">\u201cEst\u00e1bamos ah\u00ed para ganar. \u00c9l tambi\u00e9n estaba ah\u00ed para ganar. Pero est\u00e1 claro que cuando lo vuelva a ver en el vestuario, me afectar\u00e1, porque es un amigo muy cercano. Pero aqu\u00ed no hay lugar para los sentimientos\u201d, insisti\u00f3.<br>La cr\u00edtica de Deschamps al arbitraje argentino por el penal fallado por Mbapp\u00e9: la inesperada coincidencia con Haaland<br>El v\u00ednculo de estrecha amistad entre el lateral marroqu\u00ed de 27 a\u00f1os y Mbapp\u00e9 se inici\u00f3 en 2021 cuando se encontraron compartiendo plantel en el Par\u00eds Saint Germain. Ambos hablaban el idioma espa\u00f1ol y eso los acerc\u00f3 hasta reforzar la relaci\u00f3n. Luego de eliminarlo en semifinales de Qatar 2022, Kiki le dedic\u00f3 un emotivo posteo reconociendo la gesta hist\u00f3rica que Hakimi y su selecci\u00f3n hab\u00edan realizado. \u00bfEl detalle? Compartieron incluso vacaciones en 2023, d\u00edas despu\u00e9s de la derrota francesa en la final del Mundial 2022.<\/p>\n\n\n\n<figure class=\"wp-block-image\"><img decoding=\"async\" src=\"https:\/\/media.diariouno.com.ar\/p\/251aa7cc55c84f88b1b629389e06d320\/adjuntos\/298\/imagenes\/009\/779\/0009779110\/1200x0\/smart\/mbappe-francia-marruecos.jpg\" alt=\"Mbapp\u00e9 disputa la pelota con El Khanouss. Francia es semifinalista.\" title=\"Mbapp\u00e9 disputa la pelota con El Khanouss. Francia es semifinalista.\"\/><\/figure>\n\n\n\n<p class=\"wp-block-paragraph\">Luego de fallar un penal pero redimirse abriendo el marcador con una verdadera gema, el m\u00e1ximo goleador del actual Mundial (8 tantos) junto con Lionel Messi fue reemplazado y se lo vio con hielo en el tobillo. \u201cEstoy bien, me he dado un golpe en el tobillo, pero estoy bien. JP (Mateta) estaba en mejores condiciones que yo para jugar los \u00faltimos quince minutos\u201d, sentenci\u00f3. \u201cKylian tuvo un peque\u00f1o problema en el tobillo, sent\u00eda algo de dolor\u201d, se sum\u00f3 el entrenador Didier Deschamps.<\/p>\n\n\n\n<p class=\"wp-block-paragraph\">Mbapp\u00e9, que no tiene en los planes perderse la semifinal del martes pr\u00f3ximo ante el ganador de B\u00e9lgica-Espa\u00f1a, aclar\u00f3: \u201cSomos conscientes de que solo hay una forma de relajarnos, y es ganando. Estamos en semifinales, estamos muy contentos, pero a\u00fan queda un largo camino por recorrer. Somos conscientes de que lo que nos espera es a\u00fan m\u00e1s duro de lo que hemos pasado, pero estamos preparados para afrontarlo todo; vamos a recuperarnos con calma y a ver el partido de ma\u00f1ana (viernes) para saber a qui\u00e9n nos vamos a enfrentar\u201d.<\/p>\n\n\n\n<p class=\"wp-block-paragraph\">A la hora de responder si este era el equipo franc\u00e9s \u201cm\u00e1s fuerte\u201d en el que hab\u00eda jugado, fue tajante: \u201cNo s\u00e9 si es el m\u00e1s fuerte. Yo fui campe\u00f3n del mundo y subcampe\u00f3n, y este equipo a\u00fan no lo ha logrado. Sin embargo, sin duda es el que tiene m\u00e1s potencial. Con el que podemos imaginar un futuro. Hay mucha calidad en este equipo; nos permite so\u00f1ar. Pero, hasta que se demuestre lo contrario, todav\u00eda no ha ganado nada. Siempre he dicho que los equipos m\u00e1s fuertes son los que ganan trofeos. Ese no es el caso de este todav\u00eda, as\u00ed que no, no es el m\u00e1s fuerte\u201d.<\/p>\n\n\n\n<figure class=\"wp-block-image\"><img decoding=\"async\" src=\"https:\/\/media.diariouno.com.ar\/p\/9c8b0b2e900f60b48329816bab8e827e\/adjuntos\/298\/imagenes\/009\/779\/0009779116\/1200x0\/smart\/mbappe-francia.jpg\" alt=\"Kylian Mbapp\u00e9 marc\u00f3 uno de los goles del triunfo de Francia sobre Marruecos.\" title=\"Kylian Mbapp\u00e9 marc\u00f3 uno de los goles del triunfo de Francia sobre Marruecos.\"\/><\/figure>\n\n\n\n<p class=\"wp-block-paragraph\">El partido tuvo el arbitraje del argentino Facundo Tello, quien sancion\u00f3 un penal que luego fall\u00f3 el atacante de 27 a\u00f1os. \u201cFue complicado porque hubo una confusi\u00f3n. El \u00e1rbitro me dijo que hab\u00eda penal. As\u00ed que le pregunto si la revisi\u00f3n (VAR) hab\u00eda terminado, y me dijo que s\u00ed. A partir de ese momento, hicimos la transici\u00f3n con Ousmane (Demb\u00e9l\u00e9) que me pas\u00f3 el bal\u00f3n. Luego se acerc\u00f3 a m\u00ed, cuando ya estoy concentrado, para decirme que no hab\u00eda penal. No sab\u00eda qu\u00e9 pensar. Volv\u00ed a tomar el bal\u00f3n con las manos y lo volv\u00ed a dejar en el suelo, y me dice: \u2018Espera, hay una jugada de hace dos minutos que hay que revisar\u2019\u201d, afirm\u00f3 seg\u00fan replic\u00f3 el medio franc\u00e9s RMC.<\/p>\n\n\n\n<p class=\"wp-block-paragraph\">\u201cPero bueno, as\u00ed son las cosas. Me dej\u00e9 desconcentrar. Es cierto que he ensayado muchas situaciones sobre c\u00f3mo concentrarme en un penal, pero esa situaci\u00f3n a\u00fan no se me hab\u00eda presentado. Es una situaci\u00f3n que habr\u00e1 que tener en cuenta porque el \u00e1rbitro puede decirte que hay penal, pero puede decirte dos minutos despu\u00e9s que no lo hay. No s\u00e9 cu\u00e1nto tiempo dur\u00f3. Forma parte del nuevo f\u00fatbol. Es el nuevo f\u00fatbol con el VAR, hay que adaptarse\u201c, reflexion\u00f3.<\/p>\n\n\n\n<p class=\"wp-block-paragraph\">En la conferencia de prensa posterior al partido, el entrenador Deschamps tambi\u00e9n expres\u00f3 su disconformidad sobre este procedimiento: \u201cEstoy de acuerdo con Haaland (que dijo que se hizo demasiado largo). Hubo una revisi\u00f3n del VAR. Tard\u00f3 casi dos minutos. Tengo esa duda. Se ha alargado mucho, Kylian ya estaba listo para lanzar. No le busco excusas, pero es una situaci\u00f3n complicada. Hay que adaptarse, pero eso puede generar un poco de nerviosismo, aunque no demasiado. Lo importante a\u00fan estaba por hacer\u201d, sentenci\u00f3 seg\u00fan detall\u00f3 el diario Le Figaro<\/p>\n","protected":false},"excerpt":{"rendered":"<p>Cuando le consultaron por el dolor que sufri\u00f3 su amigo Hakimi ante la eliminaci\u00f3n del Mundial, el capit\u00e1n<\/p>\n","protected":false},"author":3,"featured_media":0,"comment_status":"open","ping_status":"open","sticky":false,"template":"","format":"standard","meta":{"footnotes":""},"categories":[5],"tags":[],"class_list":["post-127","post","type-post","status-publish","format-standard","hentry","category-deportes"],"_links":{"self":[{"href":"https:\/\/www.gentedetrabajo.com.ar\/index.php?rest_route=\/wp\/v2\/posts\/127","targetHints":{"allow":["GET"]}}],"collection":[{"href":"https:\/\/www.gentedetrabajo.com.ar\/index.php?rest_route=\/wp\/v2\/posts"}],"about":[{"href":"https:\/\/www.gentedetrabajo.com.ar\/index.php?rest_route=\/wp\/v2\/types\/post"}],"author":[{"embeddable":true,"href":"https:\/\/www.gentedetrabajo.com.ar\/index.php?rest_route=\/wp\/v2\/users\/3"}],"replies":[{"embeddable":true,"href":"https:\/\/www.gentedetrabajo.com.ar\/index.php?rest_route=%2Fwp%2Fv2%2Fcomments&post=127"}],"version-history":[{"count":1,"href":"https:\/\/www.gentedetrabajo.com.ar\/index.php?rest_route=\/wp\/v2\/posts\/127\/revisions"}],"predecessor-version":[{"id":128,"href":"https:\/\/www.gentedetrabajo.com.ar\/index.php?rest_route=\/wp\/v2\/posts\/127\/revisions\/128"}],"wp:attachment":[{"href":"https:\/\/www.gentedetrabajo.com.ar\/index.php?rest_route=%2Fwp%2Fv2%2Fmedia&parent=127"}],"wp:term":[{"taxonomy":"category","embeddable":true,"href":"https:\/\/www.gentedetrabajo.com.ar\/index.php?rest_route=%2Fwp%2Fv2%2Fcategories&post=127"},{"taxonomy":"post_tag","embeddable":true,"href":"https:\/\/www.gentedetrabajo.com.ar\/index.php?rest_route=%2Fwp%2Fv2%2Ftags&post=127"}],"curies":[{"name":"wp","href":"https:\/\/api.w.org\/{rel}","templated":true}]}}