{"id":131,"date":"2026-07-16T10:47:11","date_gmt":"2026-07-16T13:47:11","guid":{"rendered":"https:\/\/www.gentedetrabajo.com.ar\/?p=131"},"modified":"2026-07-16T10:47:12","modified_gmt":"2026-07-16T13:47:12","slug":"las-malvinas-son-argentinas-y-la-sancion-a-la-que-se-enfrenta-la-afa","status":"publish","type":"post","link":"https:\/\/www.gentedetrabajo.com.ar\/?p=131","title":{"rendered":"&#8220;Las Malvinas son Argentinas&#8221; y la sanci\u00f3n a la que se enfrenta la AFA"},"content":{"rendered":"\n<p class=\"wp-block-paragraph\">La FIFA advirti\u00f3 y la Selecci\u00f3n celebr\u00f3, por lo que la AFA qued\u00f3 bajo la lupa del comit\u00e9 disciplinario y se expone a severos castigos por la bandera de Malvinas<\/p>\n\n\n\n<figure class=\"wp-block-image\"><img decoding=\"async\" src=\"https:\/\/media.diariouno.com.ar\/p\/d19baca960471a25154fdc1de4923abb\/adjuntos\/298\/imagenes\/009\/782\/0009782533\/1200x0\/smart\/las-malvinas-son-argentinas-seleccion-argentina.jpg\" alt=\"En la celebraci\u00f3n apareci\u00f3 una bandera que r\u00e1pidamente fue abrazada por la Selecci\u00f3n.\" title=\"En la celebraci\u00f3n apareci\u00f3 una bandera que r\u00e1pidamente fue abrazada por la Selecci\u00f3n.\"\/><\/figure>\n\n\n\n<p class=\"wp-block-paragraph\">En la celebraci\u00f3n apareci\u00f3 una bandera que r\u00e1pidamente fue abrazada por la Selecci\u00f3n.<\/p>\n\n\n\n<p class=\"wp-block-paragraph\">La tensi\u00f3n del trascendental duelo entre la Selecci\u00f3n argentina y el conjunto brit\u00e1nico no concluy\u00f3 con el pitazo final. La aparici\u00f3n de una bandera con la leyenda &#8220;Las Malvinas son Argentinas&#8221; dentro del campo de juego desencaden\u00f3 una inminente evaluaci\u00f3n por parte de las autoridades de la FIFA.<\/p>\n\n\n\n<p class=\"wp-block-paragraph\">Ahora la atenci\u00f3n &#8211; y la tensi\u00f3n &#8211; del Mundial se traslad\u00f3 del c\u00e9sped a las oficinas del ente del f\u00fatbol global. El comit\u00e9 disciplinario encargado de velar por el cumplimiento de las normas de conducta analiza los informes elaborados por los veedores oficiales, una situaci\u00f3n que encendi\u00f3 las alarmas en la AFA a pocos d\u00edas de las instancias decisivas del campeonato.<\/p>\n\n\n\n<p class=\"wp-block-paragraph\">&#8220;Las Malvinas son Argentinas&#8221;: la bandera con la que celebr\u00f3 la Selecci\u00f3n frente a Inglaterra.<br>Las posibles multas y castigos disciplinarios que eval\u00faa la FIFA por Malvinas<\/p>\n\n\n\n<figure class=\"wp-block-image\"><img decoding=\"async\" src=\"https:\/\/media.diariouno.com.ar\/p\/cc93b0a2d4123a05b39143a83e3cfddf\/adjuntos\/298\/imagenes\/009\/782\/0009782532\/1200x0\/smart\/las-malvinas-son-argentinas-lo-celso.jpg\" alt=\"&quot;Las Malvinas son Argentinas&quot;: la bandera con la que celebr&oacute; la Selecci&oacute;n frente a Inglaterra.\" title=\"&quot;Las Malvinas son Argentinas&quot;: la bandera con la que celebr&oacute; la Selecci&oacute;n frente a Inglaterra.\"\/><\/figure>\n\n\n\n<p class=\"wp-block-paragraph\">La reglamentaci\u00f3n de la FIFA proh\u00edbe terminantemente cualquier manifestaci\u00f3n que pueda interpretarse como un agravio o reclamo contra otra de las naciones competidoras. El texto del estatuto veda el acceso de &#8220;Cualquier material, incluyendo pero no limitado a pancartas, banderas, volantes, prendas de vestir y otros art\u00edculos relacionados, que sean de naturaleza pol\u00edtica, ofensiva y\/o discriminatoria, que contengan palabras, s\u00edmbolos o cualquier otro atributo dirigido a la discriminaci\u00f3n de cualquier tipo contra un pa\u00eds\u2026&#8221;.<\/p>\n\n\n\n<p class=\"wp-block-paragraph\">En esta primera instancia de evaluaci\u00f3n, el escenario m\u00e1s probable para la AFA consiste en la aplicaci\u00f3n de severas &#8220;multas econ\u00f3micas&#8221;, un mecanismo de castigo habitual que el ente rector utiliza para sancionar administrativamente a las asociaciones que no logran contener la conducta de sus parcialidades.<\/p>\n\n\n\n<p class=\"wp-block-paragraph\">M\u00e1s all\u00e1 del impacto monetario que estas penalizaciones representan para las arcas de la calle Viamonte, el reglamento disciplinario tambi\u00e9n prev\u00e9 advertencias de mayor gravedad para casos de reincidencia o desacato expl\u00edcito.<\/p>\n\n\n\n<p class=\"wp-block-paragraph\">Entre las opciones que barajan los directores del comit\u00e9 se encuentra el apercibimiento formal y la amenaza de aplicar restricciones parciales al ingreso de p\u00fablico o la prohibici\u00f3n de portar ciertos elementos de animaci\u00f3n en los compromisos venideros de la escuadra nacional.<br>El r\u00edgido C\u00f3digo de Conducta de la FIFA y los antecedentes de la AFA<\/p>\n\n\n\n<p class=\"wp-block-paragraph\">Esta no es la primera ocasi\u00f3n en que el seleccionado nacional se ve envuelto en este tipo de expedientes administrativos por reivindicaciones de identidad nacional en el marco de la Copa del Mundo.<\/p>\n\n\n\n<p class=\"wp-block-paragraph\">El antecedente hist\u00f3rico m\u00e1s directo sobre este tipo de controversias con consecuencias para la AFA se remonta al 7 de junio de 2014, previo a la Copa del Mundo de Brasil, donde en un encuentro preparatorio disputado contra el seleccionado de Eslovenia en la ciudad de La Plata, el plantel conducido t\u00e1cticamente por Alejandro Sabella decidi\u00f3 retratarse antes del pitazo inicial sosteniendo un lienzo con una fuerte proclama de soberan\u00eda patria que llevaba la frase &#8220;Las Malvinas son Argentinas&#8221;.<\/p>\n\n\n\n<p class=\"wp-block-paragraph\">Esta acci\u00f3n motiv\u00f3 la inmediata intervenci\u00f3n de la FIFA que resolvi\u00f3 abrir un expediente disciplinario contra la federaci\u00f3n de nuestro pa\u00eds. La resoluci\u00f3n del conflicto determin\u00f3 un castigo de car\u00e1cter estrictamente financiero, obligando a la Asociaci\u00f3n del F\u00fatbol Argentino a abonar una multa de 30.000 francos suizos, aunque el dictamen final eximi\u00f3 de cualquier tipo de sanci\u00f3n deportiva a los futbolistas que participaron del reclamo.<\/p>\n","protected":false},"excerpt":{"rendered":"<p>La FIFA advirti\u00f3 y la Selecci\u00f3n celebr\u00f3, por lo que la AFA qued\u00f3 bajo la lupa del comit\u00e9<\/p>\n","protected":false},"author":3,"featured_media":0,"comment_status":"open","ping_status":"open","sticky":false,"template":"","format":"standard","meta":{"footnotes":""},"categories":[5],"tags":[],"class_list":["post-131","post","type-post","status-publish","format-standard","hentry","category-deportes"],"_links":{"self":[{"href":"https:\/\/www.gentedetrabajo.com.ar\/index.php?rest_route=\/wp\/v2\/posts\/131","targetHints":{"allow":["GET"]}}],"collection":[{"href":"https:\/\/www.gentedetrabajo.com.ar\/index.php?rest_route=\/wp\/v2\/posts"}],"about":[{"href":"https:\/\/www.gentedetrabajo.com.ar\/index.php?rest_route=\/wp\/v2\/types\/post"}],"author":[{"embeddable":true,"href":"https:\/\/www.gentedetrabajo.com.ar\/index.php?rest_route=\/wp\/v2\/users\/3"}],"replies":[{"embeddable":true,"href":"https:\/\/www.gentedetrabajo.com.ar\/index.php?rest_route=%2Fwp%2Fv2%2Fcomments&post=131"}],"version-history":[{"count":1,"href":"https:\/\/www.gentedetrabajo.com.ar\/index.php?rest_route=\/wp\/v2\/posts\/131\/revisions"}],"predecessor-version":[{"id":132,"href":"https:\/\/www.gentedetrabajo.com.ar\/index.php?rest_route=\/wp\/v2\/posts\/131\/revisions\/132"}],"wp:attachment":[{"href":"https:\/\/www.gentedetrabajo.com.ar\/index.php?rest_route=%2Fwp%2Fv2%2Fmedia&parent=131"}],"wp:term":[{"taxonomy":"category","embeddable":true,"href":"https:\/\/www.gentedetrabajo.com.ar\/index.php?rest_route=%2Fwp%2Fv2%2Fcategories&post=131"},{"taxonomy":"post_tag","embeddable":true,"href":"https:\/\/www.gentedetrabajo.com.ar\/index.php?rest_route=%2Fwp%2Fv2%2Ftags&post=131"}],"curies":[{"name":"wp","href":"https:\/\/api.w.org\/{rel}","templated":true}]}}