{"id":137,"date":"2026-07-16T11:15:40","date_gmt":"2026-07-16T14:15:40","guid":{"rendered":"https:\/\/www.gentedetrabajo.com.ar\/?p=137"},"modified":"2026-07-16T11:15:41","modified_gmt":"2026-07-16T14:15:41","slug":"milei-y-funcionarios-celebraron-el-triunfo-de-la-seleccion-argentina-ante-inglaterra-en-el-mundial","status":"publish","type":"post","link":"https:\/\/www.gentedetrabajo.com.ar\/?p=137","title":{"rendered":"Milei y funcionarios celebraron el triunfo de la Selecci\u00f3n argentina ante Inglaterra en el Mundial"},"content":{"rendered":"\n<p class=\"wp-block-paragraph\">El Presidente public\u00f3 un euf\u00f3rico posteo en X tras la victoria de la Selecci\u00f3n argentina. Patricia Bullrich, Victoria Villarruel y la Oficina del Presidente tambi\u00e9n se sumaron a los festejos<\/p>\n\n\n\n<figure class=\"wp-block-image\"><img decoding=\"async\" src=\"https:\/\/media.diariouno.com.ar\/p\/19004bd5e164a080712562526aebabad\/adjuntos\/298\/imagenes\/009\/647\/0009647538\/1200x0\/smart\/javier-milei-festejo-elecciones-resultados.jpg\" alt=\"El presidente Javier Milei y sus funcionarios festejaron el triunfo de la Selecci\u00f3n argentina.\" title=\"El presidente Javier Milei y sus funcionarios festejaron el triunfo de la Selecci\u00f3n argentina.\"\/><\/figure>\n\n\n\n<p class=\"wp-block-paragraph\">El presidente Javier Milei celebr\u00f3 la clasificaci\u00f3n de la Selecci\u00f3n argentina a la final del Mundial 2026 con un sugestivo mensaje en su cuenta de X apenas termin\u00f3 el triunfo por 2 a 1 frente a Inglaterra. &#8220;VAMOS ARGENTINA CARAJO\u2026!!! LRPMQLRCRMP\u2026&#8221;, escribi\u00f3 el mandatario.<\/p>\n\n\n\n<figure class=\"wp-block-image\"><img decoding=\"async\" src=\"https:\/\/media.diariouno.com.ar\/p\/5a8ad9b687fdaba3c2b93291cbcdc563\/adjuntos\/298\/imagenes\/009\/782\/0009782179\/1200x0\/smart\/milei-posteo-post-victoria-argentina-inglaterra-mundial.avif\" alt=\"\" title=\"\"\/><\/figure>\n\n\n\n<p class=\"wp-block-paragraph\">La victoria del equipo de Lionel Scaloni tambi\u00e9n fue celebrada por otros referentes del Gobierno nacional. La ministra de Seguridad, Patricia Bullrich, public\u00f3: &#8220;LIONEL MESSI Y ESTE EQUIPO DE LOCOS NOS LLEVARON POR TERCERA VEZ A LA FINAL DEL MUNDO. LOS ARGENTINOS ESTAMOS LOCOS&#8221;.<\/p>\n\n\n\n<p class=\"wp-block-paragraph\">En tanto, la cuenta oficial de la Oficina del Presidente expres\u00f3: &#8220;La Oficina del Presidente de la Rep\u00fablica Argentina informa que la Selecci\u00f3n argentina es finalista de la Copa Mundial de Futbol 2026&#8221;.<\/p>\n\n\n\n<p class=\"wp-block-paragraph\">La vicepresidenta Victoria Villarruel tambi\u00e9n se sum\u00f3 a los festejos luego del partido. &#8220;\u00a1Argentina finalista del mundo! Gracias Enzo, Gracias Lautaro, Gracias Selecci\u00f3n argentina por darnos una alegr\u00eda m\u00e1s! \u00a1No era un partido m\u00e1s!&#8221;, escribi\u00f3 la titular del Senado.<\/p>\n\n\n\n<p class=\"wp-block-paragraph\">El ministro de Salud Mario Lugones expuso en X &#8220;\u00a1\u00a1Aguante coraz\u00f3n, aguante!! \u00a1\u00a1\u00a1Vamos Argentina!!!&#8221;.<br>Pol\u00edticos festejaron el triunfo<\/p>\n\n\n\n<p class=\"wp-block-paragraph\">\u201cVamos Argentina!! Las Malvinas son Argentinas!!\u201d, enfatiz\u00f3 la legisladora mendocina, quien tambi\u00e9n recurri\u00f3 a la memoria de lo ocurrido en las Islas Malvinas.<\/p>\n\n\n\n<p class=\"wp-block-paragraph\">La Selecci\u00f3n argentina volvi\u00f3 a demostrar por qu\u00e9 es el campe\u00f3n del mundo. En una semifinal cargada de tensi\u00f3n disputada en el Mercedes-Benz Stadium de Atlanta, el equipo de Lionel Scaloni reaccion\u00f3 cuando estaba contra las cuerdas, derrot\u00f3 2 a 1 a Inglaterra y sell\u00f3 su clasificaci\u00f3n a la final del Mundial 2026, donde buscar\u00e1 el bicampeonato frente a Espa\u00f1a.<\/p>\n\n\n\n<p class=\"wp-block-paragraph\">El conjunto ingl\u00e9s se hab\u00eda adelantado a los 10 minutos del segundo tiempo con un gol de Anthony Gordon y parec\u00eda complicar el sue\u00f1o argentino.<br>La Selecci\u00f3n argentina jugar\u00e1 la final del Mundial 2026 contra Espa\u00f1a.<\/p>\n\n\n\n<p class=\"wp-block-paragraph\">La Selecci\u00f3n argentina jugar\u00e1 la final del Mundial 2026 contra Espa\u00f1a.<\/p>\n\n\n\n<p class=\"wp-block-paragraph\">Sin embargo, la Albiceleste volvi\u00f3 a mostrar su personalidad en el tramo decisivo del encuentro: Enzo Fern\u00e1ndez empat\u00f3 a los 39 minutos del complemento y, cuando el partido se encaminaba al alargue, Lautaro Mart\u00ednez apareci\u00f3 a los 47 para marcar el gol de la victoria y desatar el festejo de millones de argentinos.<\/p>\n\n\n\n<p class=\"wp-block-paragraph\">El pr\u00f3ximo domingo, desde las 16, la Selecci\u00f3n buscar\u00e1 un nuevo t\u00edtulo mundial ante Espa\u00f1a en el MetLife Stadium de Nueva Jersey.<\/p>\n","protected":false},"excerpt":{"rendered":"<p>El Presidente public\u00f3 un euf\u00f3rico posteo en X tras la victoria de la Selecci\u00f3n argentina. Patricia Bullrich, Victoria<\/p>\n","protected":false},"author":3,"featured_media":0,"comment_status":"open","ping_status":"open","sticky":false,"template":"","format":"standard","meta":{"footnotes":""},"categories":[6],"tags":[],"class_list":["post-137","post","type-post","status-publish","format-standard","hentry","category-politica"],"_links":{"self":[{"href":"https:\/\/www.gentedetrabajo.com.ar\/index.php?rest_route=\/wp\/v2\/posts\/137","targetHints":{"allow":["GET"]}}],"collection":[{"href":"https:\/\/www.gentedetrabajo.com.ar\/index.php?rest_route=\/wp\/v2\/posts"}],"about":[{"href":"https:\/\/www.gentedetrabajo.com.ar\/index.php?rest_route=\/wp\/v2\/types\/post"}],"author":[{"embeddable":true,"href":"https:\/\/www.gentedetrabajo.com.ar\/index.php?rest_route=\/wp\/v2\/users\/3"}],"replies":[{"embeddable":true,"href":"https:\/\/www.gentedetrabajo.com.ar\/index.php?rest_route=%2Fwp%2Fv2%2Fcomments&post=137"}],"version-history":[{"count":1,"href":"https:\/\/www.gentedetrabajo.com.ar\/index.php?rest_route=\/wp\/v2\/posts\/137\/revisions"}],"predecessor-version":[{"id":138,"href":"https:\/\/www.gentedetrabajo.com.ar\/index.php?rest_route=\/wp\/v2\/posts\/137\/revisions\/138"}],"wp:attachment":[{"href":"https:\/\/www.gentedetrabajo.com.ar\/index.php?rest_route=%2Fwp%2Fv2%2Fmedia&parent=137"}],"wp:term":[{"taxonomy":"category","embeddable":true,"href":"https:\/\/www.gentedetrabajo.com.ar\/index.php?rest_route=%2Fwp%2Fv2%2Fcategories&post=137"},{"taxonomy":"post_tag","embeddable":true,"href":"https:\/\/www.gentedetrabajo.com.ar\/index.php?rest_route=%2Fwp%2Fv2%2Ftags&post=137"}],"curies":[{"name":"wp","href":"https:\/\/api.w.org\/{rel}","templated":true}]}}