{"id":139,"date":"2026-07-16T11:23:14","date_gmt":"2026-07-16T14:23:14","guid":{"rendered":"https:\/\/www.gentedetrabajo.com.ar\/?p=139"},"modified":"2026-07-16T11:23:15","modified_gmt":"2026-07-16T14:23:15","slug":"el-giro-que-milei-le-dio-a-arsat-en-plena-tormenta-judicial-por-la-trama-de-los-mendocinos","status":"publish","type":"post","link":"https:\/\/www.gentedetrabajo.com.ar\/?p=139","title":{"rendered":"El giro que Milei le dio a ARSAT en plena tormenta judicial por la trama de los mendocinos"},"content":{"rendered":"\n<p class=\"wp-block-paragraph\">En medio de las indagatorias a los investigados por corrupci\u00f3n en ARSAT, Milei sac\u00f3 la empresa estatal de la \u00f3rbita de un caputista para d\u00e1rsela a Santilli<\/p>\n\n\n\n<figure class=\"wp-block-image\"><img decoding=\"async\" src=\"https:\/\/media.diariouno.com.ar\/p\/bc1203ba4a6e9dc9cd2c78faf007a626\/adjuntos\/298\/imagenes\/009\/781\/0009781891\/1200x0\/smart\/diego-santilli-javier-milei-arsat.jpg\" alt=\"El ARSAT ahora qued\u00f3 bajo la \u00f3rbita de la Jefatura de Diego Santilli.\" title=\"El ARSAT ahora qued\u00f3 bajo la \u00f3rbita de la Jefatura de Diego Santilli.\"\/><\/figure>\n\n\n\n<p class=\"wp-block-paragraph\">El presidente Javier Milei dispuso una reestructuraci\u00f3n profunda de la Administraci\u00f3n P\u00fablica que incluye el traspaso de \u00e1reas sensibles como ARSAT \u2013hoy bajo la lupa de la Justicia por el caso de corrupci\u00f3n que involucra a 3 mendocinos- a la \u00f3rbita de la Jefatura de Gabinete que qued\u00f3 en manos de Diego Santilli, el dirigente PRO recientemente incorporado al gobierno.<\/p>\n\n\n\n<p class=\"wp-block-paragraph\">Los cambios sacudieron la interna pol\u00edtica nacional dado que tanto ARSAT como otros organismos traspasados, como el Enacom y el Correo Argentino, estaban hasta ahora bajo el ala de la Secretar\u00eda de Innovaci\u00f3n, Ciencia y Tecnolog\u00eda, conducida por Dar\u00edo Genua, un hombre del entorno del asesor presidencial Santiago Caputo \u2013en tironeos con Karina Milei, Eduardo y Mart\u00edn Menem-.<\/p>\n\n\n\n<figure class=\"wp-block-image\"><img decoding=\"async\" src=\"https:\/\/media.diariouno.com.ar\/p\/86b065e0b474bbaecb7f4e45fb0322a3\/adjuntos\/298\/imagenes\/009\/774\/0009774126\/1200x0\/smart\/arsat.jpg\" alt=\"\" title=\"\"\/><\/figure>\n\n\n\n<p class=\"wp-block-paragraph\">Con el decreto 581\/2026 publicado en el Bolet\u00edn Oficial, los tres organismos se ubican dentro de la Jefatura de Gabinete, hoy en manos de hombres del PRO.<br>Reorganizaci\u00f3n de ARSAT en medio del esc\u00e1ndalo judicial<\/p>\n\n\n\n<p class=\"wp-block-paragraph\">ARSAT, puntualmente, figura entre las Empresas y Entes del Sector P\u00fablico Nacional que depender\u00e1n de la Vicejefatura de Gabinete del Interior, donde fue nombrado Gustavo Coria; un cordob\u00e9s que tambi\u00e9n se ocupar\u00e1 de la relaci\u00f3n de Naci\u00f3n con las provincias y el reparto de los Aportes del Tesoro Nacional (ATN).<\/p>\n\n\n\n<p class=\"wp-block-paragraph\">A pesar de este cambio, Mariano Greco se mantiene -al menos por ahora- en la presidencia de ARSAT. Si bien tiene origen en el peronismo, habr\u00eda llegado al organismo con la venia de Caputo.<\/p>\n\n\n\n<p class=\"wp-block-paragraph\">El manejo de la empresa estatal de sat\u00e9lites y telecomunicaciones est\u00e1 hoy en mira de la Justicia a ra\u00edz de sospechas sobre posibles contrataciones ama\u00f1adas y cobro de coimas por parte de funcionarios de la gesti\u00f3n anterior a la de Greco, entre los que se encuentran los mendocinos Facundo Leal, ex titular de ARSAT, Gerardo Boschin, ex gerente, y Juan Andr\u00e9s Navarro, ex subgerente.<\/p>\n\n\n\n<p class=\"wp-block-paragraph\">Al mismo tiempo que se conoc\u00eda el decreto, Leal y Boschin se presentaban a indagatoria ante el fiscal Fernando Dom\u00ednguez, de San Isidro. Ambos presentaron escritos y se negaron a declarar. Navarro, en tanto, tiene cita en el juzgado este mi\u00e9rcoles.<\/p>\n\n\n\n<p class=\"wp-block-paragraph\">Con los cambios dispuestos por Milei, el Correo Argentino tambi\u00e9n qued\u00f3 bajo la \u00f3rbita de Coria; mientras que el Ente Nacional de Comunicaciones, como organismo descentralizado, pas\u00f3 a depender directamente de Santilli.<\/p>\n\n\n\n<p class=\"wp-block-paragraph\">La Secretar\u00eda de Innovaci\u00f3n, Ciencia y Tecnolog\u00eda permanecer\u00e1 en manos del hombre de Caputo y bajo su ala estar\u00e1n organismos como el Conicet, la Conae y el Banco Nacional de Datos Gen\u00e9ticos, pero ya no tendr\u00e1 control sobre el ARSAT.<\/p>\n\n\n\n<p class=\"wp-block-paragraph\">Esta semana y la semana pasada el fiscal Dom\u00ednguez avanz\u00f3 con las indagatorias no solo de ex funcionarios de ARSAT sino tambi\u00e9n de directivos de la empresa de log\u00edstica ALS que qued\u00f3 en el centro de las sospechas de posible corrupci\u00f3n.<\/p>\n\n\n\n<p class=\"wp-block-paragraph\">Leal y Boschin se presentaron el lunes \u2013el primero trasladado desde la c\u00e1rcel de Marcos Paz- junto a su abogado Marcelo Rocchetti. Ambos cuestionaron la investigaci\u00f3n mediante escritos y el avance de las indagatorias mientras a\u00fan se est\u00e1 produciendo prueba en el expediente.<\/p>\n\n\n\n<figure class=\"wp-block-image\"><img decoding=\"async\" src=\"https:\/\/media.diariouno.com.ar\/p\/f1545108403ac77fea096afb05e091a5\/adjuntos\/298\/imagenes\/009\/780\/0009780633\/1200x0\/smart\/gerardo-boschin-indagatoria-facundo-leal-arsat.jpg\" alt=\"\" title=\"\"\/><\/figure>\n\n\n\n<p class=\"wp-block-paragraph\">Leal tambi\u00e9n cuestion\u00f3 que las 3 causas que lo tienen como acusado \u2013tenencia de drogas para comercializaci\u00f3n, enriquecimiento il\u00edcito; y esta de cohecho, malversaci\u00f3n y fraude- tramiten en juzgados distintos, con fiscales y jueces diferentes. Lo que, a su entender, dificulta la defensa.<\/p>\n\n\n\n<p class=\"wp-block-paragraph\">Sobre la causa ARSAT y las acusaciones en particular, Boschin prefiri\u00f3 el silencio. Leal, en cambio, asegur\u00f3 no haber tenido incidencia en las licitaciones a ra\u00edz de su cargo (presidente).<\/p>\n\n\n\n<figure class=\"wp-block-image\"><img decoding=\"async\" src=\"https:\/\/media.diariouno.com.ar\/p\/857a2d14f4ddde0144341c86c344751b\/adjuntos\/298\/imagenes\/009\/780\/0009780781\/1200x0\/smart\/facundo-leal.JPG\" alt=\"\" title=\"\"\/><\/figure>\n\n\n\n<p class=\"wp-block-paragraph\">A las 10 de este mi\u00e9rcoles, en tanto, se esperaba la presentaci\u00f3n del tercer mendocino del caso: un ex subgerente de Administraci\u00f3n y gerente comercial que, seg\u00fan la imputaci\u00f3n, fue quien propuso el cambio de dep\u00f3sito de los bienes de ARSAT y la contrataci\u00f3n del servicio de ALS.<\/p>\n\n\n\n<p class=\"wp-block-paragraph\">La hip\u00f3tesis judicial sostiene que el proceso de contrataci\u00f3n fue simulado para beneficiar a esa empresa con sobreprecios en los contratos a cambio del pago de coimas.<br>El dinero y las drogas de Facundo Leal<\/p>\n\n\n\n<p class=\"wp-block-paragraph\">Si bien Leal ya hab\u00eda expresado con anterioridad que las drogas halladas en el allanamiento de su departamento en Palermo, Buenos Aires, era para consumo personal; nada dijo al respecto en esta ocasi\u00f3n. Es que esa causa, que es la que lo mantiene detenido, tramita en Comodoro Py y no en el Juzgado de San Isidro.<\/p>\n\n\n\n<p class=\"wp-block-paragraph\">El ex ARSAT y ORSNA, organismo que regula los aeropuertos y del cual fue parte en la era Milei, tampoco hizo referencia a los 2,4 millones de d\u00f3lares que se encontraron en efectivo en sus propiedades de Buenos Aires y Mendoza.<\/p>\n\n\n\n<p class=\"wp-block-paragraph\">Al no declarar, tampoco se expres\u00f3 sobre otros hallazgos, como la valija con elementos de espionaje, o la desaparici\u00f3n de otra, como la que se vio que una de sus hijas y su pareja sacaban del departamento de la capital mendocina.<\/p>\n\n\n\n<p class=\"wp-block-paragraph\">Una vez que termine la toma de indagatorias, el juez Lino Mirabelli que tiene a su cargo la causa ARSAT deber\u00e1 tomar una decisi\u00f3n respecto de la situaci\u00f3n procesal de los imputados.<\/p>\n","protected":false},"excerpt":{"rendered":"<p>En medio de las indagatorias a los investigados por corrupci\u00f3n en ARSAT, Milei sac\u00f3 la empresa estatal de<\/p>\n","protected":false},"author":3,"featured_media":0,"comment_status":"open","ping_status":"open","sticky":false,"template":"","format":"standard","meta":{"footnotes":""},"categories":[6],"tags":[],"class_list":["post-139","post","type-post","status-publish","format-standard","hentry","category-politica"],"_links":{"self":[{"href":"https:\/\/www.gentedetrabajo.com.ar\/index.php?rest_route=\/wp\/v2\/posts\/139","targetHints":{"allow":["GET"]}}],"collection":[{"href":"https:\/\/www.gentedetrabajo.com.ar\/index.php?rest_route=\/wp\/v2\/posts"}],"about":[{"href":"https:\/\/www.gentedetrabajo.com.ar\/index.php?rest_route=\/wp\/v2\/types\/post"}],"author":[{"embeddable":true,"href":"https:\/\/www.gentedetrabajo.com.ar\/index.php?rest_route=\/wp\/v2\/users\/3"}],"replies":[{"embeddable":true,"href":"https:\/\/www.gentedetrabajo.com.ar\/index.php?rest_route=%2Fwp%2Fv2%2Fcomments&post=139"}],"version-history":[{"count":1,"href":"https:\/\/www.gentedetrabajo.com.ar\/index.php?rest_route=\/wp\/v2\/posts\/139\/revisions"}],"predecessor-version":[{"id":140,"href":"https:\/\/www.gentedetrabajo.com.ar\/index.php?rest_route=\/wp\/v2\/posts\/139\/revisions\/140"}],"wp:attachment":[{"href":"https:\/\/www.gentedetrabajo.com.ar\/index.php?rest_route=%2Fwp%2Fv2%2Fmedia&parent=139"}],"wp:term":[{"taxonomy":"category","embeddable":true,"href":"https:\/\/www.gentedetrabajo.com.ar\/index.php?rest_route=%2Fwp%2Fv2%2Fcategories&post=139"},{"taxonomy":"post_tag","embeddable":true,"href":"https:\/\/www.gentedetrabajo.com.ar\/index.php?rest_route=%2Fwp%2Fv2%2Ftags&post=139"}],"curies":[{"name":"wp","href":"https:\/\/api.w.org\/{rel}","templated":true}]}}