{"id":141,"date":"2026-07-16T17:55:28","date_gmt":"2026-07-16T20:55:28","guid":{"rendered":"https:\/\/www.gentedetrabajo.com.ar\/?p=141"},"modified":"2026-07-16T17:55:29","modified_gmt":"2026-07-16T20:55:29","slug":"cornejo-se-suma-al-grupo-de-gobernadores-que-asiste-al-acto-que-presidira-milei-en-tucuman","status":"publish","type":"post","link":"https:\/\/www.gentedetrabajo.com.ar\/?p=141","title":{"rendered":"Cornejo se suma al grupo de gobernadores que asiste al acto que presidir\u00e1 Milei en Tucum\u00e1n"},"content":{"rendered":"\n<p class=\"wp-block-paragraph\">La conmemoraci\u00f3n del 9 de julio ser\u00e1 el contexto donde el nuevo jefe de Gabinete, Diego Santilli, abra un nuevo canal de di\u00e1logo con los gobernadores<\/p>\n\n\n\n<figure class=\"wp-block-image\"><img decoding=\"async\" src=\"https:\/\/media.diariouno.com.ar\/p\/ed5efe850474807f918056faa16e19fd\/adjuntos\/298\/imagenes\/009\/743\/0009743781\/1200x0\/smart\/javier-milei-y-alfredo-cornejo.jpg\" alt=\"Alfredo Cornejo estar\u00e1 presente en los actos oficiales del 9 de Julio que presidir\u00e1 Javier Milei en Tucum\u00e1n.\u00a0\" title=\"Alfredo Cornejo estar\u00e1 presente en los actos oficiales del 9 de Julio que presidir\u00e1 Javier Milei en Tucum\u00e1n.\u00a0\"\/><\/figure>\n\n\n\n<p class=\"wp-block-paragraph\">Alfredo Cornejo estar\u00e1 presente en los actos oficiales del 9 de Julio que presidir\u00e1 Javier Milei en Tucum\u00e1n.<\/p>\n\n\n\n<p class=\"wp-block-paragraph\">El presidente Javier Milei encabezar\u00e1 este jueves a la medianoche los actos oficiales por el D\u00eda de la Independencia en Tucum\u00e1n, en una jornada que reunir\u00e1 a funcionarios nacionales y gobernadores de distintas provincias. Entre los asistentes estar\u00e1 el mandatario mendocino, Alfredo Cornejo, quien participar\u00e1 de las actividades junto al resto de la comitiva oficial.<\/p>\n\n\n\n<p class=\"wp-block-paragraph\">M\u00e1s all\u00e1 del valor institucional de la fecha patria, la convocatoria tambi\u00e9n aparece como una oportunidad para retomar el di\u00e1logo entre el gobierno nacional y los mandatarios provinciales, una relaci\u00f3n que en los \u00faltimos meses atraves\u00f3 momentos de tensi\u00f3n y se volvi\u00f3 m\u00e1s compleja a ra\u00edz de la pol\u00e9mica que envolvi\u00f3 al jefe de Gabinete, Manuel Adorni.<\/p>\n\n\n\n<figure class=\"wp-block-image\"><img decoding=\"async\" src=\"https:\/\/media.diariouno.com.ar\/p\/269c7e30ae599b46f2b60cc7303bdbd8\/adjuntos\/298\/imagenes\/009\/774\/0009774149\/1200x0\/smart\/diego-santilli-alfredo-cornejo.jpg\" alt=\"Uno de los objetivos del nuevo cargo de Diego Santilli es acercar posiciones con los gobernadores afines al gobierno, como Alfredo Cornejo.\" title=\"Uno de los objetivos del nuevo cargo de Diego Santilli es acercar posiciones con los gobernadores afines al gobierno, como Alfredo Cornejo.\"\/><\/figure>\n\n\n\n<p class=\"wp-block-paragraph\">El encuentro en Tucum\u00e1n se producir\u00e1 en un contexto en el que la Casa Rosada busca recuperar el di\u00e1logo pol\u00edtico con las provincias. La relaci\u00f3n con los gobernadores se fue desgastando en el \u00faltimo tiempo y ahora el Ejecutivo intenta reconstruir esos puentes.<\/p>\n\n\n\n<p class=\"wp-block-paragraph\">En ese escenario, Diego Santilli asumi\u00f3 la tarea de mantener conversaciones con los mandatarios provinciales con el objetivo de avanzar en acuerdos con el gobierno.<br>Uno de los objetivos del nuevo cargo de Diego Santilli es acercar posiciones con los gobernadores afines al gobierno, como Alfredo Cornejo.<\/p>\n\n\n\n<p class=\"wp-block-paragraph\">Esta es una de las tareas que le fueron encomendadas al nuevo jefe de Gabinete, quien tiene como una de sus grandes fortalezas ser dialoguista e intentar acercar posiciones. Esto luego de que el esc\u00e1ndalo que impuls\u00f3 la salida de Adorni interrumpiera, no solo el di\u00e1logo con los gobernadores, sino tambi\u00e9n la agenda legislativa.<br>Los principales actos que encabezar\u00e1 Milei<\/p>\n\n\n\n<p class=\"wp-block-paragraph\">La agenda oficial comenzar\u00e1 con distintas actividades conmemorativas, aunque la principal presencia de Milei ser\u00e1 durante la tradicional Vigilia Patria en la Casa Hist\u00f3rica de Tucum\u00e1n, donde participar\u00e1 del homenaje a la Independencia argentina.<\/p>\n\n\n\n<p class=\"wp-block-paragraph\">Las actividades continuar\u00e1n este jueves con el tradicional chocolate patrio, el izamiento de la Bandera Nacional, el Tedeum en la Catedral y el desfile c\u00edvico-militar, que marcar\u00e1 el cierre de la celebraci\u00f3n oficial por un nuevo aniversario del 9 de Julio.<\/p>\n","protected":false},"excerpt":{"rendered":"<p>La conmemoraci\u00f3n del 9 de julio ser\u00e1 el contexto donde el nuevo jefe de Gabinete, Diego Santilli, abra<\/p>\n","protected":false},"author":3,"featured_media":0,"comment_status":"open","ping_status":"open","sticky":false,"template":"","format":"standard","meta":{"footnotes":""},"categories":[6],"tags":[],"class_list":["post-141","post","type-post","status-publish","format-standard","hentry","category-politica"],"_links":{"self":[{"href":"https:\/\/www.gentedetrabajo.com.ar\/index.php?rest_route=\/wp\/v2\/posts\/141","targetHints":{"allow":["GET"]}}],"collection":[{"href":"https:\/\/www.gentedetrabajo.com.ar\/index.php?rest_route=\/wp\/v2\/posts"}],"about":[{"href":"https:\/\/www.gentedetrabajo.com.ar\/index.php?rest_route=\/wp\/v2\/types\/post"}],"author":[{"embeddable":true,"href":"https:\/\/www.gentedetrabajo.com.ar\/index.php?rest_route=\/wp\/v2\/users\/3"}],"replies":[{"embeddable":true,"href":"https:\/\/www.gentedetrabajo.com.ar\/index.php?rest_route=%2Fwp%2Fv2%2Fcomments&post=141"}],"version-history":[{"count":1,"href":"https:\/\/www.gentedetrabajo.com.ar\/index.php?rest_route=\/wp\/v2\/posts\/141\/revisions"}],"predecessor-version":[{"id":142,"href":"https:\/\/www.gentedetrabajo.com.ar\/index.php?rest_route=\/wp\/v2\/posts\/141\/revisions\/142"}],"wp:attachment":[{"href":"https:\/\/www.gentedetrabajo.com.ar\/index.php?rest_route=%2Fwp%2Fv2%2Fmedia&parent=141"}],"wp:term":[{"taxonomy":"category","embeddable":true,"href":"https:\/\/www.gentedetrabajo.com.ar\/index.php?rest_route=%2Fwp%2Fv2%2Fcategories&post=141"},{"taxonomy":"post_tag","embeddable":true,"href":"https:\/\/www.gentedetrabajo.com.ar\/index.php?rest_route=%2Fwp%2Fv2%2Ftags&post=141"}],"curies":[{"name":"wp","href":"https:\/\/api.w.org\/{rel}","templated":true}]}}