{"id":143,"date":"2026-07-16T18:06:40","date_gmt":"2026-07-16T21:06:40","guid":{"rendered":"https:\/\/www.gentedetrabajo.com.ar\/?p=143"},"modified":"2026-07-16T18:06:41","modified_gmt":"2026-07-16T21:06:41","slug":"franco-colapinto-en-el-gp-de-belgica-de-formula-1-horarios-y-actividad-del-fin-de-semana","status":"publish","type":"post","link":"https:\/\/www.gentedetrabajo.com.ar\/?p=143","title":{"rendered":"Franco Colapinto en el GP de B\u00e9lgica de F\u00f3rmula 1: horarios y actividad del fin de semana"},"content":{"rendered":"\n<p class=\"wp-block-paragraph\">Franco Colapinto disputar\u00e1 este fin de semana el Gran Premio de B\u00e9lgica, correspondiente a la d\u00e9cima fecha del campeonato de F\u00f3rmula 1.<\/p>\n\n\n\n<figure class=\"wp-block-image\"><img decoding=\"async\" src=\"https:\/\/media.diariouno.com.ar\/p\/323bb349b574c10c1be961c1e76e1518\/adjuntos\/298\/imagenes\/009\/783\/0009783004\/1200x0\/smart\/colapinto.jpg\" alt=\"Colapinto inicia la actividad este viernes.\" title=\"Colapinto inicia la actividad este viernes.\"\/><\/figure>\n\n\n\n<p class=\"wp-block-paragraph\">Franco Colapinto (Alpine) disputar\u00e1 este fin de semana el Gran Premio de B\u00e9lgica, correspondiente a la d\u00e9cima fecha del campeonato de F\u00f3rmula 1.<\/p>\n\n\n\n<p class=\"wp-block-paragraph\">La actividad comenzar\u00e1 este viernes 17, con las primeras dos pr\u00e1cticas libres en el circuito de Spa-Francorchamps, que cuenta con 20 curvas y una extensi\u00f3n de 7,004 kil\u00f3metros.<\/p>\n\n\n\n<p class=\"wp-block-paragraph\">Franco Colapinto correr\u00e1 desde este viernes en el GP de B\u00e9lgica de F\u00f3rmula 1.<\/p>\n\n\n\n<p class=\"wp-block-paragraph\">La primera sesi\u00f3n de entrenamientos est\u00e1 programada para las 8:30 de la ma\u00f1ana (hora de Argentina). Luego ser\u00e1 la segunda tanda, que iniciar\u00e1 a las 12 del mediod\u00eda y que tambi\u00e9n se extender\u00e1 durante una hora. Siempre con TV por Fox Sports y Disney Plus.<\/p>\n\n\n\n<p class=\"wp-block-paragraph\">El s\u00e1bado los fan\u00e1ticos de la F\u00f3rmula 1 tendr\u00e1n que madrugar, ya que la pr\u00e1ctica libre 3 comenzar\u00e1 a las 7:30 de la ma\u00f1ana. All\u00ed los pilotos tendr\u00e1n sus \u00faltimas oportunidades para poner a punto sus monoplazas de cara a la clasificaci\u00f3n, que ser\u00e1 a las 11 de la ma\u00f1ana.<\/p>\n\n\n\n<p class=\"wp-block-paragraph\">Finalmente, la carrera del GP de B\u00e9lgica de F\u00f3rmula 1 ser\u00e1 el domingo a las 10 de la ma\u00f1ana, el mismo d\u00eda que se disputar\u00e1 la final del Mundial de f\u00fatbol que se lleva a cabo en Estados Unidos, Canad\u00e1 y M\u00e9xico y que tendr\u00e1 como protagonistas a Argentina y Espa\u00f1a.<br>C\u00f3mo est\u00e1 Franco Colapinto en el campeonato de pilotos de F\u00f3rmula 1<\/p>\n\n\n\n<p class=\"wp-block-paragraph\">En la \u00faltima fecha del campeonato, que se disput\u00f3 en el m\u00edtico circuito de Silverstone en Gran Breta\u00f1a, Colapinto tuvo una de sus mejores actuaciones en la categor\u00eda para remontar 10 posiciones y finalizar en el noveno puesto y as\u00ed sumar dos puntos.<\/p>\n\n\n\n<figure class=\"wp-block-image\"><img decoding=\"async\" src=\"https:\/\/media.diariouno.com.ar\/p\/0b82acdf3510795eddee04d21afa660b\/adjuntos\/298\/imagenes\/009\/783\/0009783003\/1200x0\/smart\/colapinto-1.jpg\" alt=\"Franco Colapinto correr&aacute; desde este viernes en el GP de B&eacute;lgica de F&oacute;rmula 1.\" title=\"Franco Colapinto correr&aacute; desde este viernes en el GP de B&eacute;lgica de F&oacute;rmula 1.\"\/><\/figure>\n\n\n\n<p class=\"wp-block-paragraph\">En lo que respecta a la pelea por el campeonato, el l\u00edder es el italiano Andrea Kimi Antonelli (Mercedes), quien tiene 179 puntos y quiere convertirse en el campe\u00f3n m\u00e1s joven de la categor\u00eda.<\/p>\n\n\n\n<p class=\"wp-block-paragraph\">Sin embargo, no debe descuidarse ya que en las \u00faltimas fechas perdi\u00f3 varios puntos por problemas en su Mercedes y esto permiti\u00f3 que se le acercara su compa\u00f1ero de equipo, el brit\u00e1nico George Russell, que lo escolta a solo 25 puntos de distancia.<\/p>\n\n\n\n<p class=\"wp-block-paragraph\">En la tercera colocaci\u00f3n, con 147 unidades, est\u00e1 el tambi\u00e9n brit\u00e1nico Lewis Hamilton (Ferrari), que a los 41 a\u00f1os se ilusiona con pelear por su octavo t\u00edtulo del mundo.<br>El GP de B\u00e9lgica de F\u00f3rmula 1<\/p>\n\n\n\n<p class=\"wp-block-paragraph\">Viernes 17\/7<\/p>\n\n\n\n<pre class=\"wp-block-code\"><code>Pr\u00e1ctica libre 1 a las 8:30\nPr\u00e1ctica libre 2 a las 12<\/code><\/pre>\n\n\n\n<p class=\"wp-block-paragraph\">S\u00e1bado 18\/7<\/p>\n\n\n\n<pre class=\"wp-block-code\"><code>Pr\u00e1ctica libre 3 a las 7:30\nClasificaci\u00f3n a las 11<\/code><\/pre>\n\n\n\n<p class=\"wp-block-paragraph\">Domingo 19\/7<\/p>\n\n\n\n<pre class=\"wp-block-code\"><code>Carrera a las 10<\/code><\/pre>\n","protected":false},"excerpt":{"rendered":"<p>Franco Colapinto disputar\u00e1 este fin de semana el Gran Premio de B\u00e9lgica, correspondiente a la d\u00e9cima fecha del<\/p>\n","protected":false},"author":3,"featured_media":0,"comment_status":"open","ping_status":"open","sticky":false,"template":"","format":"standard","meta":{"footnotes":""},"categories":[5],"tags":[],"class_list":["post-143","post","type-post","status-publish","format-standard","hentry","category-deportes"],"_links":{"self":[{"href":"https:\/\/www.gentedetrabajo.com.ar\/index.php?rest_route=\/wp\/v2\/posts\/143","targetHints":{"allow":["GET"]}}],"collection":[{"href":"https:\/\/www.gentedetrabajo.com.ar\/index.php?rest_route=\/wp\/v2\/posts"}],"about":[{"href":"https:\/\/www.gentedetrabajo.com.ar\/index.php?rest_route=\/wp\/v2\/types\/post"}],"author":[{"embeddable":true,"href":"https:\/\/www.gentedetrabajo.com.ar\/index.php?rest_route=\/wp\/v2\/users\/3"}],"replies":[{"embeddable":true,"href":"https:\/\/www.gentedetrabajo.com.ar\/index.php?rest_route=%2Fwp%2Fv2%2Fcomments&post=143"}],"version-history":[{"count":1,"href":"https:\/\/www.gentedetrabajo.com.ar\/index.php?rest_route=\/wp\/v2\/posts\/143\/revisions"}],"predecessor-version":[{"id":144,"href":"https:\/\/www.gentedetrabajo.com.ar\/index.php?rest_route=\/wp\/v2\/posts\/143\/revisions\/144"}],"wp:attachment":[{"href":"https:\/\/www.gentedetrabajo.com.ar\/index.php?rest_route=%2Fwp%2Fv2%2Fmedia&parent=143"}],"wp:term":[{"taxonomy":"category","embeddable":true,"href":"https:\/\/www.gentedetrabajo.com.ar\/index.php?rest_route=%2Fwp%2Fv2%2Fcategories&post=143"},{"taxonomy":"post_tag","embeddable":true,"href":"https:\/\/www.gentedetrabajo.com.ar\/index.php?rest_route=%2Fwp%2Fv2%2Ftags&post=143"}],"curies":[{"name":"wp","href":"https:\/\/api.w.org\/{rel}","templated":true}]}}