{"id":145,"date":"2026-07-16T18:18:57","date_gmt":"2026-07-16T21:18:57","guid":{"rendered":"https:\/\/www.gentedetrabajo.com.ar\/?p=145"},"modified":"2026-07-16T18:18:59","modified_gmt":"2026-07-16T21:18:59","slug":"the-new-york-times-lleno-de-elogios-al-indio-solari-y-lo-llamo-leyenda-del-rock-argentino","status":"publish","type":"post","link":"https:\/\/www.gentedetrabajo.com.ar\/?p=145","title":{"rendered":"The New York Times llen\u00f3 de elogios al Indio Solari y lo llam\u00f3 leyenda del rock argentino"},"content":{"rendered":"\n<p class=\"wp-block-paragraph\">El prestigioso diario The New York Times opin\u00f3 sobre la muerte del Indio Solari y lo defini\u00f3 como &#8220;un icono tanto de las masas como de la contracultura\u201d<\/p>\n\n\n\n<figure class=\"wp-block-image\"><img decoding=\"async\" src=\"https:\/\/media.diariouno.com.ar\/p\/632d6402ed7bf7f14cea5bef3d199d59\/adjuntos\/298\/imagenes\/009\/778\/0009778069\/1200x0\/smart\/indio.jpg\" alt=\"El prestigioso diario estadoudinense The New York Times elogi\u00f3 al Indio Solari y lo llam\u00f3 leyenda del rock argentino.\" title=\"El prestigioso diario estadoudinense The New York Times elogi\u00f3 al Indio Solari y lo llam\u00f3 leyenda del rock argentino.\"\/><\/figure>\n\n\n\n<p class=\"wp-block-paragraph\">El prestigioso diario The New York Times opin\u00f3 sobre la muerte del Indio Solari y lo defini\u00f3 como &#8220;un icono tanto de las masas como de la contracultura\u201d.<\/p>\n\n\n\n<p class=\"wp-block-paragraph\">La trascendencia art\u00edstica de Carlos Indio Solari volvi\u00f3 a quedar reflejada en el escenario internacional luego de que The New York Times le dedicara un extenso informe.<\/p>\n\n\n\n<p class=\"wp-block-paragraph\">El impacto de la muerte del Indio Solari, el 5 de junio pasaso en su casa de Parque Leloir, atraves\u00f3 las fronteras de la Argentina y trascendi\u00f3 al mundo. El m\u00fasico que falleci\u00f3 por un ACV despu\u00e9s de padecer Parkinson desde 2016, fue recordado por The New York Times como una figura destacada del rock.<\/p>\n\n\n\n<p class=\"wp-block-paragraph\">El diario estadounidense resalt\u00f3 la magnitud de la obra del exl\u00edder de Patricio Rey y sus Redonditos de Ricota, por la construcci\u00f3n de su carrera al margen de las grandes discogr\u00e1ficas y lo defini\u00f3 como un \u201c\u00edcono de la contracultura\u201d.<\/p>\n\n\n\n<p class=\"wp-block-paragraph\">\u201cUna estrella del rock argentino cuyas letras enigm\u00e1ticas y voz conmovedora atrajeron a un ferviente p\u00fablico nacional hacia sus himnos que alud\u00edan a las aspiraciones no cumplidas de su pa\u00eds\u201c, subray\u00f3 el periodista Adam Nossiter.<\/p>\n\n\n\n<figure class=\"wp-block-image\"><img decoding=\"async\" src=\"https:\/\/media.diariouno.com.ar\/p\/8c77f7cc3cf2e694d6c80c73275d04bd\/adjuntos\/298\/imagenes\/009\/778\/0009778076\/1200x0\/smart\/indio2.jpg\" alt=\"\" title=\"\"\/><\/figure>\n\n\n\n<p class=\"wp-block-paragraph\">El redactor de la secci\u00f3n obituarios remarc\u00f3 en otro tramo: \u201cAunque no era muy conocido fuera de Argentina (\u2026), dentro del pa\u00eds, Solari era mucho m\u00e1s que un simple cantante popular. Era un icono tanto de las masas como de la contracultura\u201d.<\/p>\n\n\n\n<p class=\"wp-block-paragraph\">El periodista Adam Nossiter eligi\u00f3 el \u00faltimo concierto p\u00fablico en 2017 con el ep\u00edgrafe: \u201cFrases de sus canciones enigm\u00e1ticas, llenas de personajes ficticios y met\u00e1foras esot\u00e9ricas, terminaron apareciendo en tatuajes por toda Argentina\u201d<\/p>\n\n\n\n<p class=\"wp-block-paragraph\">Nossiter cit\u00f3 las palabras del \u201cM\u00edster\u201d en su nota: \u201cYo no hago m\u00fasica para que la gente entienda lo que quiero decir, sino para que imaginen\u201d, seg\u00fan dijo Solari en una entrevista en 2024.<\/p>\n\n\n\n<p class=\"wp-block-paragraph\">Uno de los puntos de la publicaci\u00f3n internacional la comparaci\u00f3n del propio Solari con Bob Dylan, quien fue galardonado con el Premio Nobel de Literatura en 2016. Resalt\u00f3 los personajes de ficci\u00f3n, las met\u00e1foras esot\u00e9ricas y \u201cacertijos\u201d que le gustaban al m\u00fasico al igual que el artista nacido en Minnesota, para activar la imaginaci\u00f3n de su p\u00fablico.<\/p>\n\n\n\n<p class=\"wp-block-paragraph\">La nota de The New York Times titul\u00f3 la nota con \u201cEl Indio Solari, leyenda del rock argentino, muere a los 77 a\u00f1os\u201d. En este sentido, destac\u00f3 en la bajada lo grande del m\u00fasico y leyenda del rock fallecido recientmente: \u201cUn icono de la contracultura con gran atractivo, se comparaba a s\u00ed mismo con Bob Dylan y se gan\u00f3 un p\u00fablico especialmente fiel entre la juventud de clase trabajadora\u201d.<\/p>\n\n\n\n<figure class=\"wp-block-image\"><img decoding=\"async\" src=\"https:\/\/media.diariouno.com.ar\/p\/833f5d3bd84865752cf6da87c8820bc4\/adjuntos\/298\/imagenes\/009\/778\/0009778073\/1200x0\/smart\/indio1.jpg\" alt=\"\" title=\"\"\/><\/figure>\n\n\n\n<p class=\"wp-block-paragraph\">Para ilustarar el obituario, el periodista Adam Nossiter eligi\u00f3 el \u00faltimo concierto p\u00fablico en 2017 con el ep\u00edgrafe: \u201cFrases de sus canciones enigm\u00e1ticas, llenas de personajes ficticios y met\u00e1foras esot\u00e9ricas, terminaron apareciendo en tatuajes por toda Argentina\u201d.<\/p>\n","protected":false},"excerpt":{"rendered":"<p>El prestigioso diario The New York Times opin\u00f3 sobre la muerte del Indio Solari y lo defini\u00f3 como<\/p>\n","protected":false},"author":3,"featured_media":0,"comment_status":"open","ping_status":"open","sticky":false,"template":"","format":"standard","meta":{"footnotes":""},"categories":[1],"tags":[],"class_list":["post-145","post","type-post","status-publish","format-standard","hentry","category-sin-categoria"],"_links":{"self":[{"href":"https:\/\/www.gentedetrabajo.com.ar\/index.php?rest_route=\/wp\/v2\/posts\/145","targetHints":{"allow":["GET"]}}],"collection":[{"href":"https:\/\/www.gentedetrabajo.com.ar\/index.php?rest_route=\/wp\/v2\/posts"}],"about":[{"href":"https:\/\/www.gentedetrabajo.com.ar\/index.php?rest_route=\/wp\/v2\/types\/post"}],"author":[{"embeddable":true,"href":"https:\/\/www.gentedetrabajo.com.ar\/index.php?rest_route=\/wp\/v2\/users\/3"}],"replies":[{"embeddable":true,"href":"https:\/\/www.gentedetrabajo.com.ar\/index.php?rest_route=%2Fwp%2Fv2%2Fcomments&post=145"}],"version-history":[{"count":1,"href":"https:\/\/www.gentedetrabajo.com.ar\/index.php?rest_route=\/wp\/v2\/posts\/145\/revisions"}],"predecessor-version":[{"id":146,"href":"https:\/\/www.gentedetrabajo.com.ar\/index.php?rest_route=\/wp\/v2\/posts\/145\/revisions\/146"}],"wp:attachment":[{"href":"https:\/\/www.gentedetrabajo.com.ar\/index.php?rest_route=%2Fwp%2Fv2%2Fmedia&parent=145"}],"wp:term":[{"taxonomy":"category","embeddable":true,"href":"https:\/\/www.gentedetrabajo.com.ar\/index.php?rest_route=%2Fwp%2Fv2%2Fcategories&post=145"},{"taxonomy":"post_tag","embeddable":true,"href":"https:\/\/www.gentedetrabajo.com.ar\/index.php?rest_route=%2Fwp%2Fv2%2Ftags&post=145"}],"curies":[{"name":"wp","href":"https:\/\/api.w.org\/{rel}","templated":true}]}}