{"id":147,"date":"2026-07-16T18:30:44","date_gmt":"2026-07-16T21:30:44","guid":{"rendered":"https:\/\/www.gentedetrabajo.com.ar\/?p=147"},"modified":"2026-07-16T18:30:46","modified_gmt":"2026-07-16T21:30:46","slug":"fue-confirmado-el-triunfo-de-keiko-fujimori-en-peru-por-una-ventaja-de-casi-50-000-votos","status":"publish","type":"post","link":"https:\/\/www.gentedetrabajo.com.ar\/?p=147","title":{"rendered":"Fue confirmado el triunfo de Keiko Fujimori en Per\u00fa por una ventaja de casi 50.000 votos"},"content":{"rendered":"\n<p class=\"wp-block-paragraph\">La candidata de la derecha, Keiko Fujimori, ser\u00e1 la pr\u00f3xima presidenta de Per\u00fa. Se impuso al representante de la izquierda por menos de un punto<\/p>\n\n\n\n<figure class=\"wp-block-image\"><img decoding=\"async\" src=\"https:\/\/media.diariouno.com.ar\/p\/e779d9d56e71add13ff0c0e5c2cd746b\/adjuntos\/298\/imagenes\/009\/773\/0009773470\/1200x0\/smart\/keiko-fujimori.JPG\" alt=\"Fue ratificado el triunfo de Keiko Fujimori en Per\u00fa.\" title=\"Fue ratificado el triunfo de Keiko Fujimori en Per\u00fa.\"\/><\/figure>\n\n\n\n<p class=\"wp-block-paragraph\">Keiko Fujimori, del partido Fuerza Popular (derecha), fue confirmada como presidenta electa de Per\u00fa para el per\u00edodo 2026-2031 al concluir este lunes el escrutinio definitivo de la segunda vuelta electoral del 7 junio por parte de la Oficina Nacional de Procesos Electorales (ONPE), al cabo de una de las elecciones m\u00e1s re\u00f1idas que se tengan registro en ese pa\u00eds.<\/p>\n\n\n\n<p class=\"wp-block-paragraph\">Fujimori suceder\u00e1 a Jos\u00e9 Mar\u00eda Balc\u00e1zar, quien ejerc\u00eda la primera magistratura desde febrero de este a\u00f1o tras la moci\u00f3n de censura del Congreso al presidente Jos\u00e9 Jer\u00ed.<\/p>\n\n\n\n<p class=\"wp-block-paragraph\">Al finalizar el 100 por ciento del conteo de las 92.766 actas, Fujimori acumul\u00f3 50,135 por ciento de los votos v\u00e1lidos, mientras que su contrincante, el izquierdista Roberto S\u00e1nchez, de Juntos por el Per\u00fa, logr\u00f3 49,865 por ciento, report\u00f3 la agencia Xinhua.<br>Una diferencia de casi 50.000 votos en favor de Fujimori<\/p>\n\n\n\n<p class=\"wp-block-paragraph\">Fujimori obtuvo 9.223.396 sufragios, mientras que S\u00e1nchez se llev\u00f3 9.173.755. Esto representa una diferencia de s\u00f3lo 49.641 votos.<\/p>\n\n\n\n<figure class=\"wp-block-image\"><img decoding=\"async\" src=\"https:\/\/pbs.twimg.com\/media\/HMAlkwBXUAAagrH?format=jpg&amp;name=small\" alt=\"Imagen\"\/><\/figure>\n\n\n\n<p class=\"wp-block-paragraph\">\u201cLa ONPE ha llegado al 100% de las actas escrutadas. Ya han sido resueltas todas las observaciones por parte de los JEE. Esperamos la proclamaci\u00f3n del JNE con mucha humildad, prudencia y responsabilidad\u201d, expres\u00f3 Fujimori en su cuenta de X a poco de conocer el informe oficial.<\/p>\n\n\n\n<p class=\"wp-block-paragraph\">Y agreg\u00f3: \u201cCada vez estamos m\u00e1s cerca de iniciar un camino de orden y esperanza para todos los peruanos\u201d.<br>Qui\u00e9n es Keiko Fujimori<\/p>\n\n\n\n<p class=\"wp-block-paragraph\">Keiko Sof\u00eda Fujimori Higuchi, de 50 a\u00f1os, concluye exitosamente su cuarto intento de acceder a la primera magistratura peruana luego de las frustradas postulaciones en 2011, 2016 y 2021, en las que fue derrotada en la segunda vuelta en cada ocasi\u00f3n.<\/p>\n\n\n\n<p class=\"wp-block-paragraph\">El presidente del Jurado Nacional de Elecciones (JNE), Roberto Burneo, inform\u00f3 que la proclamaci\u00f3n oficial de los resultados de la segunda vuelta presidencial se realizar\u00e1, como m\u00e1ximo, el 3 de julio, indic\u00f3 el diario La Rep\u00fablica.<\/p>\n\n\n\n<p class=\"wp-block-paragraph\">Tras la proclamaci\u00f3n, el siguiente paso ser\u00e1 la entrega de credenciales a la f\u00f3rmula presidencial electa.<\/p>\n\n\n\n<p class=\"wp-block-paragraph\">Burneo precis\u00f3 que la ceremonia se llevar\u00e1 a cabo el 15 de julio, al mediod\u00eda, en el Teatro Nacional. Con ese acto protocolar, el JNE reconocer\u00e1 formalmente a las nuevas autoridades que asumir\u00e1n la conducci\u00f3n del pa\u00eds durante el periodo constitucional 2026-2031.<\/p>\n\n\n\n<p class=\"wp-block-paragraph\">Fujimori asumir\u00e1 la presidencia el 28 de julio. Ser\u00e1 la primera mujer electa presidenta del Per\u00fa. Sus vicepresidentes ser\u00e1n Luis Galarreta Velarde y Miguel \u00c1ngel Torres.<\/p>\n\n\n\n<p class=\"wp-block-paragraph\">Hija mayor del ex presidente Alberto Fujimori (1990-2000) y Susana Higuchi, ambos descendientes de inmigrantes japoneses, Keijko Fujimori ocup\u00f3 el cargo de primera dama del Per\u00fa entre 1994 y 2000, tras la destituci\u00f3n de su madre.<\/p>\n","protected":false},"excerpt":{"rendered":"<p>La candidata de la derecha, Keiko Fujimori, ser\u00e1 la pr\u00f3xima presidenta de Per\u00fa. Se impuso al representante de<\/p>\n","protected":false},"author":3,"featured_media":0,"comment_status":"open","ping_status":"open","sticky":false,"template":"","format":"standard","meta":{"footnotes":""},"categories":[1],"tags":[],"class_list":["post-147","post","type-post","status-publish","format-standard","hentry","category-sin-categoria"],"_links":{"self":[{"href":"https:\/\/www.gentedetrabajo.com.ar\/index.php?rest_route=\/wp\/v2\/posts\/147","targetHints":{"allow":["GET"]}}],"collection":[{"href":"https:\/\/www.gentedetrabajo.com.ar\/index.php?rest_route=\/wp\/v2\/posts"}],"about":[{"href":"https:\/\/www.gentedetrabajo.com.ar\/index.php?rest_route=\/wp\/v2\/types\/post"}],"author":[{"embeddable":true,"href":"https:\/\/www.gentedetrabajo.com.ar\/index.php?rest_route=\/wp\/v2\/users\/3"}],"replies":[{"embeddable":true,"href":"https:\/\/www.gentedetrabajo.com.ar\/index.php?rest_route=%2Fwp%2Fv2%2Fcomments&post=147"}],"version-history":[{"count":1,"href":"https:\/\/www.gentedetrabajo.com.ar\/index.php?rest_route=\/wp\/v2\/posts\/147\/revisions"}],"predecessor-version":[{"id":148,"href":"https:\/\/www.gentedetrabajo.com.ar\/index.php?rest_route=\/wp\/v2\/posts\/147\/revisions\/148"}],"wp:attachment":[{"href":"https:\/\/www.gentedetrabajo.com.ar\/index.php?rest_route=%2Fwp%2Fv2%2Fmedia&parent=147"}],"wp:term":[{"taxonomy":"category","embeddable":true,"href":"https:\/\/www.gentedetrabajo.com.ar\/index.php?rest_route=%2Fwp%2Fv2%2Fcategories&post=147"},{"taxonomy":"post_tag","embeddable":true,"href":"https:\/\/www.gentedetrabajo.com.ar\/index.php?rest_route=%2Fwp%2Fv2%2Ftags&post=147"}],"curies":[{"name":"wp","href":"https:\/\/api.w.org\/{rel}","templated":true}]}}