{"id":153,"date":"2026-07-23T10:34:14","date_gmt":"2026-07-23T13:34:14","guid":{"rendered":"https:\/\/www.gentedetrabajo.com.ar\/?p=153"},"modified":"2026-07-23T10:34:16","modified_gmt":"2026-07-23T13:34:16","slug":"escalada-en-medio-oriente-iran-ataco-bases-de-estados-unidos-y-el-precio-del-petroleo-supero-los-us-90","status":"publish","type":"post","link":"https:\/\/www.gentedetrabajo.com.ar\/?p=153","title":{"rendered":"Escalada en Medio Oriente: Ir\u00e1n atac\u00f3 bases de Estados Unidos y el precio del petr\u00f3leo super\u00f3 los U$S 90"},"content":{"rendered":"\n<p class=\"wp-block-paragraph\">Ir\u00e1n atac\u00f3 instalaciones de Estados Unidos en Bar\u00e9in y Kuwait mientras la tensi\u00f3n en el estrecho de Ormuz dispar\u00f3 la cotizaci\u00f3n global del crudo<\/p>\n\n\n\n<figure class=\"wp-block-image\"><img decoding=\"async\" src=\"https:\/\/media.diariouno.com.ar\/p\/a781c60eac9c3109caa8289becbcba39\/adjuntos\/303\/imagenes\/009\/784\/0009784203\/1200x0\/smart\/kuwait-ataque-dron-iran.png\" alt=\"Ataque de Ir\u00e1n a Kuwait.\" title=\"Ataque de Ir\u00e1n a Kuwait.\"\/><\/figure>\n\n\n\n<p class=\"wp-block-paragraph\">La tensi\u00f3n militar internacional entre Estados Unidos e Ir\u00e1n alcanz\u00f3 un punto cr\u00edtico este martes tras nuevos ataques en Medio Oriente. La escalada b\u00e9lica provoc\u00f3 que el precio del petr\u00f3leo superara los U$S 90 en el mercado global, mientras aumentan los temores por un posible desabastecimiento de energ\u00eda a nivel mundial.<\/p>\n\n\n\n<p class=\"wp-block-paragraph\">La cotizaci\u00f3n del barril de petr\u00f3leo alcanz\u00f3 valores que no se registraban desde hace meses. El incremento vertiginoso en los costos de la energ\u00eda encendi\u00f3 las alarmas en Wall Street y en los principales centros financieros.<\/p>\n\n\n\n<p class=\"wp-block-paragraph\">Analistas internacionales advierten sobre una potencial inflaci\u00f3n global si las hostilidades contin\u00faan suspendiendo el tr\u00e1nsito mar\u00edtimo comercial en el estrecho de Ormuz. Las bolsas operan con marcada volatilidad ante la incertidumbre econ\u00f3mica actual.<\/p>\n\n\n\n<p class=\"wp-block-paragraph\">Los inversores siguen atentos la situaci\u00f3n en Medio Oriente, donde el mercado financiero reacciona con ca\u00eddas en las acciones tecnol\u00f3gicas y subas considerables en activos vinculados a las materias primas.<br><\/p>\n\n\n\n<figure class=\"wp-block-image\"><img decoding=\"async\" src=\"https:\/\/media.diariouno.com.ar\/p\/007a44b2a8df741d9a92730a3369479c\/adjuntos\/298\/imagenes\/009\/731\/0009731714\/1200x0\/smart\/soldados-del-ejercito-sentados-un-camion-mientras-pakistan-se-prepara-recibir-eeuu-e-iran-conversaciones-paz.avif\" alt=\"Soldados de Ir\u00e1n se movilizan a las fronteras tras la seguidilla de ataques a avanzada de Estados Unidos.\" title=\"Soldados de Ir\u00e1n se movilizan a las fronteras tras la seguidilla de ataques a avanzada de Estados Unidos.\"\/><\/figure>\n\n\n\n<p class=\"wp-block-paragraph\">Las Fuerzas Armadas iran\u00edes lanzaron una serie de embestidas con drones y proyectiles bal\u00edsticos contra instalaciones militares estadounidenses ubicadas en Bar\u00e9in y Kuwait. La operaci\u00f3n fue confirmada por voceros oficiales de las fuerzas armadas de Teher\u00e1n.<\/p>\n\n\n\n<p class=\"wp-block-paragraph\">Entre los objetivos alcanzados figuran radares de alerta temprana, centros de comunicaciones y hangares con tecnolog\u00eda de \u00faltima generaci\u00f3n. Los gobiernos locales activaron de inmediato sus sistemas defensivos para neutralizar el peligro sobre las \u00e1reas residenciales.<\/p>\n\n\n\n<p class=\"wp-block-paragraph\">Representantes norteamericanos informaron que sus sistemas de defensa lograron interceptar la mayor\u00eda de los proyectiles en la zona de conflicto. Sin embargo, admitieron da\u00f1os materiales en infraestructuras clave del despliegue militar internacional.<\/p>\n\n\n\n<p class=\"wp-block-paragraph\">Esta ofensiva representa un duro golpe a las conversaciones diplom\u00e1ticas de paz que se ven\u00edan realizando en las \u00faltimas semanas. Las autoridades de la regi\u00f3n consideran que estos episodios implican un patr\u00f3n sistem\u00e1tico de agresiones cruzadas.<br>Bombardeos en Medio Oriente. La comunidad internacional busca restablecer v\u00edas de comunicaci\u00f3n de emergencia que eviten un colapso econ\u00f3mico de mayor escala.<\/p>\n\n\n\n<p class=\"wp-block-paragraph\">La amenaza contra el propio territorio y la ruta del petr\u00f3leo<\/p>\n\n\n\n<p class=\"wp-block-paragraph\">El gobierno de Ir\u00e1n advirti\u00f3 que no dudar\u00e1 en bombardear zonas de su propia superficie terrestre para frenar hipot\u00e9ticas incursiones enemigas. Esta contundente declaraci\u00f3n busca desalentar eventuales operaciones terrestres de tropas aliadas en el \u00e1rea.<\/p>\n\n\n\n<p class=\"wp-block-paragraph\">La franja mar\u00edtima del estrecho de Ormuz contin\u00faa bajo m\u00e1xima alerta, ya que por esa v\u00eda circula una quinta parte del env\u00edo global del recurso energ\u00e9tico. Las empresas navieras decidieron desviar sus rutas habituales para proteger a sus tripulaciones y cargas.<\/p>\n\n\n\n<p class=\"wp-block-paragraph\">El freno en el tr\u00e1nsito mar\u00edtimo amenaza con prolongar la crisis durante varios meses. Frente a esta coyuntura, la comunidad internacional busca restablecer v\u00edas de comunicaci\u00f3n de emergencia que eviten un colapso econ\u00f3mico de mayor escala.<\/p>\n\n\n\n<p class=\"wp-block-paragraph\">Frente a este escenario de incertidumbre, diversos pa\u00edses han comenzado a revisar sus reservas estrat\u00e9gicas para amortiguar el impacto directo en las tarifas de combustibles locales. La volatilidad del mercado depender\u00e1 de las pr\u00f3ximas resoluciones diplom\u00e1ticas y de la estabilidad en las rutas del transporte mar\u00edtimo internacional.<\/p>\n","protected":false},"excerpt":{"rendered":"<p>Ir\u00e1n atac\u00f3 instalaciones de Estados Unidos en Bar\u00e9in y Kuwait mientras la tensi\u00f3n en el estrecho de Ormuz<\/p>\n","protected":false},"author":3,"featured_media":0,"comment_status":"open","ping_status":"open","sticky":false,"template":"","format":"standard","meta":{"footnotes":""},"categories":[1],"tags":[],"class_list":["post-153","post","type-post","status-publish","format-standard","hentry","category-sin-categoria"],"_links":{"self":[{"href":"https:\/\/www.gentedetrabajo.com.ar\/index.php?rest_route=\/wp\/v2\/posts\/153","targetHints":{"allow":["GET"]}}],"collection":[{"href":"https:\/\/www.gentedetrabajo.com.ar\/index.php?rest_route=\/wp\/v2\/posts"}],"about":[{"href":"https:\/\/www.gentedetrabajo.com.ar\/index.php?rest_route=\/wp\/v2\/types\/post"}],"author":[{"embeddable":true,"href":"https:\/\/www.gentedetrabajo.com.ar\/index.php?rest_route=\/wp\/v2\/users\/3"}],"replies":[{"embeddable":true,"href":"https:\/\/www.gentedetrabajo.com.ar\/index.php?rest_route=%2Fwp%2Fv2%2Fcomments&post=153"}],"version-history":[{"count":1,"href":"https:\/\/www.gentedetrabajo.com.ar\/index.php?rest_route=\/wp\/v2\/posts\/153\/revisions"}],"predecessor-version":[{"id":154,"href":"https:\/\/www.gentedetrabajo.com.ar\/index.php?rest_route=\/wp\/v2\/posts\/153\/revisions\/154"}],"wp:attachment":[{"href":"https:\/\/www.gentedetrabajo.com.ar\/index.php?rest_route=%2Fwp%2Fv2%2Fmedia&parent=153"}],"wp:term":[{"taxonomy":"category","embeddable":true,"href":"https:\/\/www.gentedetrabajo.com.ar\/index.php?rest_route=%2Fwp%2Fv2%2Fcategories&post=153"},{"taxonomy":"post_tag","embeddable":true,"href":"https:\/\/www.gentedetrabajo.com.ar\/index.php?rest_route=%2Fwp%2Fv2%2Ftags&post=153"}],"curies":[{"name":"wp","href":"https:\/\/api.w.org\/{rel}","templated":true}]}}