{"id":155,"date":"2026-07-23T10:42:40","date_gmt":"2026-07-23T13:42:40","guid":{"rendered":"https:\/\/www.gentedetrabajo.com.ar\/?p=155"},"modified":"2026-07-23T10:42:41","modified_gmt":"2026-07-23T13:42:41","slug":"javier-milei-tuiteo-sobre-las-acusaciones-del-racismo-argentino-tras-el-mundial","status":"publish","type":"post","link":"https:\/\/www.gentedetrabajo.com.ar\/?p=155","title":{"rendered":"Javier Milei tuite\u00f3 sobre las acusaciones del racismo argentino tras el Mundial"},"content":{"rendered":"\n<p class=\"wp-block-paragraph\">El presidente Javier Milei desestim\u00f3 las cr\u00edticas internacionales y apel\u00f3 a una cita hist\u00f3rica para defender la postura del Ejecutivo<\/p>\n\n\n\n<figure class=\"wp-block-image\"><img decoding=\"async\" src=\"https:\/\/media.diariouno.com.ar\/p\/67d21bb465b53d464de4861a3bdb815c\/adjuntos\/298\/imagenes\/009\/782\/0009782889\/1200x0\/smart\/festejos-mundial-atistides-42.jpeg\" alt=\"\" title=\"\"\/><\/figure>\n\n\n\n<p class=\"wp-block-paragraph\">El presidente Javier Milei cruz\u00f3 las cr\u00edticas de la prensa y dirigentes internacionales desatadas contra la Selecci\u00f3n argentina. A trav\u00e9s de sus redes sociales, el jefe de Estado rechaz\u00f3 de plano las acusaciones de racismo y defendi\u00f3 el accionar de los futbolistas argentinos durante el Mundial, ante lo que consider\u00f3 una maniobra medi\u00e1tica.<\/p>\n\n\n\n<p class=\"wp-block-paragraph\">El conflicto escal\u00f3 a escala global luego de que se difundieran im\u00e1genes de los festejos del plantel nacional. Ante esta situaci\u00f3n, Javier Milei us\u00f3 su cuenta de X para publicar un mensaje centrado en la libertad de expresi\u00f3n y el rechazo a los se\u00f1alamientos externos.<\/p>\n\n\n\n<p class=\"wp-block-paragraph\">En su publicaci\u00f3n, Milei cit\u00f3 una frase atribuida a Winston Churchill para argumentar que los cuestionamientos forman parte de una reacci\u00f3n previsible cuando se sostienen posturas firmes.<\/p>\n\n\n\n<figure class=\"wp-block-image\"><img decoding=\"async\" src=\"https:\/\/media.diariouno.com.ar\/p\/352ab100f98244e2da0f60a26475d40f\/adjuntos\/298\/imagenes\/009\/786\/0009786032\/1200x0\/smart\/captura-javier-milei.jpg\" alt=\"\" title=\"\"\/><\/figure>\n\n\n\n<p class=\"wp-block-paragraph\">&#8220;&#8216;Tienes enemigos? Bien. Eso significa que has defendido algo, en alg\u00fan momento de tu vida.'&#8221;, escribi\u00f3 Milei.<\/p>\n\n\n\n<p class=\"wp-block-paragraph\">Desde el gobierno nacional aclararon que la intenci\u00f3n del jefe de Estado fue desestimar los pronunciamientos que califican a la sociedad argentina como discriminatoria. El referente del Poder Ejecutivo sostuvo que las lecturas realizadas por diversos actores internacionales resultan exageradas y no reflejan la realidad del pa\u00eds ni el esp\u00edritu deportivo de los campeones de Am\u00e9rica, detall\u00f3 A24.com.<\/p>\n\n\n\n<p class=\"wp-block-paragraph\">Javier Milei profundiz\u00f3 el debate en redes sociales en rechazo a las acusaciones de racismo contra la Argentina, y tambi\u00e9n vincul\u00f3 a una disputa ideol\u00f3gica internacional en la que mencion\u00f3 al &#8220;wokismo&#8221; y dentro de esa hip\u00f3tesis de campa\u00f1a anti-Argentina, incluy\u00f3 al &#8220;kirchnerismo&#8221;.<\/p>\n\n\n\n<p class=\"wp-block-paragraph\">Milei se refiri\u00f3 a esa pol\u00e9mica al repostear otro mensaje del referente libertario y titular de la Fundaci\u00f3n Faro -que recauda fondos para la campa\u00f1a electoral de La Libertad Avanza-, Agust\u00edn Laje, quien dijo que &#8220;el kirchnerismo ha sido una pieza fundamental de la campa\u00f1a anti-argentina&#8221;.<\/p>\n\n\n\n<p class=\"wp-block-paragraph\"><br>El caso Hebe Casado y los reclamos de Francia<\/p>\n\n\n\n<figure class=\"wp-block-image\"><img decoding=\"async\" src=\"https:\/\/media.diariouno.com.ar\/p\/27682039f4410fb62bc7315cd6dd2649\/adjuntos\/298\/imagenes\/009\/776\/0009776490\/1200x0\/smart\/tuit-hebe-casado.JPG\" alt=\"\" title=\"\"\/><\/figure>\n\n\n\n<p class=\"wp-block-paragraph\">Hace unos d\u00edas estall\u00f3 la pol\u00e9mica por un tuit que public\u00f3 la vicegobernadora de Mendoza, Hebe Casado, despu\u00e9s del partido entre Francia y Paraguay en el Mundial 2026.<\/p>\n\n\n\n<p class=\"wp-block-paragraph\">Casado se refiri\u00f3 a la selecci\u00f3n francesa como \u201cequipo africano\u201d, negando la nacionalidad francesa de sus jugadores bas\u00e1ndose en su color de piel u origen familiar, lo que fue considerado como un discurso discriminatorio.<\/p>\n\n\n\n<p class=\"wp-block-paragraph\">El embajador de Francia en Argentina, Romain Nadal, ratific\u00f3 que la declar\u00f3 &#8220;persona no grata&#8221; por no retirar lo que calific\u00f3 como &#8220;declaraciones abiertamente racistas&#8221; y asegur\u00f3 que no puede compartir reuniones de cooperaci\u00f3n bilateral con una funcionaria que &#8220;hizo declaraciones racistas&#8221;. Adem\u00e1s, sostuvo que &#8220;el racismo no es una opini\u00f3n, es un delito&#8221;.<\/p>\n\n\n\n<p class=\"wp-block-paragraph\">La postura asumida por el mandatario argentino coincidi\u00f3 con d\u00edas de debate interno dentro del propio oficialismo sobre c\u00f3mo gestionar la agenda exterior tras la bandera desplegada tras el triunfo contra Inglaterra reivindicando la soberan\u00eda argentina de las Islas Malvinas.<\/p>\n\n\n\n<figure class=\"wp-block-image\"><img decoding=\"async\" src=\"https:\/\/media.diariouno.com.ar\/p\/d19baca960471a25154fdc1de4923abb\/adjuntos\/298\/imagenes\/009\/782\/0009782533\/1200x0\/smart\/las-malvinas-son-argentinas-seleccion-argentina.jpg\" alt=\"El momento m&aacute;s pol&iacute;tico del Mundial 2026: jugadores de la Selecci&oacute;n argentina despliegan una bandera que dice &quot;Las Malvinas son argentinas&quot;.\" title=\"El momento m&aacute;s pol&iacute;tico del Mundial 2026: jugadores de la Selecci&oacute;n argentina despliegan una bandera que dice &quot;Las Malvinas son argentinas&quot;.\"\/><\/figure>\n\n\n\n<p class=\"wp-block-paragraph\">La vicepresidenta Victoria Villarruel hab\u00eda expresado una posici\u00f3n tajante en defensa de los futbolistas, definiendo a la Argentina como un pa\u00eds soberano que no acepta lecciones morales de naciones con pasado colonialista.<br>El momento m\u00e1s pol\u00edtico del Mundial 2026: jugadores de la Selecci\u00f3n argentina despliegan una bandera que dice &#8220;Las Malvinas son argentinas&#8221;.<\/p>\n\n\n\n<p class=\"wp-block-paragraph\">Sin embargo, las declaraciones de la vicepresidenta causaron cierta incomodidad en la Canciller\u00eda, lo que deriv\u00f3 en gestiones de la secretaria general de la Presidencia, Karina Milei, para calmar el escenario con la Embajada de Francia.<\/p>\n\n\n\n<p class=\"wp-block-paragraph\">Pese a estos movimientos diplom\u00e1ticos, las recientes publicaciones del presidente Javier Milei ratificaron que el oficialismo mantendr\u00e1 una l\u00ednea de rechazo a cualquier tipo de condena internacional contra los integrantes del seleccionado.<br>Figuras internacionales que se sumaron a la pol\u00e9mica<\/p>\n\n\n\n<p class=\"wp-block-paragraph\">Diversas personalidades del cine, la m\u00fasica y las redes sociales de gran influencia internacional amplificaron la narrativa en contra del pa\u00eds:<\/p>\n\n\n\n<pre class=\"wp-block-code\"><code>Samuel Jackson: el c\u00e9lebre actor estadounidense calific\u00f3 p\u00fablicamente a la Argentina como \"el pa\u00eds m\u00e1s racista del mundo\" y subi\u00f3 videos pidiendo expl\u00edcitamente que la gente no apoyara a la Selecci\u00f3n albiceleste.\nJavier Bardem: el actor espa\u00f1ol cuestion\u00f3 duramente el comportamiento de los futbolistas argentinos tras la final mundialista, tild\u00e1ndolos de \"tramposos\" y vinculando sus cr\u00edticas con el rechazo a la pol\u00edtica exterior del gobierno argentino hacia conflictos internacionales.\nPedro Pascal: el actor chileno-estadounidense interactu\u00f3 activamente en redes d\u00e1ndole \"me gusta\" a publicaciones de memes que relacionaban directamente a los argentinos con conductas racistas.\nRosal\u00eda: la cantante espa\u00f1ola encendi\u00f3 la pol\u00e9mica en v\u00edsperas de sus shows en Buenos Aires al republicar un video de Mia Kalifa en TikTok que utilizaba su canci\u00f3n \"La Perla\" para calificar de manera despectiva a los argentinos.\nNiall Horan y Patti Smith: el m\u00fasico brit\u00e1nico y la ic\u00f3nica cantante estadounidense se sumaron a las interacciones en redes celebrando la derrota argentina o apoyando discursos cr\u00edticos hacia el pa\u00eds.\nLa discusi\u00f3n escal\u00f3 a tal nivel que lleg\u00f3 al propio Congreso de los Estados Unidos. La congresista dem\u00f3crata por Texas, Jazmine Crockett, afirm\u00f3 durante una audiencia p\u00fablica sobre desigualdad que el rechazo mundial hacia el equipo argentino en la final de la Copa del Mundo se deb\u00eda a la \"historia racista\" de la Argentina, citando pol\u00edticas hist\u00f3ricas de blanqueamiento demogr\u00e1fico del siglo XIX.<\/code><\/pre>\n","protected":false},"excerpt":{"rendered":"<p>El presidente Javier Milei desestim\u00f3 las cr\u00edticas internacionales y apel\u00f3 a una cita hist\u00f3rica para defender la postura<\/p>\n","protected":false},"author":3,"featured_media":0,"comment_status":"open","ping_status":"open","sticky":false,"template":"","format":"standard","meta":{"footnotes":""},"categories":[6],"tags":[],"class_list":["post-155","post","type-post","status-publish","format-standard","hentry","category-politica"],"_links":{"self":[{"href":"https:\/\/www.gentedetrabajo.com.ar\/index.php?rest_route=\/wp\/v2\/posts\/155","targetHints":{"allow":["GET"]}}],"collection":[{"href":"https:\/\/www.gentedetrabajo.com.ar\/index.php?rest_route=\/wp\/v2\/posts"}],"about":[{"href":"https:\/\/www.gentedetrabajo.com.ar\/index.php?rest_route=\/wp\/v2\/types\/post"}],"author":[{"embeddable":true,"href":"https:\/\/www.gentedetrabajo.com.ar\/index.php?rest_route=\/wp\/v2\/users\/3"}],"replies":[{"embeddable":true,"href":"https:\/\/www.gentedetrabajo.com.ar\/index.php?rest_route=%2Fwp%2Fv2%2Fcomments&post=155"}],"version-history":[{"count":1,"href":"https:\/\/www.gentedetrabajo.com.ar\/index.php?rest_route=\/wp\/v2\/posts\/155\/revisions"}],"predecessor-version":[{"id":156,"href":"https:\/\/www.gentedetrabajo.com.ar\/index.php?rest_route=\/wp\/v2\/posts\/155\/revisions\/156"}],"wp:attachment":[{"href":"https:\/\/www.gentedetrabajo.com.ar\/index.php?rest_route=%2Fwp%2Fv2%2Fmedia&parent=155"}],"wp:term":[{"taxonomy":"category","embeddable":true,"href":"https:\/\/www.gentedetrabajo.com.ar\/index.php?rest_route=%2Fwp%2Fv2%2Fcategories&post=155"},{"taxonomy":"post_tag","embeddable":true,"href":"https:\/\/www.gentedetrabajo.com.ar\/index.php?rest_route=%2Fwp%2Fv2%2Ftags&post=155"}],"curies":[{"name":"wp","href":"https:\/\/api.w.org\/{rel}","templated":true}]}}