{"id":158,"date":"2026-07-23T11:10:50","date_gmt":"2026-07-23T14:10:50","guid":{"rendered":"https:\/\/www.gentedetrabajo.com.ar\/?p=158"},"modified":"2026-07-23T11:10:51","modified_gmt":"2026-07-23T14:10:51","slug":"diputados-tratara-en-agosto-la-ley-de-inocencia-fiscal-para-incorporar-dolares-fuera-del-sistema","status":"publish","type":"post","link":"https:\/\/www.gentedetrabajo.com.ar\/?p=158","title":{"rendered":"Diputados tratar\u00e1 en agosto la ley de Inocencia Fiscal para incorporar d\u00f3lares fuera del sistema"},"content":{"rendered":"\n<p class=\"wp-block-paragraph\">El oficialismo buscar\u00e1 avanzar tras el receso invernal en el debate de la reforma de Inocencia Fiscal, pero para ello deber\u00e1 tener el aval de los bloques dialoguistas<\/p>\n\n\n\n<figure class=\"wp-block-image size-large\"><img loading=\"lazy\" decoding=\"async\" width=\"1024\" height=\"683\" src=\"https:\/\/www.gentedetrabajo.com.ar\/wp-content\/uploads\/2026\/07\/720-1024x683.webp\" alt=\"\" class=\"wp-image-159\" srcset=\"https:\/\/www.gentedetrabajo.com.ar\/wp-content\/uploads\/2026\/07\/720-1024x683.webp 1024w, https:\/\/www.gentedetrabajo.com.ar\/wp-content\/uploads\/2026\/07\/720-300x200.webp 300w, https:\/\/www.gentedetrabajo.com.ar\/wp-content\/uploads\/2026\/07\/720-768x512.webp 768w, https:\/\/www.gentedetrabajo.com.ar\/wp-content\/uploads\/2026\/07\/720.webp 1079w\" sizes=\"auto, (max-width: 1024px) 100vw, 1024px\" \/><\/figure>\n\n\n\n<p class=\"wp-block-paragraph\">La C\u00e1mara de Diputados tendr\u00e1 como principal tema de su agenda en los primeros d\u00edas de agosto el proyecto de reforma de la ley de Inocencia Fiscal que enviar\u00e1 el Gobierno,con el objetivo de que se que sumen contribuyentes para incorporar los d\u00f3lares que est\u00e1n fuera del sistema financiero.<\/p>\n\n\n\n<p class=\"wp-block-paragraph\">Tras las vacaciones de invierno, la Libertad Avanza buscar\u00e1 acuerdos con los bloques dialoguistas de la UCR, el PRO; Innovaci\u00f3n Federal y otros bloques provinciales para que respalden esa iniciativa, como lo hicieron cuando se aprob\u00f3 en diciembre.<\/p>\n\n\n\n<p class=\"wp-block-paragraph\">Esas negociaciones que encarar\u00e1n el presidente de la C\u00e1mara de Diputados, Mart\u00edn Menem, y los presidentes de las comisiones de Presupuesto, y de Legislaci\u00f3n Penal, que conducen Bertie Benegas Lynch y Laura Rodriguez Machado.<\/p>\n\n\n\n<p class=\"wp-block-paragraph\">El oficialismo buscar\u00e1 primero tratar este proyecto entre el oficialismo y los bloques dialoguistas previo al debate de la comisi\u00f3n, dado que sin el apoyo de los aliados la Libertad Avanza no podr\u00e1 avanzar con la iniciativa de este proyecto.<\/p>\n\n\n\n<p class=\"wp-block-paragraph\">La Libertad Avanza tiene 95 legisladores, con lo cual necesita 34 legisladores para tener 129 para abrir el recinto y para sancionar el proyecto.<\/p>\n\n\n\n<p class=\"wp-block-paragraph\">En ese contexto, el oficialismo necesita el apoyo de los legisladores de Innovaci\u00f3n Federal, de Fuerzas del Cambio, de Producci\u00f3n y Trabajo, de La Nequinidad, que tienen en total 36 legisladores.<\/p>\n\n\n\n<p class=\"wp-block-paragraph\">No descartan tratar de sumar por lo menos 4 de Provincias Unidas que hasta diciembre militaban en el PRO.<\/p>\n\n\n\n<p class=\"wp-block-paragraph\">El proyecto que busca aprobar el Gobierno para lograr el objetivo que ten\u00eda la ley sancionada en las sesiones extraordinarias que haya un blanqueo de los dolares &#8220;guardados en el colchon&#8221; dado que persiste la desconfianza de algunos sectores de incorporarlo en el sistema financiero.<\/p>\n\n\n\n<p class=\"wp-block-paragraph\">En ese sentido, la LLA va a proponer que todos puedan acceder al r\u00e9gimen simplificado del impuesto a las ganancias, que hasta ahora solo se permit\u00eda a aquellos que tengan un ingreso anual de mil millones y $10.000 millones en patrimonio.<\/p>\n\n\n\n<p class=\"wp-block-paragraph\">Otro punto clave que la ley fija que habr\u00e1 revisiones de ARCA cuando haya discrepancias de mas del 15% entre los ingresos y bienes declarados, pero en el nuevo proyecto ese piso se elevar\u00e1 al 30 %.<\/p>\n\n\n\n<p class=\"wp-block-paragraph\">Uni\u00f3n por la Patria tambi\u00e9n quiere discutir cambios en el proyecto pero solo enfocados a los contribuyentes &#8220;politicamente expuestos&#8221; para prohibir que los funcionarios p\u00fablicos y sus familiares se beneficien de este r\u00e9gimen de declaraci\u00f3n simplificada.<\/p>\n\n\n\n<p class=\"wp-block-paragraph\">Estas propuestas surgieron cuando se desat\u00f3 el esc\u00e1ndalo por el crecimiento patrimonial del ex jefe de Gabinete, Manuel Adorni, que utiliz\u00f3 la ley de Inocencia Fiscal para rectificar su declaraci\u00f3n jurada.<\/p>\n\n\n\n<p class=\"wp-block-paragraph\">La iniciativa del diputado de Uni\u00f3n por la Patria, Eduardo Valdes, establece que los funcionarios de todos los poderes del Estado no podr\u00e1 utilizar el r\u00e9gimen simplificado de ganancias.<\/p>\n","protected":false},"excerpt":{"rendered":"<p>El oficialismo buscar\u00e1 avanzar tras el receso invernal en el debate de la reforma de Inocencia Fiscal, pero<\/p>\n","protected":false},"author":3,"featured_media":0,"comment_status":"open","ping_status":"open","sticky":false,"template":"","format":"standard","meta":{"footnotes":""},"categories":[6],"tags":[],"class_list":["post-158","post","type-post","status-publish","format-standard","hentry","category-politica"],"_links":{"self":[{"href":"https:\/\/www.gentedetrabajo.com.ar\/index.php?rest_route=\/wp\/v2\/posts\/158","targetHints":{"allow":["GET"]}}],"collection":[{"href":"https:\/\/www.gentedetrabajo.com.ar\/index.php?rest_route=\/wp\/v2\/posts"}],"about":[{"href":"https:\/\/www.gentedetrabajo.com.ar\/index.php?rest_route=\/wp\/v2\/types\/post"}],"author":[{"embeddable":true,"href":"https:\/\/www.gentedetrabajo.com.ar\/index.php?rest_route=\/wp\/v2\/users\/3"}],"replies":[{"embeddable":true,"href":"https:\/\/www.gentedetrabajo.com.ar\/index.php?rest_route=%2Fwp%2Fv2%2Fcomments&post=158"}],"version-history":[{"count":1,"href":"https:\/\/www.gentedetrabajo.com.ar\/index.php?rest_route=\/wp\/v2\/posts\/158\/revisions"}],"predecessor-version":[{"id":160,"href":"https:\/\/www.gentedetrabajo.com.ar\/index.php?rest_route=\/wp\/v2\/posts\/158\/revisions\/160"}],"wp:attachment":[{"href":"https:\/\/www.gentedetrabajo.com.ar\/index.php?rest_route=%2Fwp%2Fv2%2Fmedia&parent=158"}],"wp:term":[{"taxonomy":"category","embeddable":true,"href":"https:\/\/www.gentedetrabajo.com.ar\/index.php?rest_route=%2Fwp%2Fv2%2Fcategories&post=158"},{"taxonomy":"post_tag","embeddable":true,"href":"https:\/\/www.gentedetrabajo.com.ar\/index.php?rest_route=%2Fwp%2Fv2%2Ftags&post=158"}],"curies":[{"name":"wp","href":"https:\/\/api.w.org\/{rel}","templated":true}]}}