{"id":161,"date":"2026-07-23T11:54:46","date_gmt":"2026-07-23T14:54:46","guid":{"rendered":"https:\/\/www.gentedetrabajo.com.ar\/?p=161"},"modified":"2026-07-23T11:54:47","modified_gmt":"2026-07-23T14:54:47","slug":"cancelaron-un-evento-de-rosalia-en-cordoba-tras-la-polemica-por-su-postura-anti-argentina","status":"publish","type":"post","link":"https:\/\/www.gentedetrabajo.com.ar\/?p=161","title":{"rendered":"Cancelaron un evento de Rosal\u00eda en C\u00f3rdoba tras la pol\u00e9mica por su postura anti-Argentina"},"content":{"rendered":"\n<p class=\"wp-block-paragraph\">Por miedo a represalias, una instituci\u00f3n cultural se vio obligada a no seguir adelante con el homenaje a la cantante espa\u00f1ola.<\/p>\n\n\n\n<figure class=\"wp-block-image\"><img decoding=\"async\" src=\"https:\/\/media.mdzol.com\/p\/dbcac024f0c46e911bf4387393b3d471\/adjuntos\/373\/imagenes\/001\/967\/0001967125\/760x0\/838x364:858x384\/portada-show-cancelado-rosalia.jpg\" alt=\"El espect\u00e1culo sinf\u00f3nico dedicado al repertorio de la artista espa\u00f1ola fue dado de baja en la capital cordobesa. \/ Instagram @rosalia.vt\"\/><\/figure>\n\n\n\n<p class=\"wp-block-paragraph\">En medio del enojo de los fan\u00e1ticos argentinos de Rosal\u00eda luego de que esta se sumara a la campa\u00f1a anti-Argentina en redes sociales, una productora se vio obligada a cancelar un evento relacionado con la cantante por temor a represalias.<br>Malestar con Rosal\u00eda: cu\u00e1nto cuestan las entradas que est\u00e1 devolviendo la gente para el Movistar Arena<\/p>\n\n\n\n<p class=\"wp-block-paragraph\">Seg\u00fan supo la Agencia Noticias Argentinas, Rosal\u00eda en Concierto &#8211; Ensamble Sinf\u00f3nico estaba previsto para este 24 de julio en el Museo Metropolitano de Arte Urbano de C\u00f3rdoba. El espect\u00e1culo recorr\u00eda la trayectoria musical de la artista a lo largo de los a\u00f1os.<\/p>\n\n\n\n<p class=\"wp-block-paragraph\">La decisi\u00f3n de suspender el evento homenaje a Rosal\u00eda fue de manera conjunta por la productora Impacto Producciones y la instituci\u00f3n cultural ante la llegada de mensajes de hostigamiento en las redes sociales y el tenso clima generado por el accionar de la cantante en los \u00faltimos d\u00edas.<\/p>\n\n\n\n<figure class=\"wp-block-image\"><img decoding=\"async\" src=\"https:\/\/media.mdzol.com\/p\/f06c9260a032ed9d5854442e74952310\/adjuntos\/373\/imagenes\/001\/967\/0001967126\/760x0\/smart\/evento-cancelado-rosalia.png\" alt=\"La explanada del espacio cultural iba a recibir a cientos de espectadores para disfrutar del ensamble musical.\" title=\"La explanada del espacio cultural iba a recibir a cientos de espectadores para disfrutar del ensamble musical.\"\/><\/figure>\n\n\n\n<p class=\"wp-block-paragraph\">A trav\u00e9s de un comunicado difundido en redes sociales, la productora confirm\u00f3 la cancelaci\u00f3n del espect\u00e1culo pese a los meses de planificaci\u00f3n que llev\u00f3 el mismo, e intent\u00f3 aclarar que no hay un v\u00ednculo cercano con la artista, sino que se trataba de un show creado desde la admiraci\u00f3n a sus obras.<\/p>\n\n\n\n<p class=\"wp-block-paragraph\">&#8220;En las \u00faltimas horas hemos recibido numerosos mensajes de odio y enojo en relaci\u00f3n a nuestro tributo&#8221;, se\u00f1alaron.<br>Cancelaron un evento de Rosal\u00eda en C\u00f3rdoba tras la pol\u00e9mica por su postura anti-Argentina<\/p>\n\n\n\n<p class=\"wp-block-paragraph\">Ante las miles de cr\u00edticas hacia Rosal\u00eda, la productora dijo entender de d\u00f3nde viene el enojo: &#8220;Tambi\u00e9n somos argentinos. Somos parte de un pueblo en donde el f\u00fatbol no es solo un deporte, es parte de nuestra identidad, de nuestra historia y de nuestra cultura. Por eso entendemos el enojo, la tristeza y la decepci\u00f3n&#8221;.<\/p>\n\n\n\n<p class=\"wp-block-paragraph\">En declaraciones a la prensa, el director del museo, Piky S\u00e1nchez, lament\u00f3 la situaci\u00f3n y explic\u00f3 que el ciclo cultural tiene como prop\u00f3sito principal la difusi\u00f3n de propuestas art\u00edsticas alternativas.<br>Roberto Piazza pidi\u00f3 que Rosal\u00eda fuera declarada persona no grata en Argentina<\/p>\n\n\n\n<p class=\"wp-block-paragraph\">En la misma l\u00ednea, destac\u00f3 el trabajo de los m\u00fasicos y t\u00e9cnicos locales, quienes llevaban meses ensayando para la puesta en escena, pero prefiri\u00f3 resguardar la seguridad de los participantes ante posibles incidentes.<br>Rosal\u00eda comparti\u00f3 una campa\u00f1a anti-Argentina y luego pidi\u00f3 disculpas<\/p>\n\n\n\n<p class=\"wp-block-paragraph\">La controversia se origin\u00f3 a ra\u00edz de una publicaci\u00f3n compartida por Rosal\u00eda en la plataforma TikTok, donde difundi\u00f3 un video de M\u00eda Khalifa celebrando la victoria de la selecci\u00f3n de Espa\u00f1a sobre la de Argentina en la final del Mundial 2026.<br>La pol\u00e9mica reacci\u00f3n de Rosal\u00eda tras compartir un video \u201canti-Argentina\u201d: \u201cMala m\u00eda&#8221;<\/p>\n\n\n\n<p class=\"wp-block-paragraph\">El video inclu\u00eda la frase &#8220;C\u00f3mo suena la vida ahora que las perlas han sido derrotadas&#8221; junto a la canci\u00f3n La Perla, t\u00e9rmino que suele ser utilizado para referirse a personas poco confiables o problem\u00e1ticas, lo que despert\u00f3 la indignaci\u00f3n de sus fan\u00e1ticos argentinos.<\/p>\n\n\n\n<p class=\"wp-block-paragraph\">La cantante decidi\u00f3 enfrentar la pol\u00e9mica y escribi\u00f3 un &#8220;pedido de disculpas&#8221; a sus seguidores argentinos, argumentando que no se dio cuenta de lo que compart\u00eda.<\/p>\n\n\n\n<figure class=\"wp-block-image\"><img decoding=\"async\" src=\"https:\/\/media.mdzol.com\/p\/aa68619d5ac07808db2089b9ed8a7e6e\/adjuntos\/373\/imagenes\/001\/966\/0001966565\/760x0\/smart\/rosaliavt_.jpg\" alt=\"La cantante utiliz\u00f3 sus historias de Instagram para disculparse con el p\u00fablico argentino tras la equivocaci\u00f3n.\" title=\"La cantante utiliz\u00f3 sus historias de Instagram para disculparse con el p\u00fablico argentino tras la equivocaci\u00f3n.\"\/><\/figure>\n\n\n\n<p class=\"wp-block-paragraph\">A trav\u00e9s de sus historias de Instagram y con una bandera argentina en el centro, sostuvo: &#8220;Le di a compartir porque sonaba la perla y ni le\u00ed lo que pon\u00eda, mala m\u00eda&#8221;. Por \u00faltimo, cerr\u00f3 con emojis con l\u00e1grimas: &#8220;Perdoooonnnnn&#8221;.<\/p>\n\n\n\n<p class=\"wp-block-paragraph\"><\/p>\n","protected":false},"excerpt":{"rendered":"<p>Por miedo a represalias, una instituci\u00f3n cultural se vio obligada a no seguir adelante con el homenaje a<\/p>\n","protected":false},"author":3,"featured_media":0,"comment_status":"open","ping_status":"open","sticky":false,"template":"","format":"standard","meta":{"footnotes":""},"categories":[7],"tags":[],"class_list":["post-161","post","type-post","status-publish","format-standard","hentry","category-entretenimiento"],"_links":{"self":[{"href":"https:\/\/www.gentedetrabajo.com.ar\/index.php?rest_route=\/wp\/v2\/posts\/161","targetHints":{"allow":["GET"]}}],"collection":[{"href":"https:\/\/www.gentedetrabajo.com.ar\/index.php?rest_route=\/wp\/v2\/posts"}],"about":[{"href":"https:\/\/www.gentedetrabajo.com.ar\/index.php?rest_route=\/wp\/v2\/types\/post"}],"author":[{"embeddable":true,"href":"https:\/\/www.gentedetrabajo.com.ar\/index.php?rest_route=\/wp\/v2\/users\/3"}],"replies":[{"embeddable":true,"href":"https:\/\/www.gentedetrabajo.com.ar\/index.php?rest_route=%2Fwp%2Fv2%2Fcomments&post=161"}],"version-history":[{"count":1,"href":"https:\/\/www.gentedetrabajo.com.ar\/index.php?rest_route=\/wp\/v2\/posts\/161\/revisions"}],"predecessor-version":[{"id":162,"href":"https:\/\/www.gentedetrabajo.com.ar\/index.php?rest_route=\/wp\/v2\/posts\/161\/revisions\/162"}],"wp:attachment":[{"href":"https:\/\/www.gentedetrabajo.com.ar\/index.php?rest_route=%2Fwp%2Fv2%2Fmedia&parent=161"}],"wp:term":[{"taxonomy":"category","embeddable":true,"href":"https:\/\/www.gentedetrabajo.com.ar\/index.php?rest_route=%2Fwp%2Fv2%2Fcategories&post=161"},{"taxonomy":"post_tag","embeddable":true,"href":"https:\/\/www.gentedetrabajo.com.ar\/index.php?rest_route=%2Fwp%2Fv2%2Ftags&post=161"}],"curies":[{"name":"wp","href":"https:\/\/api.w.org\/{rel}","templated":true}]}}