{"id":166,"date":"2026-08-12T20:32:52","date_gmt":"2026-08-12T23:32:52","guid":{"rendered":"https:\/\/www.gentedetrabajo.com.ar\/?p=166"},"modified":"2026-08-12T20:32:54","modified_gmt":"2026-08-12T23:32:54","slug":"mauricio-macri-conto-que-volvio-a-hablar-con-karina-milei-y-reabrio-un-canal-de-negociacion","status":"publish","type":"post","link":"https:\/\/www.gentedetrabajo.com.ar\/?p=166","title":{"rendered":"Mauricio Macri cont\u00f3 que volvi\u00f3 a hablar con Karina Milei y reabri\u00f3 un canal de negociaci\u00f3n"},"content":{"rendered":"\n<p class=\"wp-block-paragraph\">El ex presidente confirm\u00f3 el contacto con la secretaria general de la Presidencia y habilit\u00f3 a Cristian Ritondo y Fernando de Andreis a reunirse con el jefe de Gabinete, Diego Santilli<\/p>\n\n\n\n<figure class=\"wp-block-image\"><img decoding=\"async\" src=\"https:\/\/media.diariouno.com.ar\/p\/adc7ec63663dad05f632dcfd27cbbc15\/adjuntos\/298\/imagenes\/009\/797\/0009797624\/1200x0\/smart\/macri-y-karina-milei.jpg\" alt=\"Mauricio Macri y Karina Milei retomaron el di\u00e1logo.\" title=\"Mauricio Macri y Karina Milei retomaron el di\u00e1logo.\"\/><\/figure>\n\n\n\n<p class=\"wp-block-paragraph\">En un giro pol\u00edtico de alto impacto, Mauricio Macri reabri\u00f3 los canales directos de comunicaci\u00f3n con el n\u00facleo duro del gobierno nacional. El ex presidente y titular del PRO revel\u00f3 ante la mesa ejecutiva de su partido que mantuvo un di\u00e1logo con Karina Milei, secretaria general de la Presidencia.<\/p>\n\n\n\n<p class=\"wp-block-paragraph\">Tras esa conversaci\u00f3n decidi\u00f3 dar el primer paso para intentar reconstruir la confianza entre ambas fuerzas de cara al futuro pol\u00edtico y legislativo. La novedad fue transmitida por el propio Macri a trav\u00e9s del grupo de mensajes que comparte con la conducci\u00f3n del PRO. En ese escrito, comunic\u00f3 que instruy\u00f3 a Cristian Ritondo (jefe del bloque de diputados nacionales) y a Fernando de Andreis (secretario general del partido y dirigente de su m\u00e1xima confianza) a concurrir a una reuni\u00f3n en la Casa Rosada con autoridades del Poder Ejecutivo.<\/p>\n\n\n\n<p class=\"wp-block-paragraph\">Por el lado del gobierno, la mesa de di\u00e1logo estar\u00e1 encabezada por el jefe de Gabinete, Diego Santilli, junto al asesor presidencial Eduardo Lule Menem y referentes de la conducci\u00f3n pol\u00edtica libertaria.<br>Fernando de Andreis y Cristian Ritondo fueron designados por Mauricio Macri para avanzar en las negociaciones del PRO con La Libertad Avanza.<\/p>\n\n\n\n<p class=\"wp-block-paragraph\">Fernando de Andreis y Cristian Ritondo fueron designados por Mauricio Macri para avanzar en las negociaciones del PRO con La Libertad Avanza.<\/p>\n\n\n\n<p class=\"wp-block-paragraph\">Pese a habilitar la negociaci\u00f3n, Macri acompa\u00f1\u00f3 la decisi\u00f3n con un mensaje que refleja las prevenciones que mantiene sobre la gesti\u00f3n de Javier Milei. Ante los dirigentes de la c\u00fapula amarilla, admiti\u00f3 continuar &#8220;esc\u00e9ptico&#8221; sobre los alcances reales de un entendimiento duradero.<\/p>\n\n\n\n<p class=\"wp-block-paragraph\">Sin embargo, fij\u00f3 una postura clara para la estrategia del partido: reiter\u00f3 que durante este a\u00f1o se debe &#8220;agotar todo intento de que a este gobierno le vaya bien&#8221; y trabajar para &#8220;blindar el cambio&#8221;.<\/p>\n\n\n\n<p class=\"wp-block-paragraph\">&#8220;Buscamos dar un primer paso de acercamiento e intentar construir un marco de confianza con la Casa Rosada&#8221;, sintetiz\u00f3 el fundador del PRO en su mensaje a la conducci\u00f3n partidaria.<\/p>\n\n\n\n<p class=\"wp-block-paragraph\">El acercamiento institucional se produce tras un per\u00edodo de distanciamiento entre el ex presidente y el entorno m\u00e1s cercano a Javier Milei -con quienes no manten\u00eda encuentros presenciales desde fines del a\u00f1o pasado.<br>\u00bfHabr\u00e1 fusi\u00f3n PRO-La Libertad Avanza en el Congreso?<\/p>\n\n\n\n<p class=\"wp-block-paragraph\">\u00bfHabr\u00e1 fusi\u00f3n PRO-La Libertad Avanza en el Congreso?<\/p>\n\n\n\n<figure class=\"wp-block-image\"><img decoding=\"async\" src=\"https:\/\/media.diariouno.com.ar\/p\/5167f69c0c4e9139e98e6dcb8bf8e255\/adjuntos\/298\/imagenes\/009\/797\/0009797623\/1200x0\/smart\/congreso.jpg\" alt=\"\u00bfHabr\u00e1 fusi\u00f3n PRO-La Libertad Avanza en el Congreso?\" title=\"\u00bfHabr\u00e1 fusi\u00f3n PRO-La Libertad Avanza en el Congreso?\"\/><\/figure>\n\n\n\n<p class=\"wp-block-paragraph\">El movimiento busca ordenar la interna del PRO, dividida entre los sectores que promueven una fusi\u00f3n o cooperaci\u00f3n irrestricta con La Libertad Avanza y aquellos que reclaman preservar la autonom\u00eda e identidad partidaria para competir en las presidenciales de 2027.<\/p>\n\n\n\n<p class=\"wp-block-paragraph\">Aunque en esta primera instancia los interlocutores aclararon que no se trata de la firma de una alianza electoral inmediata, la apertura de este canal de negociaci\u00f3n marca un hito.<\/p>\n\n\n\n<p class=\"wp-block-paragraph\">Para el gobierno, resulta indispensable garantizar el respaldo legislativo del bloque amarillo en el Congreso; mientras que para el PRO, redefinir el esquema de alianzas en distritos clave como la Ciudad de Buenos Aires y la Provincia de Buenos Aires resultar\u00e1 determinante para sus aspiraciones futuras.<\/p>\n\n\n\n<p class=\"wp-block-paragraph\">Contenido asistido por IA y verificado por humanos<br>Para crear este art\u00edculo, usamos herramientas de inteligencia artificial como asistente en la investigaci\u00f3n y redacci\u00f3n. Todo el contenido ha sido meticulosamente revisado, editado y aprobado por Redacci\u00f3n de UNO, quien es responsable final de su veracidad y cumplimiento de nuestros est\u00e1ndares editoriales.<\/p>\n","protected":false},"excerpt":{"rendered":"<p>El ex presidente confirm\u00f3 el contacto con la secretaria general de la Presidencia y habilit\u00f3 a Cristian Ritondo<\/p>\n","protected":false},"author":3,"featured_media":0,"comment_status":"open","ping_status":"open","sticky":false,"template":"","format":"standard","meta":{"footnotes":""},"categories":[6],"tags":[],"class_list":["post-166","post","type-post","status-publish","format-standard","hentry","category-politica"],"_links":{"self":[{"href":"https:\/\/www.gentedetrabajo.com.ar\/index.php?rest_route=\/wp\/v2\/posts\/166","targetHints":{"allow":["GET"]}}],"collection":[{"href":"https:\/\/www.gentedetrabajo.com.ar\/index.php?rest_route=\/wp\/v2\/posts"}],"about":[{"href":"https:\/\/www.gentedetrabajo.com.ar\/index.php?rest_route=\/wp\/v2\/types\/post"}],"author":[{"embeddable":true,"href":"https:\/\/www.gentedetrabajo.com.ar\/index.php?rest_route=\/wp\/v2\/users\/3"}],"replies":[{"embeddable":true,"href":"https:\/\/www.gentedetrabajo.com.ar\/index.php?rest_route=%2Fwp%2Fv2%2Fcomments&post=166"}],"version-history":[{"count":1,"href":"https:\/\/www.gentedetrabajo.com.ar\/index.php?rest_route=\/wp\/v2\/posts\/166\/revisions"}],"predecessor-version":[{"id":167,"href":"https:\/\/www.gentedetrabajo.com.ar\/index.php?rest_route=\/wp\/v2\/posts\/166\/revisions\/167"}],"wp:attachment":[{"href":"https:\/\/www.gentedetrabajo.com.ar\/index.php?rest_route=%2Fwp%2Fv2%2Fmedia&parent=166"}],"wp:term":[{"taxonomy":"category","embeddable":true,"href":"https:\/\/www.gentedetrabajo.com.ar\/index.php?rest_route=%2Fwp%2Fv2%2Fcategories&post=166"},{"taxonomy":"post_tag","embeddable":true,"href":"https:\/\/www.gentedetrabajo.com.ar\/index.php?rest_route=%2Fwp%2Fv2%2Ftags&post=166"}],"curies":[{"name":"wp","href":"https:\/\/api.w.org\/{rel}","templated":true}]}}