{"id":168,"date":"2026-08-12T20:36:48","date_gmt":"2026-08-12T23:36:48","guid":{"rendered":"https:\/\/www.gentedetrabajo.com.ar\/?p=168"},"modified":"2026-08-12T20:36:49","modified_gmt":"2026-08-12T23:36:49","slug":"la-lluvia-dira-presente-en-mendoza-y-habra-que-preparar-los-paraguas","status":"publish","type":"post","link":"https:\/\/www.gentedetrabajo.com.ar\/?p=168","title":{"rendered":"La lluvia dir\u00e1 presente en Mendoza y habr\u00e1 que preparar los paraguas"},"content":{"rendered":"\n<p class=\"wp-block-paragraph\">El pron\u00f3stico del tiempo en Mendoza anuncia la llegada de lluvias en el Gran Mendoza y otros departamentos<\/p>\n\n\n\n<figure class=\"wp-block-image\"><img decoding=\"async\" src=\"https:\/\/media.diariouno.com.ar\/p\/2a128b303804025d4ec263e9f3025eff\/adjuntos\/298\/imagenes\/009\/774\/0009774667\/1200x0\/smart\/frio-lluvia-mendoza.jfif\" alt=\"\" title=\"\"\/><\/figure>\n\n\n\n<p class=\"wp-block-paragraph\">Las lluvias se esperan para el fin de semana en Mendoza, seg\u00fan el pron\u00f3stico del tiempo.<\/p>\n\n\n\n<p class=\"wp-block-paragraph\">El pron\u00f3stico del tiempo en Mendoza es bastante alentador para los que estaban esperando un tiempo agradable y buenas temperaturas para estos d\u00edas, pero no tanto para las jornadas del fin de semana, ya que se esperan lluvias. Habr\u00e1 que sacar el paragua y tener un abrigo a mano por las dudas.<\/p>\n\n\n\n<p class=\"wp-block-paragraph\">\u00bfCu\u00e1ndo llegar\u00e1 la lluvia en Mendoza? Desde hace varios d\u00edas que se viene anunciando precipitaciones para el fin de semana, especialmente para el domingo. Sin embargo, la lluvia podr\u00eda comenzar el s\u00e1bado e inclusive podr\u00eda extenderse hasta el lunes.<\/p>\n\n\n\n<figure class=\"wp-block-image\"><img decoding=\"async\" src=\"https:\/\/media.diariouno.com.ar\/p\/c07dc59ad802d30bd0f7a73b6ac7e566\/adjuntos\/298\/imagenes\/009\/756\/0009756362\/1200x0\/smart\/pronostico-del-tiempo-lluvias.jpg\" alt=\"\" title=\"\"\/><\/figure>\n\n\n\n<p class=\"wp-block-paragraph\">Luego de jornadas fr\u00edas y una mejora en los d\u00edas hasta el s\u00e1bado, es momento de sacar los paraguas y tenerlos preparados para el fin de semana.\u00e7<\/p>\n\n\n\n<p class=\"wp-block-paragraph\">Lluvias para el fin de semana: el pron\u00f3stico para Mendoza<\/p>\n\n\n\n<p class=\"wp-block-paragraph\">La meteor\u00f3loga Elizabeth Naranjo Tamayo sostuvo este mi\u00e9rcoles en Radio Nihuil, respecto a las precipitaciones que es esperan para el domingo: \u201cEl domingo habr\u00e1 precipitaciones aisladas en el Gran Mendoza, Malarg\u00fce y los de departamentos del Valle de Uco\u201d.<\/p>\n\n\n\n<p class=\"wp-block-paragraph\">Adem\u00e1s, la meteor\u00f3loga se refiri\u00f3 al pron\u00f3stico del tiempo en general y al de alta monta\u00f1a: \u201cEste mi\u00e9rcoles hubo una m\u00ednima de 3 grados y se espera una m\u00e1xima de 13 grados en horas de la tarde, en una jornada bastante parecida a la del martes\u201d.<\/p>\n\n\n\n<p class=\"wp-block-paragraph\">Sobre las condiciones del tiempo en alta monta\u00f1a, la experta aclar\u00f3 que se vienen registrando nevadas d\u00e9biles, pero se producir\u00e1 una ventana de buen tiempo entre este mi\u00e9rcoles y jueves.<\/p>\n\n\n\n<p class=\"wp-block-paragraph\">Las nevadas en alta monta\u00f1a continuar\u00e1n entre el pr\u00f3ximo viernes y se prolongar\u00e1n hasta el martes, dilatando a\u00fan m\u00e1s la habilitaci\u00f3n del Paso Cristo Redentor.<\/p>\n\n\n\n<p class=\"wp-block-paragraph\">En conclusi\u00f3n, el pron\u00f3stico del tiempo mejorar\u00e1 con el paso de los d\u00edas hasta el fin de semana, con jornadas bastante agradables.<\/p>\n\n\n\n<p class=\"wp-block-paragraph\">Tambi\u00e9n habr\u00e1 que estar preparado para las lluvias del domingo y, como a\u00fan estamos en invierno, aunque ya muchos tienen la mente puesta en la primavera por su cercan\u00eda, habr\u00e1 que tener los abrigos a mano y si se sale a realizar alguna actividad al aire libre.<\/p>\n","protected":false},"excerpt":{"rendered":"<p>El pron\u00f3stico del tiempo en Mendoza anuncia la llegada de lluvias en el Gran Mendoza y otros departamentos<\/p>\n","protected":false},"author":3,"featured_media":0,"comment_status":"open","ping_status":"open","sticky":false,"template":"","format":"standard","meta":{"footnotes":""},"categories":[1],"tags":[],"class_list":["post-168","post","type-post","status-publish","format-standard","hentry","category-sin-categoria"],"_links":{"self":[{"href":"https:\/\/www.gentedetrabajo.com.ar\/index.php?rest_route=\/wp\/v2\/posts\/168","targetHints":{"allow":["GET"]}}],"collection":[{"href":"https:\/\/www.gentedetrabajo.com.ar\/index.php?rest_route=\/wp\/v2\/posts"}],"about":[{"href":"https:\/\/www.gentedetrabajo.com.ar\/index.php?rest_route=\/wp\/v2\/types\/post"}],"author":[{"embeddable":true,"href":"https:\/\/www.gentedetrabajo.com.ar\/index.php?rest_route=\/wp\/v2\/users\/3"}],"replies":[{"embeddable":true,"href":"https:\/\/www.gentedetrabajo.com.ar\/index.php?rest_route=%2Fwp%2Fv2%2Fcomments&post=168"}],"version-history":[{"count":1,"href":"https:\/\/www.gentedetrabajo.com.ar\/index.php?rest_route=\/wp\/v2\/posts\/168\/revisions"}],"predecessor-version":[{"id":169,"href":"https:\/\/www.gentedetrabajo.com.ar\/index.php?rest_route=\/wp\/v2\/posts\/168\/revisions\/169"}],"wp:attachment":[{"href":"https:\/\/www.gentedetrabajo.com.ar\/index.php?rest_route=%2Fwp%2Fv2%2Fmedia&parent=168"}],"wp:term":[{"taxonomy":"category","embeddable":true,"href":"https:\/\/www.gentedetrabajo.com.ar\/index.php?rest_route=%2Fwp%2Fv2%2Fcategories&post=168"},{"taxonomy":"post_tag","embeddable":true,"href":"https:\/\/www.gentedetrabajo.com.ar\/index.php?rest_route=%2Fwp%2Fv2%2Ftags&post=168"}],"curies":[{"name":"wp","href":"https:\/\/api.w.org\/{rel}","templated":true}]}}