{"id":170,"date":"2026-08-12T20:44:11","date_gmt":"2026-08-12T23:44:11","guid":{"rendered":"https:\/\/www.gentedetrabajo.com.ar\/?p=170"},"modified":"2026-08-12T20:44:12","modified_gmt":"2026-08-12T23:44:12","slug":"por-la-causa-vialidad-embargaron-el-departamento-de-cristina-kirchner-en-san-jose-1111","status":"publish","type":"post","link":"https:\/\/www.gentedetrabajo.com.ar\/?p=170","title":{"rendered":"Por la causa Vialidad embargaron el departamento de Cristina Kirchner en San Jos\u00e9 1111"},"content":{"rendered":"\n<p class=\"wp-block-paragraph\">El Tribunal Federal dict\u00f3 la medida cautelar sobre el inmueble donde la ex presidenta Cristina Kirchner cumple la condena por corrupci\u00f3n<\/p>\n\n\n\n<figure class=\"wp-block-image\"><img decoding=\"async\" src=\"https:\/\/media.diariouno.com.ar\/p\/56c7876aa4025a0122260a78f8199a13\/adjuntos\/296\/imagenes\/009\/766\/0009766502\/1200x0\/smart\/cristina-kirchner.jfif\" alt=\"El departamento de San Jos&eacute; 1111 (CABA) es uno de los inmuebles que le embargaron a Cristina Kirchner.\" title=\"El departamento de San Jos&eacute; 1111 (CABA) es uno de los inmuebles que le embargaron a Cristina Kirchner.\"\/><\/figure>\n\n\n\n<p class=\"wp-block-paragraph\">El Tribunal Oral Federal 2 dispuso trabar un nuevo embargo sobre el inmueble donde la ex presidenta Cristina Kirchner cumple condena por corrupci\u00f3n. La decisi\u00f3n fue para &#8220;resguardar el patrimonio ante un eventual decomiso por perjuicios al Estado&#8221;.<\/p>\n\n\n\n<p class=\"wp-block-paragraph\">Los jueces Rodrigo Gim\u00e9nez Uriburu, Jorge Gorini y Andr\u00e9s Basso avanzaron sobre este conjunto de propiedades para asegurar la indisponibilidad jur\u00eddica de los bienes mientras tramita el decomiso final. La resoluci\u00f3n busca cubrir la suma fijada por la Justicia en concepto de defraudaci\u00f3n a la administraci\u00f3n p\u00fablica en la &#8220;causa Vialidad&#8221; por las obras viales otorgadas en Santa Cruz.<br>El departamento de San Jos\u00e9 1111 (CABA) es uno de los inmuebles que le embargaron a Cristina Kirchner.<\/p>\n\n\n\n<figure class=\"wp-block-image\"><img decoding=\"async\" src=\"https:\/\/media.diariouno.com.ar\/p\/91cd15bf7024af4664aab978c461bbdd\/adjuntos\/296\/imagenes\/009\/611\/0009611672\/1200x0\/smart\/cristina-kirchner-prision-domiciliaria-2045051jpg.webp\" alt=\"Cristina Kirchner cumple la condena por corrupci\u00f3n.\" title=\"Cristina Kirchner cumple la condena por corrupci\u00f3n.\"\/><\/figure>\n\n\n\n<p class=\"wp-block-paragraph\">Aunque la medida no implica el remate inmediato de la propiedad ni la p\u00e9rdida de la titularidad registral, la traba impide cualquier tipo de transferencia o venta del inmueble. El fallo judicial aclar\u00f3 que la acci\u00f3n cautelar procura conservar la aptitud real del tribunal para ejecutar los activos cuando el tr\u00e1mite quede firme en la Corte Suprema de Justicia de la Naci\u00f3n.<\/p>\n\n\n\n<p class=\"wp-block-paragraph\">El departamento de la calle San Jos\u00e9 figura nominalmente a nombre de la firma Los Sauces S.A., la sociedad inmobiliaria perteneciente a la familia de la ex vicepresidenta. Seg\u00fan determin\u00f3 la investigaci\u00f3n, los ingresos y activos de esta empresa se nutrieron de contratistas del Estado beneficiados durante el per\u00edodo analizado por los tribunales.<br>Inmuebles en la mira por la causa Vialidad<\/p>\n\n\n\n<p class=\"wp-block-paragraph\">El listado de inmuebles alcanzados por esta nueva fase cautelar incluye activos de alta valuaci\u00f3n ubicados tanto en la CABA como en Santa Cruz. Entre las unidades funcionales cauteladas se destacan departamentos y cocheras en el complejo Madero Center del barrio porte\u00f1o de Puerto Madero, los cuales contaban con contratos de alquiler vigentes con firmas del empresario Crist\u00f3bal L\u00f3pez.<\/p>\n\n\n\n<p class=\"wp-block-paragraph\">La resoluci\u00f3n tambi\u00e9n incluye extensiones de tierra y terrenos en El Calafate y El Chalt\u00e9n, sumados a m\u00faltiples inmuebles registrados en la ciudad de R\u00edo Gallegos. En la capital santacruce\u00f1a, la medida afecta al chalet particular donde residi\u00f3 la ex jefa de Estado, junto a otros domicilios distribuidos en el casco urbano local.<\/p>\n\n\n\n<p class=\"wp-block-paragraph\">Los magistrados fundamentaron el alcance de la medida sobre bienes radicados a nombre de sociedades o transferidos a terceros en la normativa legal vigente. El C\u00f3digo Penal habilita a cautelar aquellos patrimonios que recibieron el beneficio econ\u00f3mico directo o indirecto proveniente de las maniobras defraudatorias acreditadas durante el juzgamiento del caso.<br>El monto millonario del perjuicio al Estado por el caso Vialidad<\/p>\n\n\n\n<p class=\"wp-block-paragraph\">El fuero federal estableci\u00f3 previamente una suma equivalente a 685.000 millones de pesos en concepto de perjuicio patrimonial al gobierno nacional por el direccionamiento de la obra p\u00fablica vial. Esta cifra global debe ser cubierta en forma solidaria por el conjunto de los condenados en el proceso penal.<\/p>\n\n\n\n<p class=\"wp-block-paragraph\">En paralelo a los bienes inmuebles, los tribunales mantienen el foco sobre los activos financieros detectados durante la instrucci\u00f3n de expedientes vinculados. El Ministerio P\u00fablico Fiscal solicit\u00f3 incluir en el decomiso preventivo los montos hallados en cajas de seguridad bancarias pertenecientes a la n\u00f3mina familiar, cuyo origen l\u00edcito no pudo ser acreditado durante la etapa probatoria.<br>La liquidez en la causa de Cristina Kirchner<\/p>\n\n\n\n<p class=\"wp-block-paragraph\">El tribunal reiter\u00f3 los pedidos de informes a las entidades bancarias correspondientes para precisar la liquidez actual de las cuentas y cajas sujetas a cautela. Con esta decisi\u00f3n, la magistratura procura unificar las medidas de resguardo financiero mientras la instancia superior revisa las apelaciones presentadas por las defensas t\u00e9cnicas de los implicados.<\/p>\n","protected":false},"excerpt":{"rendered":"<p>El Tribunal Federal dict\u00f3 la medida cautelar sobre el inmueble donde la ex presidenta Cristina Kirchner cumple la<\/p>\n","protected":false},"author":3,"featured_media":0,"comment_status":"open","ping_status":"open","sticky":false,"template":"","format":"standard","meta":{"footnotes":""},"categories":[6],"tags":[],"class_list":["post-170","post","type-post","status-publish","format-standard","hentry","category-politica"],"_links":{"self":[{"href":"https:\/\/www.gentedetrabajo.com.ar\/index.php?rest_route=\/wp\/v2\/posts\/170","targetHints":{"allow":["GET"]}}],"collection":[{"href":"https:\/\/www.gentedetrabajo.com.ar\/index.php?rest_route=\/wp\/v2\/posts"}],"about":[{"href":"https:\/\/www.gentedetrabajo.com.ar\/index.php?rest_route=\/wp\/v2\/types\/post"}],"author":[{"embeddable":true,"href":"https:\/\/www.gentedetrabajo.com.ar\/index.php?rest_route=\/wp\/v2\/users\/3"}],"replies":[{"embeddable":true,"href":"https:\/\/www.gentedetrabajo.com.ar\/index.php?rest_route=%2Fwp%2Fv2%2Fcomments&post=170"}],"version-history":[{"count":1,"href":"https:\/\/www.gentedetrabajo.com.ar\/index.php?rest_route=\/wp\/v2\/posts\/170\/revisions"}],"predecessor-version":[{"id":171,"href":"https:\/\/www.gentedetrabajo.com.ar\/index.php?rest_route=\/wp\/v2\/posts\/170\/revisions\/171"}],"wp:attachment":[{"href":"https:\/\/www.gentedetrabajo.com.ar\/index.php?rest_route=%2Fwp%2Fv2%2Fmedia&parent=170"}],"wp:term":[{"taxonomy":"category","embeddable":true,"href":"https:\/\/www.gentedetrabajo.com.ar\/index.php?rest_route=%2Fwp%2Fv2%2Fcategories&post=170"},{"taxonomy":"post_tag","embeddable":true,"href":"https:\/\/www.gentedetrabajo.com.ar\/index.php?rest_route=%2Fwp%2Fv2%2Ftags&post=170"}],"curies":[{"name":"wp","href":"https:\/\/api.w.org\/{rel}","templated":true}]}}