{"id":172,"date":"2026-08-12T20:48:32","date_gmt":"2026-08-12T23:48:32","guid":{"rendered":"https:\/\/www.gentedetrabajo.com.ar\/?p=172"},"modified":"2026-08-12T20:48:33","modified_gmt":"2026-08-12T23:48:33","slug":"psg-de-francia-es-bicampeon-de-la-supercopa-de-europa-vencio-al-aston-villa-que-no-tuvo-al-dibu-martinez","status":"publish","type":"post","link":"https:\/\/www.gentedetrabajo.com.ar\/?p=172","title":{"rendered":"PSG de Francia es bicampe\u00f3n de la Supercopa de Europa: venci\u00f3 al Aston Villa, que no tuvo al Dibu Mart\u00ednez"},"content":{"rendered":"\n<p class=\"wp-block-paragraph\">El PSG de Francia le gan\u00f3 por 2 a 1 al Aston Villa y se qued\u00f3 con la final de la Supercopa de Europa en Austria. Dibu Mart\u00ednez no jug\u00f3 en el equipo ingl\u00e9s<\/p>\n\n\n\n<figure class=\"wp-block-image\"><img decoding=\"async\" src=\"https:\/\/media.diariouno.com.ar\/p\/c70eb44257f193e10a0238446c2a2cdf\/adjuntos\/298\/imagenes\/009\/797\/0009797626\/1200x0\/smart\/psg-campeon-supercopa-europa1.jpg\" alt=\"PSG se consagr\u00f3 bicampe\u00f3n de la Supercopa de Europa.\" title=\"PSG se consagr\u00f3 bicampe\u00f3n de la Supercopa de Europa.\"\/><\/figure>\n\n\n\n<p class=\"wp-block-paragraph\">PSG se consagr\u00f3 bicampe\u00f3n de la Supercopa de Europa.<\/p>\n\n\n\n<p class=\"wp-block-paragraph\">El PSG de Francia venci\u00f3 por 2 a 1 al Aston Villa -fue titular Emiliano Buend\u00eda-, en la final que se jug\u00f3 en el Red Bull Arena (Wals-Siezenheim) de Austria, y se qued\u00f3 con laSupercopa de Europa por segundo a\u00f1o consecutivo. El arquero de la Selecci\u00f3n argentina Emiliano Dibu Mart\u00ednez y el delantero Alejandro Garnacho no jugaron en el equipo ingl\u00e9s.<\/p>\n\n\n\n<p class=\"wp-block-paragraph\">Los goles del equipo parisono fueron marcados por el georgiano Kvicha Kvaratskhelia -a los 20 minutos del primer tiempo- y por D\u00e9sir\u00e9 Dou\u00e9, a los 16 del complemento. El juvenil Brian Madjo descont\u00f3 en el final de la primera etapa para Aston Villa.<\/p>\n\n\n\n<p class=\"wp-block-paragraph\">A los 20 minutos Khvicha Kvaratskhelia marc\u00f3 el primero para el PSG, ya que recibi\u00f3 cerca del \u00e1rea y sac\u00f3 un remate que termin\u00f3 en el fondo del arco.<\/p>\n\n\n\n<figure class=\"wp-block-image\"><img decoding=\"async\" src=\"https:\/\/media.diariouno.com.ar\/p\/d2fda09a70d402d6c2c2ac9ee4f5b949\/adjuntos\/298\/imagenes\/009\/797\/0009797598\/1200x0\/smart\/psg-campeon-supercopa-europa.jpg\" alt=\"PSG venci\u00f3 en la final al Aston Villa.\" title=\"PSG venci\u00f3 en la final al Aston Villa.\"\/><\/figure>\n\n\n\n<p class=\"wp-block-paragraph\">Brian Madjo, de apenas 17 a\u00f1os, empat\u00f3 parcialmente el partido y convirti\u00f3 as\u00ed su primer gol como profesional.<\/p>\n\n\n\n<p class=\"wp-block-paragraph\">En el complemento Aston Villa exigi\u00f3 nuevamente al arquero de PSG. Sin embargo, el conjunto franc\u00e9s recuper\u00f3 terreno y encontr\u00f3 el segundo tanto mediante Desir\u00e9 Dou\u00e9.<br>Luis Enrique gan\u00f3 su quinto t\u00edtulo internacional con el PSG<\/p>\n\n\n\n<p class=\"wp-block-paragraph\">Luis Enrique ya acumula cinco t\u00edtulos internacionales con PSG: dos Champions League, dos Supercopas de Europa y la Intercontinental de la FIFA.<br>Luis Enrique es el hacedor del PSG.<\/p>\n\n\n\n<p class=\"wp-block-paragraph\">Luis Enrique es el hacedor del PSG.<br>La s\u00edntesis de PSG vs. Aston Villa:<\/p>\n\n\n\n<p class=\"wp-block-paragraph\">PSG: Matvey Safonov; Achraf Hakimi, Marquinhos, William Pacho, Nuno Mendes; Warren Za\u00efre-Emery, Vitinha, Jo\u00e3o Neves; Maghnes Akliouche, D\u00e9sir\u00e9 Dou\u00e9, Kvicha Kvaratskhelia. DT: Luis Enrique.<\/p>\n\n\n\n<p class=\"wp-block-paragraph\">Aston Villa: Marco Bizot; Matty Cash, Victor Lindelof, Pau Torres, Ian Maatsen; Boubacar Kamara, Joao Gomes; John McGinn, George Hemmings, Emiliano Buend\u00eda, Brian Madjo. DT: Unai Emery.<\/p>\n\n\n\n<p class=\"wp-block-paragraph\">Goles: PT 20&#8242; Kvicha Kvaratskhelia (PSG) y 45m Brian Madjo (AV). ST 16&#8242; D\u00e9sir\u00e9 Dou\u00e9 (PSG).<\/p>\n\n\n\n<p class=\"wp-block-paragraph\">Cambios: ST al inicio, Ousmane Demb\u00e9l\u00e9 por Akliouche (PSG); 27&#8242; Lamare Bogarde por Kamara (AV); Tammy Abraham por Madjo (AV); 28&#8242; Alysson por McGinn (AV); 30&#8242; Lucas Hern\u00e1ndez por Mendes (PSG) y Fabi\u00e1n Ruiz por Neves (PSG); 34&#8242; Tyrone Mings por Torres (AV) y Ross Barkley por Gomes (AV); 42&#8242; Senny Mayulu por Dou\u00e9 (PSG); 43&#8242; Lucas Beraldo por Kvaratskhelia (PSG).<\/p>\n","protected":false},"excerpt":{"rendered":"<p>El PSG de Francia le gan\u00f3 por 2 a 1 al Aston Villa y se qued\u00f3 con la<\/p>\n","protected":false},"author":3,"featured_media":0,"comment_status":"open","ping_status":"open","sticky":false,"template":"","format":"standard","meta":{"footnotes":""},"categories":[5],"tags":[],"class_list":["post-172","post","type-post","status-publish","format-standard","hentry","category-deportes"],"_links":{"self":[{"href":"https:\/\/www.gentedetrabajo.com.ar\/index.php?rest_route=\/wp\/v2\/posts\/172","targetHints":{"allow":["GET"]}}],"collection":[{"href":"https:\/\/www.gentedetrabajo.com.ar\/index.php?rest_route=\/wp\/v2\/posts"}],"about":[{"href":"https:\/\/www.gentedetrabajo.com.ar\/index.php?rest_route=\/wp\/v2\/types\/post"}],"author":[{"embeddable":true,"href":"https:\/\/www.gentedetrabajo.com.ar\/index.php?rest_route=\/wp\/v2\/users\/3"}],"replies":[{"embeddable":true,"href":"https:\/\/www.gentedetrabajo.com.ar\/index.php?rest_route=%2Fwp%2Fv2%2Fcomments&post=172"}],"version-history":[{"count":1,"href":"https:\/\/www.gentedetrabajo.com.ar\/index.php?rest_route=\/wp\/v2\/posts\/172\/revisions"}],"predecessor-version":[{"id":173,"href":"https:\/\/www.gentedetrabajo.com.ar\/index.php?rest_route=\/wp\/v2\/posts\/172\/revisions\/173"}],"wp:attachment":[{"href":"https:\/\/www.gentedetrabajo.com.ar\/index.php?rest_route=%2Fwp%2Fv2%2Fmedia&parent=172"}],"wp:term":[{"taxonomy":"category","embeddable":true,"href":"https:\/\/www.gentedetrabajo.com.ar\/index.php?rest_route=%2Fwp%2Fv2%2Fcategories&post=172"},{"taxonomy":"post_tag","embeddable":true,"href":"https:\/\/www.gentedetrabajo.com.ar\/index.php?rest_route=%2Fwp%2Fv2%2Ftags&post=172"}],"curies":[{"name":"wp","href":"https:\/\/api.w.org\/{rel}","templated":true}]}}