{"id":176,"date":"2026-08-12T20:58:19","date_gmt":"2026-08-12T23:58:19","guid":{"rendered":"https:\/\/www.gentedetrabajo.com.ar\/?p=176"},"modified":"2026-08-12T20:58:20","modified_gmt":"2026-08-12T23:58:20","slug":"cosquin-rock-2027-fecha-confirmada-cuando-es-y-como-comprar-las-entradas","status":"publish","type":"post","link":"https:\/\/www.gentedetrabajo.com.ar\/?p=176","title":{"rendered":"Cosqu\u00edn Rock 2027, fecha confirmada: cu\u00e1ndo es y c\u00f3mo comprar las entradas"},"content":{"rendered":"\n<p class=\"wp-block-paragraph\">La organizaci\u00f3n del Cosqu\u00edn Rock, uno de los festivales m\u00e1s importantes de Argentina, anunci\u00f3 las fechas para 2027. Cu\u00e1ndo ser\u00e1.<\/p>\n\n\n\n<figure class=\"wp-block-image\"><img decoding=\"async\" src=\"https:\/\/media.diariouno.com.ar\/p\/a4e1a60bd52623b5797fbb7b97ac1c3b\/adjuntos\/298\/imagenes\/009\/786\/0009786990\/1200x0\/smart\/cosquin-rock-2026.avif\" alt=\"Se viene un nuevo Cosqu\u00edn Rock.\" title=\"Se viene un nuevo Cosqu\u00edn Rock.\"\/><\/figure>\n\n\n\n<p class=\"wp-block-paragraph\">Se viene un nuevo Cosqu\u00edn Rock.<\/p>\n\n\n\n<p class=\"wp-block-paragraph\">El festival Cosqu\u00edn Rock es uno de los m\u00e1s populares de la Argentina que cuenta con innumerables bandas y artistas musicales nacionales. La edici\u00f3n 2026 convoc\u00f3 a m\u00e1s de 90 mil personas. De cara a 2027, la organizaci\u00f3n del evento confirm\u00f3 las fechas en las que se llevar\u00e1 a cabo.<br>Cu\u00e1ndo ser\u00e1 el Cosqu\u00edn Rock 2027<\/p>\n\n\n\n<p class=\"wp-block-paragraph\">El ic\u00f3nico festival Cosqu\u00edn Rock volver\u00e1 a copar las Sierras de C\u00f3rdoba el s\u00e1bado 6 y domingo 7 de febrero de 2027, una vez m\u00e1s en su hist\u00f3rica sede en el Aer\u00f3dromo Santa Mar\u00eda de Punilla. Con m\u00e1s de 26 a\u00f1os de trayectoria, la propuesta multisensorial promete ratificar el impacto de su \u00faltima entrega, donde m\u00e1s de 100 artistas distribuidos en diferentes escenarios hicieron vibrar al p\u00fablico en un entorno natural \u00fanico.<br>C\u00f3mo y d\u00f3nde comprar las entradas para el Cosqu\u00edn Rock 2027<\/p>\n\n\n\n<figure class=\"wp-block-image\"><img decoding=\"async\" src=\"https:\/\/media.diariouno.com.ar\/p\/920c9d66b61f3401b3e83423296a9cd9\/adjuntos\/298\/imagenes\/009\/786\/0009786991\/1200x0\/smart\/cosquin-rock.jpg\" alt=\"\" title=\"\"\/><\/figure>\n\n\n\n<p class=\"wp-block-paragraph\">La venta de las entradas comenzar\u00e1 el mi\u00e9rcoles 29 de julio de manera exclusiva a trav\u00e9s del sitio web oficial del evento (www.cosquinrock.net). El esquema se dividir\u00e1 en tres instancias progresivas:<\/p>\n\n\n\n<pre class=\"wp-block-code\"><code>Fase 1: primera preventa exclusiva para clientes de BBVA Argentina, disponible con opci\u00f3n de 12 cuotas sin inter\u00e9s (hasta agotar stock).\nFase 2 : segunda preventa exclusiva para clientes del mismo banco, tambi\u00e9n con la posibilidad de abonar en 12 cuotas sin inter\u00e9s (hasta agotar stock).\nFase 3: apertura de la venta general habilitada para todos los medios de pago, manteniendo la financiaci\u00f3n de 12 cuotas sin inter\u00e9s para los clientes de BBVA.<\/code><\/pre>\n\n\n\n<p class=\"wp-block-paragraph\">Todav\u00eda no se sabe el precio de las entradas ni las bandas que integrar\u00e1n el line up definitivo del festival.<\/p>\n\n\n\n<p class=\"wp-block-paragraph\">Cosqu\u00edn Rock invita a vivir el ritual de cada a\u00f1o con amigos, en familia, acompa\u00f1ado de mucha m\u00fasica. Es una experiencia imperdible que en cada nueva edici\u00f3n se supera para sorprender a su p\u00fablico y a las nuevas personas que se suman a vivir este encuentro \u00fanico en las Sierra de C\u00f3rdoba.<\/p>\n\n\n\n<p class=\"wp-block-paragraph\">Cosqu\u00edn Rock es un festival de vivencias multisensoriales con m\u00e1s de 26 a\u00f1os de historia, de m\u00fasica en la monta\u00f1a como parte constitutiva y una comunidad que le pone la energ\u00eda necesaria para vivir una experiencia \u00fanica.<\/p>\n","protected":false},"excerpt":{"rendered":"<p>La organizaci\u00f3n del Cosqu\u00edn Rock, uno de los festivales m\u00e1s importantes de Argentina, anunci\u00f3 las fechas para 2027.<\/p>\n","protected":false},"author":3,"featured_media":0,"comment_status":"open","ping_status":"open","sticky":false,"template":"","format":"standard","meta":{"footnotes":""},"categories":[7],"tags":[],"class_list":["post-176","post","type-post","status-publish","format-standard","hentry","category-entretenimiento"],"_links":{"self":[{"href":"https:\/\/www.gentedetrabajo.com.ar\/index.php?rest_route=\/wp\/v2\/posts\/176","targetHints":{"allow":["GET"]}}],"collection":[{"href":"https:\/\/www.gentedetrabajo.com.ar\/index.php?rest_route=\/wp\/v2\/posts"}],"about":[{"href":"https:\/\/www.gentedetrabajo.com.ar\/index.php?rest_route=\/wp\/v2\/types\/post"}],"author":[{"embeddable":true,"href":"https:\/\/www.gentedetrabajo.com.ar\/index.php?rest_route=\/wp\/v2\/users\/3"}],"replies":[{"embeddable":true,"href":"https:\/\/www.gentedetrabajo.com.ar\/index.php?rest_route=%2Fwp%2Fv2%2Fcomments&post=176"}],"version-history":[{"count":1,"href":"https:\/\/www.gentedetrabajo.com.ar\/index.php?rest_route=\/wp\/v2\/posts\/176\/revisions"}],"predecessor-version":[{"id":177,"href":"https:\/\/www.gentedetrabajo.com.ar\/index.php?rest_route=\/wp\/v2\/posts\/176\/revisions\/177"}],"wp:attachment":[{"href":"https:\/\/www.gentedetrabajo.com.ar\/index.php?rest_route=%2Fwp%2Fv2%2Fmedia&parent=176"}],"wp:term":[{"taxonomy":"category","embeddable":true,"href":"https:\/\/www.gentedetrabajo.com.ar\/index.php?rest_route=%2Fwp%2Fv2%2Fcategories&post=176"},{"taxonomy":"post_tag","embeddable":true,"href":"https:\/\/www.gentedetrabajo.com.ar\/index.php?rest_route=%2Fwp%2Fv2%2Ftags&post=176"}],"curies":[{"name":"wp","href":"https:\/\/api.w.org\/{rel}","templated":true}]}}