{"id":178,"date":"2026-08-17T20:48:59","date_gmt":"2026-08-17T23:48:59","guid":{"rendered":"https:\/\/www.gentedetrabajo.com.ar\/?p=178"},"modified":"2026-08-17T20:49:00","modified_gmt":"2026-08-17T23:49:00","slug":"el-presidente-javier-milei-reaparecio-publicamente-en-el-homenaje-a-san-martin","status":"publish","type":"post","link":"https:\/\/www.gentedetrabajo.com.ar\/?p=178","title":{"rendered":"El presidente Javier Milei reapareci\u00f3 p\u00fablicamente en el homenaje a San Mart\u00edn"},"content":{"rendered":"\n<p class=\"wp-block-paragraph\">\u201cTenemos la libertad como mandato y seguir el camino de nuestro padre fundador\u201d dijo Javier Milei al encabezar un acto en plaza San Mart\u00edn del barrio de Retiro<\/p>\n\n\n\n<figure class=\"wp-block-image\"><img decoding=\"async\" src=\"https:\/\/media.diariouno.com.ar\/p\/9fe02ff056882650907fdee7a21ec2bb\/adjuntos\/298\/imagenes\/009\/799\/0009799805\/1200x0\/smart\/javier-milei.JPG\" alt=\"Javier Milei encabez\u00f3 el acto en homenaje al General San Mart\u00edn.\" title=\"Javier Milei encabez\u00f3 el acto en homenaje al General San Mart\u00edn.\"\/><\/figure>\n\n\n\n<p class=\"wp-block-paragraph\">El presidente Javier Milei encabez\u00f3 este lunes el acto oficial en conmemoraci\u00f3n de un nuevo aniversario del fallecimiento del General Jos\u00e9 de San Mart\u00edn en la plaza del mismo nombre el barrio porte\u00f1o de Retiro. Con esta aparici\u00f3n, el mandatario volvi\u00f3 a encabezar una actividad oficial tras nueve d\u00edas sin agenda p\u00fablica.<\/p>\n\n\n\n<p class=\"wp-block-paragraph\">El presidente coloc\u00f3 una ofrenda floral a los pies del monumento del Padre de la Patria y destac\u00f3 &#8220;su gesta, esfuerzo y sacrificio&#8221;, remarcando que &#8220;la grandeza de San Mart\u00edn se vio en haber tomado las armas y liberar a medio continente&#8221;.<\/p>\n\n\n\n<p class=\"wp-block-paragraph\">Milei sostuvo: &#8220;No tenemos un pasado al que regresar porque ya sabemos a donde nos conduce, tenemos la libertad como mandato y seguir el camino de nuestro padre fundador&#8221;. Remarc\u00f3 que el pr\u00f3cer &#8220;fue quien nos liber\u00f3 del yugo espa\u00f1ol&#8221; y record\u00f3 que &#8220;nos dej\u00f3 un legado inmortal a trav\u00e9s de una frase: seamos libres que lo dem\u00e1s no importa nada&#8221;.<\/p>\n\n\n\n<p class=\"wp-block-paragraph\">El jefe de Estado se refiri\u00f3 impl\u00edcitamente a la oposici\u00f3n y asegur\u00f3 que &#8220;quienes quieren someternos comienzan por atacar nuestras ideas, nuestras creencias y nuestros valores&#8221;. En la misma l\u00ednea, agreg\u00f3: &#8220;Nos quieren hacer creer que el pecado es justo y la justicia es pecado y que el robo est\u00e1 justificado&#8221;.<\/p>\n\n\n\n<p class=\"wp-block-paragraph\">Al profundizar sobre los pilares de su gesti\u00f3n, enfatiz\u00f3: &#8220;Defender la libertad que nos leg\u00f3 nuestro General es tambi\u00e9n defender nuestras ideas y nuestros valores contra aquellos que intentan socavarlos. Y un pueblo libre tambi\u00e9n requiere de fuerzas de seguridad capacitadas y provistas de las herramientas necesarias para proteger lo m\u00e1s preciado que tenemos, pues el mal existe y quienes eligen ese camino deben ser sometidos por la fuerza&#8221;.<br>&#8220;A\u00fan quedan fronteras por cruzar&#8221;<\/p>\n\n\n\n<p class=\"wp-block-paragraph\">Posteriormente, se\u00f1al\u00f3 que \u201cla gesta sanmartiniana es una fuente permanente de inspiraci\u00f3n\u201d para todo el Gabinete de su Gobierno y que la misi\u00f3n que tienen por delante \u201cno es otra que ir m\u00e1s all\u00e1 de lo que todos cre\u00edan posible y revivir la llama de la libertad de nuestra Naci\u00f3n\u201d.<\/p>\n\n\n\n<p class=\"wp-block-paragraph\">Vamos a dar la batalla por la libertad all\u00e1 donde sea necesario, sin importar el costo, porque eso es lo que el pa\u00eds hoy necesita: libertad, crecimiento, orden y prosperidad. Y un gobierno comprometido con defender estos principios, aun cuando todo el mundo se oponga a ellos, porque son verdaderos. A\u00fan quedan fronteras por cruzar porque Argentina todav\u00eda no es el pa\u00eds m\u00e1s libre del mundo pero s\u00ed puede serlo. Sabemos que este camino es arduo y tambi\u00e9n sabemos que hay algunos que quieren que vuelva el pasado en el que viv\u00edamos<\/p>\n\n\n\n<figure class=\"wp-block-image\"><img decoding=\"async\" src=\"https:\/\/media.diariouno.com.ar\/p\/cc1c8f98a468b88fbbdfec97631c5bd4\/adjuntos\/298\/imagenes\/009\/799\/0009799820\/1200x0\/smart\/javier-milei1.JPG\" alt=\"Javier Milei y parte de su Gabinete participaron del acto en homenaje a San Mart&iacute;n.\" title=\"Javier Milei y parte de su Gabinete participaron del acto en homenaje a San Mart&iacute;n.\"\/><\/figure>\n\n\n\n<p class=\"wp-block-paragraph\">Cerca del final, indic\u00f3 que el modelo anterior &#8220;empobreci\u00f3&#8221; a gran parte de la sociedad, mientras que &#8220;una m\u00ednima minor\u00eda se benefici\u00f3 enormemente&#8221; y, por ese motivo, considera que &#8220;cuando la voluntad es firme y la direcci\u00f3n es clara, no hay m\u00e1s opci\u00f3n que seguir adelante&#8221;.<\/p>\n\n\n\n<p class=\"wp-block-paragraph\">&#8220;No tenemos un pasado al que regresar, porque ya sabemos a d\u00f3nde nos conduce. Hoy tenemos que tener a la libertad como mandato entre ceja y ceja y seguir el camino de nuestro padre fundador, que nos dej\u00f3 trazados en la arena y que protegi\u00f3 con la sangre de sus granaderos a caballo&#8221;, se\u00f1al\u00f3.<\/p>\n\n\n\n<p class=\"wp-block-paragraph\">E insisti\u00f3: &#8220;Por eso, todo nuestro esfuerzo debe ir a preservar en todos los frentes el mayor legado del general San Mart\u00edn, una patria libre y un pueblo creciente. No hay mejor forma de honrar su memoria que convertirnos en el mejor pa\u00eds que podemos ser. Hoy m\u00e1s que nunca, \u00a1que viva el general San Mart\u00edn, que viva la Argentina, que las fuerzas del cielo nos acompa\u00f1en y viva la libertad, carajo!&#8221;.<\/p>\n\n\n\n<p class=\"wp-block-paragraph\">Contenido asistido por IA y verificado por humanos<br>Para crear este art\u00edculo, usamos herramientas de inteligencia artificial como asistente en la investigaci\u00f3n y redacci\u00f3n. Todo el contenido ha sido meticulosamente revisado, editado y aprobado por Redacci\u00f3n de UNO, quien es responsable final de su veracidad y cumplimiento de nuestros est\u00e1ndares editoriales.<\/p>\n","protected":false},"excerpt":{"rendered":"<p>\u201cTenemos la libertad como mandato y seguir el camino de nuestro padre fundador\u201d dijo Javier Milei al encabezar<\/p>\n","protected":false},"author":3,"featured_media":0,"comment_status":"open","ping_status":"open","sticky":false,"template":"","format":"standard","meta":{"footnotes":""},"categories":[6],"tags":[],"class_list":["post-178","post","type-post","status-publish","format-standard","hentry","category-politica"],"_links":{"self":[{"href":"https:\/\/www.gentedetrabajo.com.ar\/index.php?rest_route=\/wp\/v2\/posts\/178","targetHints":{"allow":["GET"]}}],"collection":[{"href":"https:\/\/www.gentedetrabajo.com.ar\/index.php?rest_route=\/wp\/v2\/posts"}],"about":[{"href":"https:\/\/www.gentedetrabajo.com.ar\/index.php?rest_route=\/wp\/v2\/types\/post"}],"author":[{"embeddable":true,"href":"https:\/\/www.gentedetrabajo.com.ar\/index.php?rest_route=\/wp\/v2\/users\/3"}],"replies":[{"embeddable":true,"href":"https:\/\/www.gentedetrabajo.com.ar\/index.php?rest_route=%2Fwp%2Fv2%2Fcomments&post=178"}],"version-history":[{"count":1,"href":"https:\/\/www.gentedetrabajo.com.ar\/index.php?rest_route=\/wp\/v2\/posts\/178\/revisions"}],"predecessor-version":[{"id":179,"href":"https:\/\/www.gentedetrabajo.com.ar\/index.php?rest_route=\/wp\/v2\/posts\/178\/revisions\/179"}],"wp:attachment":[{"href":"https:\/\/www.gentedetrabajo.com.ar\/index.php?rest_route=%2Fwp%2Fv2%2Fmedia&parent=178"}],"wp:term":[{"taxonomy":"category","embeddable":true,"href":"https:\/\/www.gentedetrabajo.com.ar\/index.php?rest_route=%2Fwp%2Fv2%2Fcategories&post=178"},{"taxonomy":"post_tag","embeddable":true,"href":"https:\/\/www.gentedetrabajo.com.ar\/index.php?rest_route=%2Fwp%2Fv2%2Ftags&post=178"}],"curies":[{"name":"wp","href":"https:\/\/api.w.org\/{rel}","templated":true}]}}