{"id":180,"date":"2026-08-17T20:53:57","date_gmt":"2026-08-17T23:53:57","guid":{"rendered":"https:\/\/www.gentedetrabajo.com.ar\/?p=180"},"modified":"2026-08-17T20:53:58","modified_gmt":"2026-08-17T23:53:58","slug":"argentina-enviara-un-hercules-con-ayuda-a-colombia-tras-el-terremoto","status":"publish","type":"post","link":"https:\/\/www.gentedetrabajo.com.ar\/?p=180","title":{"rendered":"Argentina enviar\u00e1 un H\u00e9rcules con ayuda a Colombia tras el terremoto"},"content":{"rendered":"\n<p class=\"wp-block-paragraph\">La ayuda humanitaria a Colombia partir\u00e1 este martes con potabilizadoras, cocinas de campa\u00f1a y voluntarios del Ej\u00e9rcito tras el sismo que dej\u00f3 289 muertos<\/p>\n\n\n\n<figure class=\"wp-block-image\"><img decoding=\"async\" src=\"https:\/\/media.diariouno.com.ar\/p\/2ef1bb7e39ffa7bc9642cab09cca25d7\/adjuntos\/296\/imagenes\/009\/798\/0009798626\/1200x0\/smart\/rescates-contrarreloj-colombia-el-terremoto.jpg\" alt=\"Sigue el trabajo de los rescatistas buscando cuerpos en los escombros.\" title=\"Sigue el trabajo de los rescatistas buscando cuerpos en los escombros.\"\/><\/figure>\n\n\n\n<p class=\"wp-block-paragraph\">El gobierno argentino coordin\u00f3 el env\u00edo de un avi\u00f3n H\u00e9rcules C-130 perteneciente a la Fuerza A\u00e9rea con asistencia hacia Colombia. La misi\u00f3n oficial asistir\u00e1 a la poblaci\u00f3n afectada tras el terremoto de magnitud 7,4 registrado en el pa\u00eds sudamericano, el cual dej\u00f3 un saldo provisional de 289 fallecidos y cuantiosos da\u00f1os estructurales.<br>La carga del H\u00e9rcules para la emergencia<\/p>\n\n\n\n<p class=\"wp-block-paragraph\">Las operaciones log\u00edsticas se encuentran organizadas en forma conjunta bajo la \u00f3rbita del Ministerio de Defensa de la Naci\u00f3n. Las autoridades dispusieron que la aeronave de transporte pesado despegue este martes desde la Guarnici\u00f3n A\u00e9rea El Palomar con equipamiento especial para atender la emergencia social en territorio colombiano.<\/p>\n\n\n\n<p class=\"wp-block-paragraph\">Entre los elementos principales del cargamento enviado se destaca una planta potabilizadora de agua de alta capacidad operativa y una cocina de campa\u00f1a militar de despliegue r\u00e1pido. Estos insumos resultan indispensables para abastecer a los campamentos de damnificados en los sectores donde la infraestructura urbana qued\u00f3 destruida.<\/p>\n\n\n\n<p class=\"wp-block-paragraph\">Asimismo, la tripulaci\u00f3n estar\u00e1 acompa\u00f1ada por un contingente especializado de voluntarios de las Fuerzas Armadas. Este personal t\u00e9cnico brindar\u00e1 apoyo directo en las tareas de log\u00edstica humanitaria, distribuci\u00f3n de alimentos y rescate en las zonas metropolitanas afectadas por las r\u00e9plicas.<\/p>\n\n\n\n<figure class=\"wp-block-image\"><img decoding=\"async\" src=\"https:\/\/media.diariouno.com.ar\/p\/91a0e441ec962aacb5c4e0627126505b\/adjuntos\/296\/imagenes\/009\/799\/0009799428\/1200x0\/smart\/colombia2.JPG\" alt=\"Argentina se integrar\u00e1 a la red internacional de asistencia inmediata desplegada en Colombia.\" title=\"Argentina se integrar\u00e1 a la red internacional de asistencia inmediata desplegada en Colombia.\"\/><\/figure>\n\n\n\n<p class=\"wp-block-paragraph\">El despacho de la aeronave formaliza la propuesta institucional canalizada por la Canciller\u00eda. El contacto diplom\u00e1tico directo permiti\u00f3 establecer prioridades de cooperaci\u00f3n bilateral frente a la grave crisis desencadenada por el terremoto.<\/p>\n\n\n\n<p class=\"wp-block-paragraph\">Con este despliegue, Argentina se integra a la red internacional de asistencia inmediata desplegada en Colombia. Diversas naciones como Estados Unidos, Ecuador e Israel mandaron brigadas caninas, insumos m\u00e9dicos y especialistas en estructuras colapsadas para colaborar con las autoridades locales.<\/p>\n\n\n\n<p class=\"wp-block-paragraph\">Las autoridades sanitarias declararon la alerta roja en la red hospitalaria regional para optimizar los recursos m\u00e9dicos disponibles.<\/p>\n\n\n\n<p class=\"wp-block-paragraph\">Las tareas de remoci\u00f3n de escombros contin\u00faan mientras la comunidad internacional coordina los corredores a\u00e9reos. Colombia mantiene la recepci\u00f3n de insumos b\u00e1sicos mientras los equipos especializados intentan localizar sobrevivientes atrapados en las zonas de desastre.<\/p>\n","protected":false},"excerpt":{"rendered":"<p>La ayuda humanitaria a Colombia partir\u00e1 este martes con potabilizadoras, cocinas de campa\u00f1a y voluntarios del Ej\u00e9rcito tras<\/p>\n","protected":false},"author":3,"featured_media":0,"comment_status":"open","ping_status":"open","sticky":false,"template":"","format":"standard","meta":{"footnotes":""},"categories":[1],"tags":[],"class_list":["post-180","post","type-post","status-publish","format-standard","hentry","category-sin-categoria"],"_links":{"self":[{"href":"https:\/\/www.gentedetrabajo.com.ar\/index.php?rest_route=\/wp\/v2\/posts\/180","targetHints":{"allow":["GET"]}}],"collection":[{"href":"https:\/\/www.gentedetrabajo.com.ar\/index.php?rest_route=\/wp\/v2\/posts"}],"about":[{"href":"https:\/\/www.gentedetrabajo.com.ar\/index.php?rest_route=\/wp\/v2\/types\/post"}],"author":[{"embeddable":true,"href":"https:\/\/www.gentedetrabajo.com.ar\/index.php?rest_route=\/wp\/v2\/users\/3"}],"replies":[{"embeddable":true,"href":"https:\/\/www.gentedetrabajo.com.ar\/index.php?rest_route=%2Fwp%2Fv2%2Fcomments&post=180"}],"version-history":[{"count":1,"href":"https:\/\/www.gentedetrabajo.com.ar\/index.php?rest_route=\/wp\/v2\/posts\/180\/revisions"}],"predecessor-version":[{"id":181,"href":"https:\/\/www.gentedetrabajo.com.ar\/index.php?rest_route=\/wp\/v2\/posts\/180\/revisions\/181"}],"wp:attachment":[{"href":"https:\/\/www.gentedetrabajo.com.ar\/index.php?rest_route=%2Fwp%2Fv2%2Fmedia&parent=180"}],"wp:term":[{"taxonomy":"category","embeddable":true,"href":"https:\/\/www.gentedetrabajo.com.ar\/index.php?rest_route=%2Fwp%2Fv2%2Fcategories&post=180"},{"taxonomy":"post_tag","embeddable":true,"href":"https:\/\/www.gentedetrabajo.com.ar\/index.php?rest_route=%2Fwp%2Fv2%2Ftags&post=180"}],"curies":[{"name":"wp","href":"https:\/\/api.w.org\/{rel}","templated":true}]}}