{"id":182,"date":"2026-08-17T21:00:53","date_gmt":"2026-08-18T00:00:53","guid":{"rendered":"https:\/\/www.gentedetrabajo.com.ar\/?p=182"},"modified":"2026-08-17T21:00:55","modified_gmt":"2026-08-18T00:00:55","slug":"el-informe-de-la-f1-que-puso-el-foco-en-el-futuro-de-colapinto-en-alpine-como-esta-el-mapa-de-pilotos-y-los-rumores-de-cambios","status":"publish","type":"post","link":"https:\/\/www.gentedetrabajo.com.ar\/?p=182","title":{"rendered":"El informe de la F1 que puso el foco en el futuro de Colapinto en Alpine: c\u00f3mo est\u00e1 el mapa de pilotos y los rumores de cambios"},"content":{"rendered":"\n<p class=\"wp-block-paragraph\">El argentino de 23 a\u00f1os tiene encaminada su continuidad en la categor\u00eda. La grilla presenta grandes interrogantes y la M\u00e1xima se refiri\u00f3 a las posibles modificaciones de butacas<br>Seguir<\/p>\n\n\n\n<figure class=\"wp-block-image\"><img decoding=\"async\" src=\"https:\/\/media.diariouno.com.ar\/p\/7072c13be0a3692a8db598c5878d9599\/adjuntos\/298\/imagenes\/009\/781\/0009781092\/1200x0\/smart\/la-desopilante-respuesta-franco-colapinto-cuando-le-preguntaron-si-argentina-sale-campeon-imagen-principal.jpg\" alt=\"Franco Colapinto vuelve al ruedo.\" title=\"Franco Colapinto vuelve al ruedo.\"\/><\/figure>\n\n\n\n<p class=\"wp-block-paragraph\">Franco Colapinto est\u00e1 cada vez m\u00e1s cerca de ratificar su continuidad en Alpine. En la antesala del regreso de las vacaciones de la F\u00f3rmula 1 con el Gran Premio de Pa\u00edses Bajos, el equipo franc\u00e9s no hizo oficial la confirmaci\u00f3n del compa\u00f1ero de Pierre Gasly, aunque todo est\u00e1 encaminado para que el argentino sea titular en la temporada 2027. El mapa de pilotos, sin embargo, plantea m\u00faltiples interrogantes al tener 14 butacas sin due\u00f1o para el pr\u00f3ximo curso y los rumores en el mercado est\u00e1n en su punto m\u00e1s \u00e1lgido.<br>El informe que revel\u00f3 las mejoras que tendr\u00e1 el Alpine de Franco Colapinto en el regreso de la F1<\/p>\n\n\n\n<p class=\"wp-block-paragraph\">M\u00e1s all\u00e1 de la informaci\u00f3n que pudo obtener Infobae sobre los avances concretos para que el piloto bonaerense de 23 a\u00f1os conserve su asiento en la escuder\u00eda francesa y que el acuerdo est\u00e1 cerrado en un alto porcentaje, un informe oficial de la F\u00f3rmula 1 se refiri\u00f3 a la actualidad de Colapinto: lo posicion\u00f3 como el \u201cfavorito\u201d para seguir en Alpine.<\/p>\n\n\n\n<p class=\"wp-block-paragraph\">Lawrence Barreto, presentador oficial de la categor\u00eda, public\u00f3 un art\u00edculo en el sitio web oficial de la M\u00e1xima sobre las \u201c\u00faltimas noticias sobre el mercado de pilotos de F1: lo que se rumorea de cara a 2027\u201d. All\u00ed, hizo hincapi\u00e9 en el argentino de 23 a\u00f1os y lanz\u00f3 una contundente reflexi\u00f3n: \u201cEn Alpine, Franco Colapinto es el favorito para mantener su asiento junto a Pierre Gasly tras una buena racha en la que ha puntuado en cinco de los \u00faltimos ocho Grandes Premios\u201d.<\/p>\n\n\n\n<figure class=\"wp-block-image\"><img decoding=\"async\" src=\"https:\/\/media.diariouno.com.ar\/p\/444a83479688244cc263b67378cd144b\/adjuntos\/298\/imagenes\/009\/787\/0009787939\/1200x0\/smart\/colapinto.jpg\" alt=\"Franco Colapinto tuvo d\u00edas de descanso, pero tambi\u00e9n de trabajo en Enstone, Reino Unido.\" title=\"Franco Colapinto tuvo d\u00edas de descanso, pero tambi\u00e9n de trabajo en Enstone, Reino Unido.\"\/><\/figure>\n\n\n\n<p class=\"wp-block-paragraph\">M\u00e1s all\u00e1 de que la situaci\u00f3n de Alpine podr\u00eda tener una resoluci\u00f3n inmediata, la grilla para la pr\u00f3xima temporada presenta grandes interrogantes: \u00fanicamente Ferrari, McLaren y Cadillac tienen su dupla confirmada, con Pierre Gasly (Alpine) y Max Verstappen (Red Bull) como los \u00fanicos participantes que tienen lugares asegurados.<\/p>\n\n\n\n<p class=\"wp-block-paragraph\">En varios casos, la falta de confirmaci\u00f3n p\u00fablica no implica necesariamente una salida inminente, sino la ausencia de precisiones sobre la duraci\u00f3n de los contratos. Los anuncios de Lando Norris, Oscar Piastri, Sergio P\u00e9rez, Valtteri Bottas, Lewis Hamilton y Charles Leclerc hablaron de acuerdos \u201cmultianuales\u201d, sin detallar su alcance, mientras que Gasly firm\u00f3 con Alpine hasta 2028 y Verstappen hizo lo mismo con Red Bull Racing tambi\u00e9n hasta 2028. Sin embargo, la situaci\u00f3n del neerland\u00e9s es compleja.<\/p>\n\n\n\n<p class=\"wp-block-paragraph\">\u201cEl tetracampe\u00f3n del mundo fue vinculado con un posible fichaje por Mercedes el a\u00f1o pasado, antes de afirmar que se quedar\u00eda al menos este a\u00f1o. Red Bull parece su mejor opci\u00f3n, a menos que algo cambie en alguno de los equipos punteros. Es probable que contin\u00fae la pr\u00f3xima temporada, pero la decisi\u00f3n final est\u00e1 en sus manos\u201d, destac\u00f3 la F\u00f3rmula 1, que puntualiz\u00f3 en que su entorno tambi\u00e9n tuvo \u201cconversaciones con McLaren\u201d. Respecto a su compa\u00f1ero de equipo, Isack Hadjar, tiene un contrato \u201c1+1\u201d: est\u00e1 asegurado para seguir en 2026 y existe una opci\u00f3n para renovarlo en 2027.<\/p>\n\n\n\n<p class=\"wp-block-paragraph\">Seg\u00fan el informe de la F\u00f3rmula 1, la otra clave en el mercado de fichajes que podr\u00eda desembocar en una Silly Season, una temporada en la que predominan los cambios de equipos, se encuentra en Aston Martin. Con un Lance Stroll que tiene un manejo particular, la atenci\u00f3n se centra en Fernando Alonso.<\/p>\n\n\n\n<figure class=\"wp-block-image\"><img decoding=\"async\" src=\"https:\/\/media.diariouno.com.ar\/p\/7572650fab73fd6cde6644fde223720c\/adjuntos\/298\/imagenes\/009\/791\/0009791335\/1200x0\/smart\/briatore-colapinto.jpg\" alt=\"Colapinto hizo hincapi\u00e9 de manera positiva en las exigencias de Briatore.\" title=\"Colapinto hizo hincapi\u00e9 de manera positiva en las exigencias de Briatore.\"\/><\/figure>\n\n\n\n<p class=\"wp-block-paragraph\">\u201cEst\u00e1 aprovechando este verano para decidir su futuro, as\u00ed que pronto sabremos si se queda una temporada m\u00e1s o si pone fin a su impresionante carrera. Se cree que la preferencia de Aston Martin es mantener a Alonso junto a Lance Stroll el pr\u00f3ximo a\u00f1o, pero no les faltar\u00e1 inter\u00e9s por parte de pilotos experimentados de toda la parrilla si Alonso decide colgar el casco\u201d, argument\u00f3 el periodista Lawrence Barreto.<\/p>\n\n\n\n<p class=\"wp-block-paragraph\">La situaci\u00f3n de Williams tambi\u00e9n sigue abierta. El rendimiento del auto fue mucho peor de lo esperado y eso puso a Carlos Sainz en el centro de las especulaciones. Del otro lado del garaje, Alex Albon renov\u00f3 en 2024 por \u201cvarios a\u00f1os\u201d, aunque no figura como confirmado para 2027. \u201cA\u00fan no han confirmado sus planes, aunque se cree que la tendencia apunta a que se queden\u201d, mencion\u00f3 la F1.<\/p>\n\n\n\n<p class=\"wp-block-paragraph\">Otro foco que tiene una gran incertidumbre est\u00e1 sobre Esteban Ocon de Haas, quien exhibi\u00f3 un rendimiento irregular en las \u00faltimas temporadas y qued\u00f3 en el centro de las especulaciones. Ollie Bearman, integrante de la Academia Ferrari y cedido al equipo estadounidense, dijo hace dos semanas que quedarse \u201cen Haas por un tiempo no es algo malo\u201d, una se\u00f1al que alimenta la expectativa de verlo al menos un a\u00f1o m\u00e1s. No obstante, la F\u00f3rmula mencion\u00f3 que \u201cse espera que Ollie Bearman contin\u00fae por tercera temporada, pero el puesto de Esteban Ocon es menos seguro\u201d.<\/p>\n\n\n\n<p class=\"wp-block-paragraph\">Entre los posibles reemplazantes aparecen el brasile\u00f1o Rafael Camara, campe\u00f3n de F3 el a\u00f1o pasado, actual aspirante al t\u00edtulo de F2 y tambi\u00e9n miembro de la Academia Ferrari. El jefe del equipo Ayao Komatsu fij\u00f3 la posici\u00f3n de la escuder\u00eda: \u201cRafa est\u00e1 haciendo un buen trabajo, pero no es que Ferrari nos est\u00e9 presionando para que lo contratemos ni nada por el estilo. Elegimos a los pilotos en funci\u00f3n de su rendimiento\u201d.<\/p>\n\n\n\n<p class=\"wp-block-paragraph\">En Audi, Gabriel Bortoleto dijo al medio Motorsport que su permanencia est\u00e1 asegurada: \u201cTengo un contrato a largo plazo con Audi. Ya lo he dicho: estar\u00e9 con Audi el a\u00f1o que viene, y no solo el a\u00f1o que viene, sino tambi\u00e9n los a\u00f1os siguientes\u201d. Su compa\u00f1ero Nico H\u00fclkenberg fue consultado por el diario alem\u00e1n Bild y respondi\u00f3: \u201cNunca digas nunca. Es demasiado pronto para pensar en eso\u201d.<\/p>\n\n\n\n<p class=\"wp-block-paragraph\">Racing Bulls, como suele ocurrir, depende del tablero de su equipo principal. Liam Lawson dijo no tener \u201cidea\u201d sobre su futuro y reconoci\u00f3 que las conversaciones deb\u00edan darse durante este receso, mientras en Europa ubican al b\u00falgaro Nikola Tsolov, l\u00edder de la F2, como el siguiente nombre en la l\u00ednea de promoci\u00f3n de la estructura. El otro titular actual de RB es Arvid Lindblad, de 19 a\u00f1os, uno de los proyectos que m\u00e1s entusiasman a los directivos, por lo que se espera que contin\u00fae.<\/p>\n\n\n\n<p class=\"wp-block-paragraph\">Con ese panorama, la disputa por la otra plaza parece reducirse a Lawson y Tsolov. \u201cSe espera que Racing Bulls haga lo mismo con el novato Arvid Lindblad y Liam Lawson, ya que ambos est\u00e1n rindiendo a un alto nivel para ayudar al equipo a ascender al quinto puesto en el Campeonato de Equipos. Nikola Tsolov est\u00e1 esperando su oportunidad para dar un paso al frente\u201d, sintetiz\u00f3 la F1.<\/p>\n\n\n\n<p class=\"wp-block-paragraph\">Por \u00faltimo, en Cadillac, pese a que figura entre las tres duplas confirmadas, tambi\u00e9n sobreviven rumores alrededor de Valtteri Bottas y Sergio P\u00e9rez, con el nombre de Colton Herta sobre la mesa. \u201cNo se espera que la alineaci\u00f3n de pilotos sea una gran preocupaci\u00f3n, dado que el d\u00fao experimentado ha hecho un muy buen trabajo para sacar el m\u00e1ximo provecho de lo que ha sido un paquete complicado\u201d, complet\u00f3 la categor\u00eda sobre el mapa de pilotos.<\/p>\n","protected":false},"excerpt":{"rendered":"<p>El argentino de 23 a\u00f1os tiene encaminada su continuidad en la categor\u00eda. La grilla presenta grandes interrogantes y<\/p>\n","protected":false},"author":3,"featured_media":0,"comment_status":"open","ping_status":"open","sticky":false,"template":"","format":"standard","meta":{"footnotes":""},"categories":[5],"tags":[],"class_list":["post-182","post","type-post","status-publish","format-standard","hentry","category-deportes"],"_links":{"self":[{"href":"https:\/\/www.gentedetrabajo.com.ar\/index.php?rest_route=\/wp\/v2\/posts\/182","targetHints":{"allow":["GET"]}}],"collection":[{"href":"https:\/\/www.gentedetrabajo.com.ar\/index.php?rest_route=\/wp\/v2\/posts"}],"about":[{"href":"https:\/\/www.gentedetrabajo.com.ar\/index.php?rest_route=\/wp\/v2\/types\/post"}],"author":[{"embeddable":true,"href":"https:\/\/www.gentedetrabajo.com.ar\/index.php?rest_route=\/wp\/v2\/users\/3"}],"replies":[{"embeddable":true,"href":"https:\/\/www.gentedetrabajo.com.ar\/index.php?rest_route=%2Fwp%2Fv2%2Fcomments&post=182"}],"version-history":[{"count":1,"href":"https:\/\/www.gentedetrabajo.com.ar\/index.php?rest_route=\/wp\/v2\/posts\/182\/revisions"}],"predecessor-version":[{"id":183,"href":"https:\/\/www.gentedetrabajo.com.ar\/index.php?rest_route=\/wp\/v2\/posts\/182\/revisions\/183"}],"wp:attachment":[{"href":"https:\/\/www.gentedetrabajo.com.ar\/index.php?rest_route=%2Fwp%2Fv2%2Fmedia&parent=182"}],"wp:term":[{"taxonomy":"category","embeddable":true,"href":"https:\/\/www.gentedetrabajo.com.ar\/index.php?rest_route=%2Fwp%2Fv2%2Fcategories&post=182"},{"taxonomy":"post_tag","embeddable":true,"href":"https:\/\/www.gentedetrabajo.com.ar\/index.php?rest_route=%2Fwp%2Fv2%2Ftags&post=182"}],"curies":[{"name":"wp","href":"https:\/\/api.w.org\/{rel}","templated":true}]}}