{"id":186,"date":"2026-08-20T19:43:11","date_gmt":"2026-08-20T22:43:11","guid":{"rendered":"https:\/\/www.gentedetrabajo.com.ar\/?p=186"},"modified":"2026-08-20T19:43:12","modified_gmt":"2026-08-20T22:43:12","slug":"cornejo-acordo-con-caputo-un-borron-y-cuenta-nueva","status":"publish","type":"post","link":"https:\/\/www.gentedetrabajo.com.ar\/?p=186","title":{"rendered":"Cornejo acord\u00f3 con Caputo un &#8220;borr\u00f3n y cuenta nueva&#8221;"},"content":{"rendered":"\n<p class=\"wp-block-paragraph\">Alfredo Cornejo y Luis Caputo firmaron la adhesi\u00f3n al R\u00e9gimen de Extinci\u00f3n de Obligaciones Rec\u00edprocas para compensaci\u00f3n de pasivos, inclusi\u00f3n de fondos para rutas y el desistimiento de demandas judiciales<\/p>\n\n\n\n<p class=\"wp-block-paragraph\">El gobernador de Mendoza Alfredo Cornejo y el ministro de Econom\u00eda de la Naci\u00f3n, Luis Caputo.<\/p>\n\n\n\n<figure class=\"wp-block-image is-resized\"><img decoding=\"async\" src=\"https:\/\/media.diariouno.com.ar\/p\/630cfe2a6a260d5d7b817f644a0bbef8\/adjuntos\/298\/imagenes\/009\/616\/0009616872\/1200x0\/smart\/alfredo-cornejo-y-luis-caputo.jpg\" alt=\"El gobernador de Mendoza Alfredo Cornejo y el ministro de Econom\u00eda de la Naci\u00f3n, Luis Caputo.\" style=\"aspect-ratio:1.7777777777777777;width:1200px;height:auto\" title=\"El gobernador de Mendoza Alfredo Cornejo y el ministro de Econom\u00eda de la Naci\u00f3n, Luis Caputo.\"\/><\/figure>\n\n\n\n<p class=\"wp-block-paragraph\">El Gobierno de Mendoza y el Ministerio de Econom\u00eda de la Naci\u00f3n formalizaron un acuerdo financiero enmarcado en el R\u00e9gimen de Extinci\u00f3n de Obligaciones Rec\u00edprocas. A trav\u00e9s del convenio suscripto el pasado 27 de julio entre el gobernador Alfredo Cornejo y el titular del Palacio de Hacienda, Luis Caputo, ambas jurisdicciones avanzaron en un mecanismo de compensaci\u00f3n mutua de deudas que reordena las cuentas p\u00fablicas provinciales y nacionales.<\/p>\n\n\n\n<p class=\"wp-block-paragraph\">El texto del acuerdo ya fue enviado a la Legislatura provincial, donde deber\u00e1 ser discutido y ratificado por senadores y diputados para cobrar efectividad legal.<br>La Ruta Nacional 143.<\/p>\n\n\n\n<figure class=\"wp-block-image is-resized\"><img decoding=\"async\" src=\"https:\/\/media.diariouno.com.ar\/p\/14b3b1ef122bf374d68f036581b710c7\/adjuntos\/298\/imagenes\/009\/615\/0009615410\/1200x0\/smart\/ruta-143-san-rafael.JPG\" alt=\"La Ruta Nacional 143.\" style=\"width:1200px;height:auto\" title=\"La Ruta Nacional 143.\"\/><\/figure>\n\n\n\n<p class=\"wp-block-paragraph\">La Ruta Nacional 143.<br>Prensa Gobierno de Mendoza<br>Las cifras clave: cr\u00e9ditos reconocidos y lo que devolver\u00e1 Mendoza<\/p>\n\n\n\n<p class=\"wp-block-paragraph\">El mecanismo busca saldar cr\u00e9ditos y d\u00e9bitos acumulados entre ambas partes, con n\u00fameros concretos sobre la mesa:<\/p>\n\n\n\n<pre class=\"wp-block-code\"><code>Cr\u00e9ditos a favor de Mendoza: el acuerdo reconoce acreencias a favor de la provincia por un total de $121.282 millones. Este monto incluye cerca de $80.000 millones destinados a la ejecuci\u00f3n y cancelaci\u00f3n de obras en las rutas nacionales 40 y 143, sumado a $39.000 millones en compensaciones derivadas del Consenso Fiscal y $2.295 millones correspondientes a compromisos pendientes por obras de vivienda.\nEl saldo neto que pagar\u00e1 la provincia: tras el cruce de cuentas y la reprogramaci\u00f3n de los anticipos financieros recibidos previamente para afrontar liquidez (que alcanzaron los $325.000 millones), queda un saldo neto de $212.153 millones que Mendoza deber\u00e1 devolver a la Naci\u00f3n.\nPlazos de pago y beneficio: Mendoza amortizar\u00e1 ese saldo deudor en cuotas con vencimiento hasta fines de 2027. Se estima que la reestructuraci\u00f3n de estos plazos otorgar\u00e1 un beneficio financiero neto para la provincia de $7.677 millones.\nCierre de controversias judiciales: como contrapartida del ordenamiento financiero, ambas partes formalizan el desistimiento de demandas y causas judiciales en tr\u00e1mite ante la Corte Suprema de Justicia respecto a cr\u00e9ditos controvertidos.<\/code><\/pre>\n\n\n\n<p class=\"wp-block-paragraph\">El acuerdo Mendoza-Naci\u00f3n debe ser ratificado en la Legislatura.<\/p>\n\n\n\n<p class=\"wp-block-paragraph\">Para que el esquema tenga validez definitiva, la Legislatura mendocina deber\u00e1 ratificar el convenio firmado con la Naci\u00f3n.<\/p>\n\n\n\n<figure class=\"wp-block-image is-resized\"><img decoding=\"async\" src=\"https:\/\/media.diariouno.com.ar\/p\/adefcfe910c41ed6f4867d18671d9e8e\/adjuntos\/298\/imagenes\/009\/774\/0009774700\/1200x0\/smart\/diputado-mendoza.jpg\" alt=\"El acuerdo Mendoza-Naci\u00f3n debe ser ratificado en la Legislatura.\" style=\"width:1200px;height:auto\" title=\"El acuerdo Mendoza-Naci\u00f3n debe ser ratificado en la Legislatura.\"\/><\/figure>\n\n\n\n<p class=\"wp-block-paragraph\">El debate en el \u00e1mbito legislativo se centrar\u00e1 en analizar el plan de pagos hasta fines de 2027 para saldar el balance definitivo de $212.153 millones, el impacto positivo en las arcas provinciales, la reanudaci\u00f3n de las obras viales clave y la renuncia a los litigios judiciales que la provincia manten\u00eda contra la administraci\u00f3n central.<\/p>\n","protected":false},"excerpt":{"rendered":"<p>Alfredo Cornejo y Luis Caputo firmaron la adhesi\u00f3n al R\u00e9gimen de Extinci\u00f3n de Obligaciones Rec\u00edprocas para compensaci\u00f3n de<\/p>\n","protected":false},"author":3,"featured_media":0,"comment_status":"open","ping_status":"open","sticky":false,"template":"","format":"standard","meta":{"footnotes":""},"categories":[6],"tags":[],"class_list":["post-186","post","type-post","status-publish","format-standard","hentry","category-politica"],"_links":{"self":[{"href":"https:\/\/www.gentedetrabajo.com.ar\/index.php?rest_route=\/wp\/v2\/posts\/186","targetHints":{"allow":["GET"]}}],"collection":[{"href":"https:\/\/www.gentedetrabajo.com.ar\/index.php?rest_route=\/wp\/v2\/posts"}],"about":[{"href":"https:\/\/www.gentedetrabajo.com.ar\/index.php?rest_route=\/wp\/v2\/types\/post"}],"author":[{"embeddable":true,"href":"https:\/\/www.gentedetrabajo.com.ar\/index.php?rest_route=\/wp\/v2\/users\/3"}],"replies":[{"embeddable":true,"href":"https:\/\/www.gentedetrabajo.com.ar\/index.php?rest_route=%2Fwp%2Fv2%2Fcomments&post=186"}],"version-history":[{"count":1,"href":"https:\/\/www.gentedetrabajo.com.ar\/index.php?rest_route=\/wp\/v2\/posts\/186\/revisions"}],"predecessor-version":[{"id":187,"href":"https:\/\/www.gentedetrabajo.com.ar\/index.php?rest_route=\/wp\/v2\/posts\/186\/revisions\/187"}],"wp:attachment":[{"href":"https:\/\/www.gentedetrabajo.com.ar\/index.php?rest_route=%2Fwp%2Fv2%2Fmedia&parent=186"}],"wp:term":[{"taxonomy":"category","embeddable":true,"href":"https:\/\/www.gentedetrabajo.com.ar\/index.php?rest_route=%2Fwp%2Fv2%2Fcategories&post=186"},{"taxonomy":"post_tag","embeddable":true,"href":"https:\/\/www.gentedetrabajo.com.ar\/index.php?rest_route=%2Fwp%2Fv2%2Ftags&post=186"}],"curies":[{"name":"wp","href":"https:\/\/api.w.org\/{rel}","templated":true}]}}