{"id":190,"date":"2026-08-23T19:55:18","date_gmt":"2026-08-23T22:55:18","guid":{"rendered":"https:\/\/www.gentedetrabajo.com.ar\/?p=190"},"modified":"2026-08-23T19:55:19","modified_gmt":"2026-08-23T22:55:19","slug":"javier-milei-hablo-en-la-bolsa-de-comercio-de-rosario-el-gobierno-no-tiene-nada-que-ver-con-la-morosidad","status":"publish","type":"post","link":"https:\/\/www.gentedetrabajo.com.ar\/?p=190","title":{"rendered":"Javier Milei habl\u00f3 en la Bolsa de Comercio de Rosario: &#8220;El gobierno no tiene nada que ver con la morosidad&#8221;"},"content":{"rendered":"\n<p class=\"wp-block-paragraph\">Desde la Bolsa de Comercio de Rosario valoraron medidas recientes tomadas por la Naci\u00f3n, como el traspaso de la Ruta A012 a la \u00f3rbita provincial y la apertura de licitaciones privadas para corredores viales<\/p>\n\n\n\n<figure class=\"wp-block-image is-resized\"><img decoding=\"async\" src=\"https:\/\/media.diariouno.com.ar\/p\/82c566ad78bb28e102e43666859e1363\/adjuntos\/298\/imagenes\/009\/802\/0009802606\/1200x0\/smart\/javier-milei.jpg\" alt=\"Javier Milei volvi&oacute; a apuntar contra los periodistas con todo tipo de calificativos negativos.\" style=\"width:1200px;height:auto\" title=\"Javier Milei volvi&oacute; a apuntar contra los periodistas con todo tipo de calificativos negativos.\"\/><\/figure>\n\n\n\n<p class=\"wp-block-paragraph\">Javier Milei asisti\u00f3 este viernes a un nuevo aniversario de la Bolsa de Comercio de Rosario.<\/p>\n\n\n\n<p class=\"wp-block-paragraph\">El presidente Javier Milei encabez\u00f3 este viernes el acto central por el 142\u00b0 aniversario de la Bolsa de Comercio de Rosario y signific\u00f3 el regreso del mandatario a la instituci\u00f3n por tercer a\u00f1o consecutivo. &#8220;Hace 27 meses que no paramos de crecer. Eso dicen los datos a pesar de que algunos no lo quieran creer&#8221;, dijo ante empresarios y autoridades provinciales.<\/p>\n\n\n\n<p class=\"wp-block-paragraph\">Aunque la gran parte de su oratoria gir\u00f3 en torno al tema de la morosidad y deslind\u00f3 al gobierno nacional de cualquier responsabilidad de las deudas que mantienen las familias con diferentes billeteras virtuales y con los propios bancos.<\/p>\n\n\n\n<p class=\"wp-block-paragraph\">En un principio el discurso en vivo estaba previsto para las 20 pero empez\u00f3 19 minutos m\u00e1s tarde. Estuvo acompa\u00f1ado del presidente de la C\u00e1mara de Diputados, Mart\u00edn Menem, y de la secretaria general de la Presidencia, Karina Milei.<br>El presidente Javier Milei durante su exposici\u00f3n en la Bolsa de Comercio de Rosario.<\/p>\n\n\n\n<p class=\"wp-block-paragraph\">Detall\u00f3 que su exposici\u00f3n se iba a dividir en 3 bloques: las campa\u00f1as de difamaci\u00f3n contra el gobierno nacional, la macroeconom\u00eda y el an\u00e1lisis propio del mercado. Volvi\u00f3 a cargar contra los periodistas y los economistas &#8220;mal formados&#8221;. La &#8220;campa\u00f1a negativa no es algo nuevo y algunos quieren que volvamos al pasado&#8221;, expres\u00f3.<\/p>\n\n\n\n<figure class=\"wp-block-image is-resized\"><img decoding=\"async\" src=\"https:\/\/media.diariouno.com.ar\/p\/5199cb27f6134107ae16ac7866a991ed\/adjuntos\/298\/imagenes\/009\/802\/0009802608\/1200x0\/smart\/bolsa-comercio-rosario.jpg\" alt=\"El auditorio repleto en la Bolsa de Comercio de Rosario.\" style=\"width:1200px;height:auto\" title=\"El auditorio repleto en la Bolsa de Comercio de Rosario.\"\/><\/figure>\n\n\n\n<p class=\"wp-block-paragraph\">&#8220;Los periodistas corruptos, ensobrados, sicarios del micr\u00f3fono, sosten\u00edan que era un discurso ajeno de lo que estaba pasando con la realidad. Que ellos esperaban otra cosa y, casualmente y afortunadamente, est\u00e1n los videos de que un a\u00f1o antes estaba anticipando desde la pol\u00edtica lo que se iba a venir para adelante. Si los medios, la mayor\u00eda de los economistas y la pol\u00edtica no tuvieran una mirada que no excede a los tres segundos, habr\u00edan entendido ese discurso y nos habr\u00edamos ahorrado bastantes problemas&#8221;, apunt\u00f3 consiguiendo aplausos de la audiencia.<\/p>\n\n\n\n<p class=\"wp-block-paragraph\">Desde la Bolsa de Comercio de Rosario valoraron las medidas recientes tomadas por la Naci\u00f3n, como el traspaso de la Ruta A012 a la \u00f3rbita provincial y la apertura de licitaciones privadas para corredores viales. Un reclamo que tambi\u00e9n fue impulsado por el gobernador de Santa Fe, Maximiliano Pullaro.<br>En la primera fila, el gobernador de Santa Fe, Maximiliano Pullaro; Mart\u00edn Menem y Karina Milei.<\/p>\n\n\n\n<p class=\"wp-block-paragraph\">El presidente le rest\u00f3 responsabilidad a la administraci\u00f3n libertaria por el alto nivel de morosos en el pa\u00eds y culp\u00f3 a &#8220;la mugre de la pol\u00edtica&#8221; por querer instalar esta idea en la sociedad para sacar provecho electoral e instalar que la gente no est\u00e1 bien econ\u00f3micamente. &#8220;Y ahora entramos como imb\u00e9ciles con: \u2018Ahora el problema es la morosidad\u2019. Me niego a creer que seamos tan pelotudos&#8221;, dispar\u00f3 recordando la noticia de una carnicer\u00eda que vend\u00eda carne de burro y que recorri\u00f3 el pa\u00eds.<\/p>\n\n\n\n<figure class=\"wp-block-image is-resized\"><img decoding=\"async\" src=\"https:\/\/media.diariouno.com.ar\/p\/5037b7d0c7caad43f0d261c2232d1fd8\/adjuntos\/298\/imagenes\/009\/802\/0009802602\/1200x0\/smart\/martin-menem-karina-milei-rosario.jpg\" alt=\"En la primera fila, el gobernador de Santa Fe, Maximiliano Pullaro; Mart&iacute;n Menem y Karina Milei.\" style=\"width:1200px;height:auto\" title=\"En la primera fila, el gobernador de Santa Fe, Maximiliano Pullaro; Mart&iacute;n Menem y Karina Milei.\"\/><\/figure>\n\n\n\n<p class=\"wp-block-paragraph\">&#8220;Nos comimos otra opereta tambi\u00e9n. Que com\u00edamos burro. Una operaci\u00f3n armada desde un estudiante de periodismo que trabaja para Lula. \u00bfPor qu\u00e9 hay un asco sobre comer burro? La reflexi\u00f3n hist\u00f3rica era que el burro era el animal con el que ustedes trabajaban, por lo que si se com\u00edan el burro, era porque estaban cagados de hambre. Quisieron instalar eso. Lo aviso para que vean la cantidad de barbaridades que est\u00e1 haciendo el mal, los responsables de 100 a\u00f1os de decadencia de la Argentina&#8221;, sostuvo tras destacar que la gente &#8220;no come vidrio ni es tonta&#8221;.<\/p>\n\n\n\n<p class=\"wp-block-paragraph\">Al explicar esta situaci\u00f3n, Milei explic\u00f3 que &#8220;convirtieron al mercado de cr\u00e9dito en un mercado de asco y, en un momento, alguien se dio cuenta que, si no pagaban tasa de inter\u00e9s, no hab\u00eda incentivo al ahorro y, si no ahorraban, no invert\u00edan y no crec\u00edan. Entonces aquellos que no ten\u00edan asco por prestar dinero empezaron a ver que progresaban. Entonces se habilit\u00f3 el tema del pr\u00e9stamo con tasa de inter\u00e9s&#8221;.<br>El auditorio repleto en la Bolsa de Comercio de Rosario.<\/p>\n\n\n\n<p class=\"wp-block-paragraph\">Y p\u00e1rrafo seguido se pregunt\u00f3: &#8220;Si las tasas eran de mercados o usurarias. Y apareci\u00f3 la figura del usurero que cobra tasas por encima de la tasa normal. \u00bfQui\u00e9n define la tasa normal? \u00bfPor qu\u00e9 el usurero puede hacer eso? \u00bfPuede ser que hay individuos que no califican en el mercado formal y van a uno que puede tomar m\u00e1s riesgos? Para pensarlo. Una transacci\u00f3n m\u00e1s riesgosa incluye una mayor tasa de inter\u00e9s&#8221;.<\/p>\n\n\n\n<p class=\"wp-block-paragraph\">Los atrasos en deudas familiares dej\u00f3 de crecer en junio por primera vez en un a\u00f1o y medio y mostr\u00f3 un leve retroceso, aunque sigue siendo alto. La tasa de morosidad en los pr\u00e9stamos personales y saldos de tarjeta de cr\u00e9dito fue en junio de 12,8%, lo que implica un retroceso de 0,1% en comparaci\u00f3n con el mes anterior.<\/p>\n\n\n\n<p class=\"wp-block-paragraph\">Este es uno de los indicadores que m\u00e1s preocupa al sistema financiero y refleja las dificultades que tiene el consumo. Este \u00edndice estaba en alza de manera ininterrumpida desde noviembre del 2024.<\/p>\n\n\n\n<p class=\"wp-block-paragraph\">&#8220;La mora que est\u00e1n viendo hoy no es por pr\u00e9stamos de 2025. Durante el 2025, los bancos racionaron. Es mora vinculada a los pr\u00e9stamos del 2024. Como hubo una suba abrupta del riesgo pa\u00eds, fruto del intento de golpe de Estado, se subi\u00f3 tanto la tasa de inter\u00e9s, se fren\u00f3 la actividad econ\u00f3mica, se congelaron los ingresos y los salarios reales cayeron. Como consecuencia de ello, la gente no pudo pagar&#8221;, resalt\u00f3.<\/p>\n\n\n\n<p class=\"wp-block-paragraph\">En este caso, Milei aprovech\u00f3 para comparar la mora en Argentina con Estados Unidos, donde indic\u00f3 que es del 13%. &#8220;\u00bfSe dan cuenta que estamos discutiendo de algo que no es un verdadero problema cuantitativamente? Siendo que adem\u00e1s cambiamos el modelo de negocios de los bancos. Nos estamos comiendo las operetas \u2018kukas\u2019 otra vez&#8221;, manifest\u00f3.<\/p>\n\n\n\n<p class=\"wp-block-paragraph\">&#8220;Nadie fue a esos mercados con una pistola en la cabeza. Lo hicieron libremente. Es un acuerdo entre partes, entre el prestamista y el prestatario. Se pusieron de acuerdo en un monto y una tasa de inter\u00e9s. Es un contrato entre privados\u201d, marc\u00f3 y apel\u00f3 al concepto de \u201cmoral hazard\u201d (riesgo moral) para explicar por qu\u00e9 el Estado no debe interceder para asistir a los morosos. &#8220;Es injusto. Si hago una operaci\u00f3n con mi contraparte y yo me equivoco, \u00bfpor qu\u00e9 carajo tienen que pagar todos ustedes? Es inmoral. Es una locura&#8221;, cerr\u00f3.<br>Javier Milei volvi\u00f3 a apuntar contra los periodistas con todo tipo de calificativos negativos.<\/p>\n\n\n\n<p class=\"wp-block-paragraph\">Su exposici\u00f3n finaliz\u00f3 pasadas las 21.30 haciendo un repaso del comportamiento de la tasa de inter\u00e9s y del cr\u00e9dito.<\/p>\n\n\n\n<p class=\"wp-block-paragraph\">Al referirse al mercado de cr\u00e9dito, explic\u00f3 que el sistema financiero modific\u00f3 su estructura de funcionamiento y pas\u00f3 de destinar una parte importante de sus recursos al financiamiento del Estado a ampliar el cr\u00e9dito al sector privado. \u201cEs una consecuencia natural del cambio de portafolio que tengan morosidad\u201d, indic\u00f3, y dijo que los niveles actuales deben analizarse en relaci\u00f3n con la expansi\u00f3n del financiamiento y con los indicadores de otros pa\u00edses.<\/p>\n\n\n\n<p class=\"wp-block-paragraph\">Cuestion\u00f3 adem\u00e1s las propuestas de intervenci\u00f3n estatal sobre el mercado y advirti\u00f3 que pueden generar efectos contraproducentes. \u201cEl remedio termina siendo peor que la enfermedad\u201d, asegur\u00f3, al se\u00f1alar que las soluciones paternalistas pueden alterar los incentivos, afectar el funcionamiento del mercado y terminar perjudicando el acceso al cr\u00e9dito y el crecimiento econ\u00f3mico.<\/p>\n\n\n\n<p class=\"wp-block-paragraph\">El presidente destac\u00f3 las medidas que est\u00e1 llevando adelante el gobierno para mejorar las condiciones de acceso al cr\u00e9dito. \u201cEstamos trabajando para ayudar, bajando la tasa\u201d, expres\u00f3, y sostuvo que la mejora de las condiciones financieras permite extender los plazos y avanzar en la renegociaci\u00f3n de deudas.<\/p>\n\n\n\n<p class=\"wp-block-paragraph\">Milei recalc\u00f3 que la reducci\u00f3n del riesgo pa\u00eds y de la inflaci\u00f3n permitieron mejorar las condiciones de financiamiento y destac\u00f3 que el sistema financiero est\u00e1 avanzando en la renegociaci\u00f3n de deudas a menores tasas y mayores plazos. &#8220;Vaya que la macro hizo su trabajo para arreglarle el problema a los morosos&#8221;, fnaliz\u00f3.<\/p>\n","protected":false},"excerpt":{"rendered":"<p>Desde la Bolsa de Comercio de Rosario valoraron medidas recientes tomadas por la Naci\u00f3n, como el traspaso de<\/p>\n","protected":false},"author":3,"featured_media":0,"comment_status":"open","ping_status":"open","sticky":false,"template":"","format":"standard","meta":{"footnotes":""},"categories":[6],"tags":[],"class_list":["post-190","post","type-post","status-publish","format-standard","hentry","category-politica"],"_links":{"self":[{"href":"https:\/\/www.gentedetrabajo.com.ar\/index.php?rest_route=\/wp\/v2\/posts\/190","targetHints":{"allow":["GET"]}}],"collection":[{"href":"https:\/\/www.gentedetrabajo.com.ar\/index.php?rest_route=\/wp\/v2\/posts"}],"about":[{"href":"https:\/\/www.gentedetrabajo.com.ar\/index.php?rest_route=\/wp\/v2\/types\/post"}],"author":[{"embeddable":true,"href":"https:\/\/www.gentedetrabajo.com.ar\/index.php?rest_route=\/wp\/v2\/users\/3"}],"replies":[{"embeddable":true,"href":"https:\/\/www.gentedetrabajo.com.ar\/index.php?rest_route=%2Fwp%2Fv2%2Fcomments&post=190"}],"version-history":[{"count":1,"href":"https:\/\/www.gentedetrabajo.com.ar\/index.php?rest_route=\/wp\/v2\/posts\/190\/revisions"}],"predecessor-version":[{"id":191,"href":"https:\/\/www.gentedetrabajo.com.ar\/index.php?rest_route=\/wp\/v2\/posts\/190\/revisions\/191"}],"wp:attachment":[{"href":"https:\/\/www.gentedetrabajo.com.ar\/index.php?rest_route=%2Fwp%2Fv2%2Fmedia&parent=190"}],"wp:term":[{"taxonomy":"category","embeddable":true,"href":"https:\/\/www.gentedetrabajo.com.ar\/index.php?rest_route=%2Fwp%2Fv2%2Fcategories&post=190"},{"taxonomy":"post_tag","embeddable":true,"href":"https:\/\/www.gentedetrabajo.com.ar\/index.php?rest_route=%2Fwp%2Fv2%2Ftags&post=190"}],"curies":[{"name":"wp","href":"https:\/\/api.w.org\/{rel}","templated":true}]}}