{"id":192,"date":"2026-08-23T19:59:42","date_gmt":"2026-08-23T22:59:42","guid":{"rendered":"https:\/\/www.gentedetrabajo.com.ar\/?p=192"},"modified":"2026-08-23T19:59:44","modified_gmt":"2026-08-23T22:59:44","slug":"mendoza-logro-cobrarle-121-000-millones-a-la-nacion-en-el-acuerdo-de-compensacion-de-deudas","status":"publish","type":"post","link":"https:\/\/www.gentedetrabajo.com.ar\/?p=192","title":{"rendered":"Mendoza logr\u00f3 cobrarle $121.000 millones a la Naci\u00f3n en el acuerdo de compensaci\u00f3n de deudas"},"content":{"rendered":"\n<p class=\"wp-block-paragraph\">V\u00edctor Fayad, ministro de Econom\u00eda y Finanzas, destac\u00f3 ese aspecto en favor de Mendoza. Ahora, ese acuerdo de compensaci\u00f3n de deudas mutuas con la Naci\u00f3n va a la Legislatura<\/p>\n\n\n\n<figure class=\"wp-block-image is-resized\"><img decoding=\"async\" src=\"https:\/\/media.diariouno.com.ar\/p\/2cdb6b13294499517543b9273c3ff8c9\/adjuntos\/298\/imagenes\/009\/742\/0009742535\/1200x0\/smart\/asamblea-legislativa-1-mayo-legislatura-victor-fayad.jpg\" alt=\"V\u00edctor Fayad, ministro de Hacienda y Finanzas de Mendoza.\u00a0\" style=\"aspect-ratio:1.7788161993769471;width:1142px;height:auto\" title=\"V\u00edctor Fayad, ministro de Hacienda y Finanzas de Mendoza.\u00a0\"\/><\/figure>\n\n\n\n<p class=\"wp-block-paragraph\">V\u00edctor Fayad, ministro de Hacienda y Finanzas, destac\u00f3 este viernes que el convenio de compensaci\u00f3n de deudas pactado con el Estado nacional -que deber\u00e1 ser aprobado por la Legislatura- tuvo una clara ventaja: la Naci\u00f3n reconoci\u00f3 acreencias en favor de Mendoza por $121.000 millones.<\/p>\n\n\n\n<p class=\"wp-block-paragraph\">Esos fondos p\u00fablicos involucrados se vinculan principalmente con inversiones en infraestructura vial (las rutas 40 y 143), proyectos de vivienda y pactos fiscales previos incumplidos por el gobierno nacional.<\/p>\n\n\n\n<p class=\"wp-block-paragraph\">Gracias a esta renegociaci\u00f3n, Fayad estim\u00f3 para el Estado provincial un alivio financiero de m\u00e1s de $7.000 millones al optimizar el calendario de pagos pendientes para este a\u00f1o y el 2027.<br>Obras en la ruta nacional 40 costeadas por Mendoza, que recupera el dinero invertido gracias a un acuerdo con la Naci\u00f3n.<\/p>\n\n\n\n<p class=\"wp-block-paragraph\">Obras en la ruta nacional 40 costeadas por Mendoza, que recupera el dinero invertido gracias a un acuerdo con la Naci\u00f3n.<\/p>\n\n\n\n<figure class=\"wp-block-image is-resized\"><img decoding=\"async\" src=\"https:\/\/media.diariouno.com.ar\/p\/b070ee848a518723810062d90cdbd8a2\/adjuntos\/298\/imagenes\/009\/272\/0009272531\/1200x0\/smart\/obras-la-ruta-40jpg.jpg\" alt=\"Obras en la ruta nacional 40 costeadas por Mendoza, que recupera el dinero invertido gracias a un acuerdo con la Naci\u00f3n.\" style=\"width:1200px;height:auto\" title=\"Obras en la ruta nacional 40 costeadas por Mendoza, que recupera el dinero invertido gracias a un acuerdo con la Naci\u00f3n.\"\/><\/figure>\n\n\n\n<p class=\"wp-block-paragraph\">La implementaci\u00f3n final de este esquema de compensaci\u00f3n de deudas mutuas entre Mendoza y la Naci\u00f3n depende ahora de la ratificaci\u00f3n legislativa provincial para formalizar la nueva relaci\u00f3n crediticia entre ambas jurisdicciones.<\/p>\n\n\n\n<p class=\"wp-block-paragraph\">El decreto provincial 1.691 fue firmado el 18 de agosto y publicado este viernes en el Bolet\u00edn Oficial de Mendoza. El convenio hab\u00eda sido firmado el 27 de julio por el gobernador Alfredo Cornejo y el ministro de Econom\u00eda de la Naci\u00f3n, Luis Caputo.<\/p>\n\n\n\n<p class=\"wp-block-paragraph\">El acuerdo financiero con la Naci\u00f3n otorga a Mendoza los siguientes beneficios directos, explic\u00f3 el ministro de Hacienda y Finanzas, V\u00edctor Fayad:<\/p>\n\n\n\n<figure class=\"wp-block-image is-resized\"><img decoding=\"async\" src=\"https:\/\/media.diariouno.com.ar\/p\/4a9f06fd4d0ea7854a0f052e00d7064b\/adjuntos\/298\/imagenes\/009\/699\/0009699004\/1200x0\/smart\/alfredo-cornejo-luis-caputo-inflacion.jpg\" alt=\"El gobernador Alfredo Cornejo y el ministro Luis Caputo, de Econom\u00eda de la Naci\u00f3n. \" style=\"width:1200px;height:auto\" title=\"El gobernador Alfredo Cornejo y el ministro Luis Caputo, de Econom\u00eda de la Naci\u00f3n. \"\/><\/figure>\n\n\n\n<pre class=\"wp-block-code\"><code>Reconocimiento de acreencias millonarias: el Estado nacional reconoce deudas a favor de la provincia por un total de $121.282 millones. Este monto corresponde a fondos adeudados por el Consenso Fiscal, obras de vivienda y obras ejecutadas en las rutas nacionales 40 y 143.\nBeneficio financiero estimado en $7.677 millones: la implementaci\u00f3n de un nuevo esquema de pagos genera este beneficio para la provincia al mejorar el perfil de vencimientos y ordenar las obligaciones mutuas entre Mendoza y la Naci\u00f3n.\nCompensaci\u00f3n de deudas y cr\u00e9ditos: el convenio facilita la compensaci\u00f3n de deudas y cr\u00e9ditos existentes entre ambas jurisdicciones, fijando nuevas pautas y condiciones para cancelar el saldo resultante.\nSaneamiento y flexibilidad a futuro: se formaliza el reconocimiento de cr\u00e9ditos provinciales que estaban pendientes de resoluci\u00f3n, lo que fortalece la posici\u00f3n financiera de Mendoza frente al Estado nacional. Adem\u00e1s, el esquema prev\u00e9 la posibilidad de a\u00f1adir nuevas acreencias de la provincia en pr\u00f3ximos convenios.<\/code><\/pre>\n","protected":false},"excerpt":{"rendered":"<p>V\u00edctor Fayad, ministro de Econom\u00eda y Finanzas, destac\u00f3 ese aspecto en favor de Mendoza. Ahora, ese acuerdo de<\/p>\n","protected":false},"author":3,"featured_media":0,"comment_status":"open","ping_status":"open","sticky":false,"template":"","format":"standard","meta":{"footnotes":""},"categories":[6],"tags":[],"class_list":["post-192","post","type-post","status-publish","format-standard","hentry","category-politica"],"_links":{"self":[{"href":"https:\/\/www.gentedetrabajo.com.ar\/index.php?rest_route=\/wp\/v2\/posts\/192","targetHints":{"allow":["GET"]}}],"collection":[{"href":"https:\/\/www.gentedetrabajo.com.ar\/index.php?rest_route=\/wp\/v2\/posts"}],"about":[{"href":"https:\/\/www.gentedetrabajo.com.ar\/index.php?rest_route=\/wp\/v2\/types\/post"}],"author":[{"embeddable":true,"href":"https:\/\/www.gentedetrabajo.com.ar\/index.php?rest_route=\/wp\/v2\/users\/3"}],"replies":[{"embeddable":true,"href":"https:\/\/www.gentedetrabajo.com.ar\/index.php?rest_route=%2Fwp%2Fv2%2Fcomments&post=192"}],"version-history":[{"count":1,"href":"https:\/\/www.gentedetrabajo.com.ar\/index.php?rest_route=\/wp\/v2\/posts\/192\/revisions"}],"predecessor-version":[{"id":193,"href":"https:\/\/www.gentedetrabajo.com.ar\/index.php?rest_route=\/wp\/v2\/posts\/192\/revisions\/193"}],"wp:attachment":[{"href":"https:\/\/www.gentedetrabajo.com.ar\/index.php?rest_route=%2Fwp%2Fv2%2Fmedia&parent=192"}],"wp:term":[{"taxonomy":"category","embeddable":true,"href":"https:\/\/www.gentedetrabajo.com.ar\/index.php?rest_route=%2Fwp%2Fv2%2Fcategories&post=192"},{"taxonomy":"post_tag","embeddable":true,"href":"https:\/\/www.gentedetrabajo.com.ar\/index.php?rest_route=%2Fwp%2Fv2%2Ftags&post=192"}],"curies":[{"name":"wp","href":"https:\/\/api.w.org\/{rel}","templated":true}]}}