{"id":194,"date":"2026-08-23T20:08:46","date_gmt":"2026-08-23T23:08:46","guid":{"rendered":"https:\/\/www.gentedetrabajo.com.ar\/?p=194"},"modified":"2026-08-23T20:08:47","modified_gmt":"2026-08-23T23:08:47","slug":"iran-escalo-la-confrontacion-con-estados-unidos-y-dijo-que-las-nuevas-sanciones-economicas-de-trump-fracasaran","status":"publish","type":"post","link":"https:\/\/www.gentedetrabajo.com.ar\/?p=194","title":{"rendered":"Ir\u00e1n escal\u00f3 la confrontaci\u00f3n con Estados Unidos y dijo que las nuevas sanciones econ\u00f3micas de Trump \u201cfracasar\u00e1n\u201d"},"content":{"rendered":"\n<p class=\"wp-block-paragraph\">El ministro de Exteriores iran\u00ed, Abbas Araqchi, describi\u00f3 la estrategia estadounidense como una repetici\u00f3n de mecanismos de presi\u00f3n. \u201cEst\u00e1n desesperados\u201d, afirm\u00f3<br>Seguir<\/p>\n\n\n\n<figure class=\"wp-block-image is-resized\"><img decoding=\"async\" src=\"https:\/\/www.infobae.com\/resizer\/v2\/ELYXVLQYINGSNF3NONB2GZJ7EE.jpg?auth=64ffee3b48c9b05ab2840af996318d8e71f770f763d5a4b3fa0aac1a881a5e36&amp;smart=true&amp;width=350&amp;height=248&amp;quality=85\" alt=\"Abbas Araqchi afirm\u00f3 que la presi\u00f3n de Estados Unidos fracas\u00f3 y defendi\u00f3 una salida negociada al conflicto con Ir\u00e1n.\" style=\"aspect-ratio:1.4096916299559472;width:1920px;height:auto\"\/><\/figure>\n\n\n\n<p class=\"wp-block-paragraph\">El r\u00e9gimen de Ir\u00e1n rechaz\u00f3 este domingo la advertencia de nuevas sanciones econ\u00f3micas de Estados Unidos y asegur\u00f3 que las medidas anunciadas por Washington no conseguir\u00e1n doblegar a Teher\u00e1n. El ministro de Exteriores iran\u00ed, Abbas Araqchi, sostuvo que la decisi\u00f3n estadounidense refleja sus dificultades para alcanzar sus objetivos mediante la presi\u00f3n ejercida hasta ahora y defendi\u00f3 una salida negociada al conflicto.<br>El escurridizo perro de orejas cortas sale a la luz: nuevas im\u00e1genes ampl\u00edan su mapa en la Amazonia<br>Te puede interesar: El escurridizo perro de orejas cortas sale a la luz: nuevas im\u00e1genes ampl\u00edan su mapa en la Amazonia<\/p>\n\n\n\n<p class=\"wp-block-paragraph\">Araqchi cuestion\u00f3 que Washington vuelva a recurrir a las sanciones despu\u00e9s de meses de enfrentamiento militar. En un mensaje difundido por Telegram, describi\u00f3 la estrategia estadounidense como una repetici\u00f3n de mecanismos de presi\u00f3n utilizados anteriormente.<\/p>\n\n\n\n<p class=\"wp-block-paragraph\">\u201cEl hecho de que hayan pasado de las operaciones militares a plantear los mismos viejos planes demuestra que est\u00e1n desesperados\u201d, afirm\u00f3 el canciller iran\u00ed.<br>La creciente preocupaci\u00f3n de Putin por las pr\u00f3ximas elecciones en Rusia<br>Te puede interesar: La creciente preocupaci\u00f3n de Putin por las pr\u00f3ximas elecciones en Rusia<\/p>\n\n\n\n<p class=\"wp-block-paragraph\">La declaraci\u00f3n se produjo despu\u00e9s de que el secretario del Tesoro estadounidense, Scott Bessent, anticipara nuevas medidas contra Ir\u00e1n que, seg\u00fan sus palabras, ser\u00e1n \u201clas sanciones m\u00e1s duras de la historia\u201d. Est\u00e1 previsto que Bessent detalle el alcance de la nueva ofensiva econ\u00f3mica este lunes.<\/p>\n\n\n\n<p class=\"wp-block-paragraph\">El Gobierno de Donald Trump busca ampliar el aislamiento financiero y comercial de Ir\u00e1n y ejercer presi\u00f3n tambi\u00e9n sobre los pa\u00edses que mantengan v\u00ednculos econ\u00f3micos con Teher\u00e1n. El presidente estadounidense advirti\u00f3 que habr\u00e1 consecuencias para cualquier Estado que proporcione \u201ccualquier tipo de salvavidas a Ir\u00e1n\u201d.<br>James Dacombe: tiene 25 a\u00f1os y se convirti\u00f3 en el multimillonario m\u00e1s joven de Europa en construir su propia fortuna<br>Te puede interesar: James Dacombe: tiene 25 a\u00f1os y se convirti\u00f3 en el multimillonario m\u00e1s joven de Europa en construir su propia fortuna<br>Ir\u00e1n rechaz\u00f3 las nuevas sanciones econ\u00f3micas de Estados Unidos y asegur\u00f3 que Washington no lograr\u00e1 doblegar a Teher\u00e1n. (REUTERS\/Thaier Al-Sudani)<\/p>\n\n\n\n<p class=\"wp-block-paragraph\">Uno de los principales focos de Washington es China, que constituye el destino predominante del petr\u00f3leo iran\u00ed exportado. La presi\u00f3n sobre compradores y empresas vinculadas con el comercio de crudo podr\u00eda convertirse en uno de los elementos centrales de la nueva estrategia estadounidense.<\/p>\n\n\n\n<p class=\"wp-block-paragraph\">Para Teher\u00e1n, sin embargo, las sanciones forman parte de una pol\u00edtica que no ha conseguido modificar la posici\u00f3n de sus autoridades. Araqchi afirm\u00f3 que Ir\u00e1n ha enfrentado bloqueos y acciones militares anteriores sin abandonar sus objetivos.<\/p>\n\n\n\n<p class=\"wp-block-paragraph\">\u201cNunca hemos tenido miedo. Todas sus acciones, ya sean bloqueos u otras maniobras militares, han fracasado, y esta nueva iniciativa suya tambi\u00e9n fracasar\u00e1\u201d, declar\u00f3 el ministro.<\/p>\n\n\n\n<p class=\"wp-block-paragraph\">El rechazo iran\u00ed se produce en un momento de fuerte deterioro econ\u00f3mico. Las restricciones internacionales ya afectan sectores fundamentales de la econom\u00eda iran\u00ed, mientras el conflicto iniciado a finales de febrero ha provocado nuevos da\u00f1os sobre infraestructura y capacidades militares. La situaci\u00f3n se agrav\u00f3 adem\u00e1s por las restricciones al tr\u00e1nsito mar\u00edtimo en el estrecho de Ormuz, una ruta fundamental para el transporte mundial de petr\u00f3leo.<\/p>\n\n\n\n<p class=\"wp-block-paragraph\">La interrupci\u00f3n del tr\u00e1fico petrolero convirti\u00f3 el estrecho en otro frente de presi\u00f3n econ\u00f3mica. Las limitaciones impuestas por Teher\u00e1n sobre determinados buques han reducido el movimiento de cargamentos y contribuido al incremento de los precios internacionales del crudo.<\/p>\n\n\n\n<figure class=\"wp-block-image is-resized\"><img decoding=\"async\" src=\"https:\/\/media.diariouno.com.ar\/p\/0e4db170b3b856099964915cffd92b6a\/adjuntos\/298\/imagenes\/009\/799\/0009799510\/1200x0\/smart\/mohamed-baqer-qalibaf-presidente-del-parlamento-y-principal-negociador-irani.jpg\" alt=\"Mohamed Baqer Qalibaf, presidente del Parlamento y principal negociador de Ir\u00e1n.\" style=\"aspect-ratio:1.7777777777777777;width:1200px;height:auto\" title=\"Mohamed Baqer Qalibaf, presidente del Parlamento y principal negociador de Ir\u00e1n.\"\/><\/figure>\n\n\n\n<p class=\"wp-block-paragraph\">Pese a ese escenario, el r\u00e9gimen iran\u00ed intenta mostrar que las nuevas sanciones no modificar\u00e1n su postura. El presidente del Parlamento, Mohammad Baqer Qalibaf, afirm\u00f3 que Teher\u00e1n recibi\u00f3 mensajes de pa\u00edses vecinos interesados en establecer nuevos mecanismos de cooperaci\u00f3n econ\u00f3mica y seguridad regional.<br>Teher\u00e1n combin\u00f3 el rechazo a las sanciones de Estados Unidos con gestiones diplom\u00e1ticas y pedidos de cooperaci\u00f3n econ\u00f3mica y seguridad regional. (REUTERS\/Ahmed Saad)<\/p>\n\n\n\n<p class=\"wp-block-paragraph\">Qalibaf no identific\u00f3 p\u00fablicamente a esos gobiernos, pero plante\u00f3 una mayor integraci\u00f3n econ\u00f3mica entre pa\u00edses de la regi\u00f3n como alternativa a la dependencia de estructuras internacionales dominadas por Washington.<\/p>\n\n\n\n<p class=\"wp-block-paragraph\">La dimensi\u00f3n diplom\u00e1tica tambi\u00e9n contin\u00faa abierta. El jefe del Ej\u00e9rcito de Pakist\u00e1n, Asim Munir, tiene previsto viajar a Teher\u00e1n este lunes dentro de los esfuerzos de Islamabad para contribuir a reducir las tensiones regionales. Entre los asuntos que podr\u00edan ser abordados figura precisamente la amenaza de nuevas sanciones estadounidenses.<\/p>\n\n\n\n<p class=\"wp-block-paragraph\">Al mismo tiempo, el presidente iran\u00ed, Masoud Pezeshkian, ha defendido una soluci\u00f3n diplom\u00e1tica. Aunque su r\u00e9gimen mantiene una posici\u00f3n de confrontaci\u00f3n frente a Washington, el mandatario ha planteado que el conflicto deber\u00eda terminar mediante un acuerdo que permita a Ir\u00e1n preservar su capacidad de negociaci\u00f3n.<br>El presidente iran\u00ed, Masoud Pezeshkian, abog\u00f3 por una soluci\u00f3n diplom\u00e1tica<\/p>\n\n\n\n<p class=\"wp-block-paragraph\">Araqchi reclam\u00f3 que Estados Unidos trate a Teher\u00e1n con respeto y busque \u201cuna soluci\u00f3n basada en la justicia y el honor\u201d.<\/p>\n\n\n\n<p class=\"wp-block-paragraph\">La administraci\u00f3n Trump, por su parte, prepara una nueva etapa de presi\u00f3n econ\u00f3mica mientras el conflicto contin\u00faa sin una soluci\u00f3n definitiva. Las pr\u00f3ximas medidas deber\u00e1n determinar hasta qu\u00e9 punto Washington puede ampliar el aislamiento de Ir\u00e1n y qu\u00e9 respuesta adoptar\u00e1 Teher\u00e1n ante el nuevo paquete de sanciones.<\/p>\n","protected":false},"excerpt":{"rendered":"<p>El ministro de Exteriores iran\u00ed, Abbas Araqchi, describi\u00f3 la estrategia estadounidense como una repetici\u00f3n de mecanismos de presi\u00f3n.<\/p>\n","protected":false},"author":3,"featured_media":0,"comment_status":"open","ping_status":"open","sticky":false,"template":"","format":"standard","meta":{"footnotes":""},"categories":[1],"tags":[],"class_list":["post-194","post","type-post","status-publish","format-standard","hentry","category-sin-categoria"],"_links":{"self":[{"href":"https:\/\/www.gentedetrabajo.com.ar\/index.php?rest_route=\/wp\/v2\/posts\/194","targetHints":{"allow":["GET"]}}],"collection":[{"href":"https:\/\/www.gentedetrabajo.com.ar\/index.php?rest_route=\/wp\/v2\/posts"}],"about":[{"href":"https:\/\/www.gentedetrabajo.com.ar\/index.php?rest_route=\/wp\/v2\/types\/post"}],"author":[{"embeddable":true,"href":"https:\/\/www.gentedetrabajo.com.ar\/index.php?rest_route=\/wp\/v2\/users\/3"}],"replies":[{"embeddable":true,"href":"https:\/\/www.gentedetrabajo.com.ar\/index.php?rest_route=%2Fwp%2Fv2%2Fcomments&post=194"}],"version-history":[{"count":1,"href":"https:\/\/www.gentedetrabajo.com.ar\/index.php?rest_route=\/wp\/v2\/posts\/194\/revisions"}],"predecessor-version":[{"id":195,"href":"https:\/\/www.gentedetrabajo.com.ar\/index.php?rest_route=\/wp\/v2\/posts\/194\/revisions\/195"}],"wp:attachment":[{"href":"https:\/\/www.gentedetrabajo.com.ar\/index.php?rest_route=%2Fwp%2Fv2%2Fmedia&parent=194"}],"wp:term":[{"taxonomy":"category","embeddable":true,"href":"https:\/\/www.gentedetrabajo.com.ar\/index.php?rest_route=%2Fwp%2Fv2%2Fcategories&post=194"},{"taxonomy":"post_tag","embeddable":true,"href":"https:\/\/www.gentedetrabajo.com.ar\/index.php?rest_route=%2Fwp%2Fv2%2Ftags&post=194"}],"curies":[{"name":"wp","href":"https:\/\/api.w.org\/{rel}","templated":true}]}}