{"id":202,"date":"2026-08-23T20:36:41","date_gmt":"2026-08-23T23:36:41","guid":{"rendered":"https:\/\/www.gentedetrabajo.com.ar\/?p=202"},"modified":"2026-08-23T20:37:08","modified_gmt":"2026-08-23T23:37:08","slug":"el-polemico-fallo-que-le-robo-la-noche-al-argentino-bebu-veron-ante-yoenli-hernandez-en-las-vegas-aca-esta-pasando-algo","status":"publish","type":"post","link":"https:\/\/www.gentedetrabajo.com.ar\/?p=202","title":{"rendered":"El pol\u00e9mico fallo que le rob\u00f3 la noche al argentino \u201cBebu\u201d Ver\u00f3n ante Yoenli Hern\u00e1ndez en Las Vegas: \u201cAc\u00e1 est\u00e1 pasando algo\u201d"},"content":{"rendered":"\n<p class=\"wp-block-paragraph\">Dos jueces le entregaron al cubano una victoria amplia en los papeles que no reflej\u00f3 lo ocurrido durante los 10 rounds. El p\u00fablico en Las Vegas respondi\u00f3 con abucheos y la esquina del argentino asegur\u00f3 que fue \u201cun robo\u201d<\/p>\n\n\n\n<figure class=\"wp-block-image is-resized\"><img decoding=\"async\" src=\"https:\/\/media.diariouno.com.ar\/p\/fc18358ef7fe32675a6084cf5b4f9f4a\/adjuntos\/298\/imagenes\/009\/802\/0009802682\/1200x0\/smart\/boxeo-las-vegas-bebu-veron-yoenli-hernandez.jpg\" alt=\"El actual campe\u00f3n NABO de la OMB, el invicto cubano Yoenli Hern\u00e1ndez, ser\u00e1 una dur\u00edsma prueba para el argentino Francisco Bebu Ver\u00f3n en la velada de boxeo internacional de Las Vegas.\" style=\"aspect-ratio:1.7777777777777777;width:1200px;height:auto\" title=\"El actual campe\u00f3n NABO de la OMB, el invicto cubano Yoenli Hern\u00e1ndez, ser\u00e1 una dur\u00edsma prueba para el argentino Francisco Bebu Ver\u00f3n en la velada de boxeo internacional de Las Vegas.\"\/><\/figure>\n\n\n\n<p class=\"wp-block-paragraph\">Las tarjetas de Eric Cheek (99-91) y David Sutherland (98-92) convirtieron una pelea pareja en una victoria c\u00f3moda sobre el papel para el cubano Yoenli \u201cEl Diablo\u201d Hern\u00e1ndez, este s\u00e1bado en el T-Mobile Arena de Las Vegas. El abucheo del p\u00fablico tras la lectura del fallo oficial fue la respuesta m\u00e1s elocuente a lo que muchos vieron como un resultado que no reflej\u00f3 lo ocurrido en el ring.<\/p>\n\n\n\n<p class=\"wp-block-paragraph\">El tercer juez, Steve Weisfeld, s\u00ed marc\u00f3 un empate en 95 puntos para cada peleador, una tarjeta que, seg\u00fan coincidieron varios analistas y el equipo de transmisi\u00f3n de ESPN KNOCK OUT, se aproxim\u00f3 bastante m\u00e1s a la realidad del combate. La diferencia entre las tres tarjetas \u2014ocho y cuatro puntos de ventaja para Hern\u00e1ndez en las otras dos\u2014 fue el centro de la controversia que domin\u00f3 el an\u00e1lisis posterior a la pelea.<\/p>\n\n\n\n<p class=\"wp-block-paragraph\">Ver\u00f3n, de 27 a\u00f1os y oriundo de Jos\u00e9 Le\u00f3n Su\u00e1rez, acept\u00f3 un desaf\u00edo que pocos habr\u00edan tomado: subir de la categor\u00eda superw\u00e9lter (69,850 kg) a los medianos (72,574 kg \/ 160 libras) para enfrentar al primer clasificado de la Asociaci\u00f3n Mundial de Boxeo (AMB) en esa divisi\u00f3n, un atleta que adem\u00e1s lleg\u00f3 con una diferencia f\u00edsica notable. Seg\u00fan se\u00f1al\u00f3 el propio boxeador en di\u00e1logo con Infobae, Hern\u00e1ndez se \u201cinfl\u00f3\u201d de una manera llamativa tras el pesaje y subi\u00f3 al ring con un peso estimado cercano a los 80 kg. \u201cNo me sorprendi\u00f3 porque lo esper\u00e1bamos\u201d, reconoci\u00f3 el Bebu.<\/p>\n\n\n\n<figure class=\"wp-block-image is-resized\"><img decoding=\"async\" src=\"https:\/\/media.diariouno.com.ar\/p\/d5e8af2b11dfff6e1fcbf4d7da6eebbc\/adjuntos\/298\/imagenes\/009\/803\/0009803164\/1200x0\/smart\/boxeo-las-vegas-francisco-bebu-veron-yoenli-hernandez-1.jpg\" alt=\"Francisco Bebu Ver\u00f3n tuvo una buena presentaci\u00f3n en Las Vegas frente al cubano Hern\u00e1ndez y cay\u00f3 en fallo dividido.\" style=\"aspect-ratio:1.7751479289940828;width:1200px;height:auto\" title=\"Francisco Bebu Ver\u00f3n tuvo una buena presentaci\u00f3n en Las Vegas frente al cubano Hern\u00e1ndez y cay\u00f3 en fallo dividido.\"\/><\/figure>\n\n\n\n<p class=\"wp-block-paragraph\">El plan de Ver\u00f3n result\u00f3 claro desde el primer round: moverse, trabajar con la izquierda adelantada, pelear en corto y evitar que el cubano \u2014favorito 14 a 1 en las apuestas y con un 90% de nocauts en su r\u00e9cord\u2014 desarrollara su golpeo de poder. La t\u00e1ctica funcion\u00f3. Hern\u00e1ndez, campe\u00f3n ol\u00edmpico en Par\u00eds 2024, no logr\u00f3 resolver el acertijo que le plante\u00f3 el argentino y no pudo concretar el nocaut que hab\u00eda prometido antes del octavo asalto.<\/p>\n\n\n\n<p class=\"wp-block-paragraph\">El momento m\u00e1s claro de la noche para Ver\u00f3n lleg\u00f3 en el quinto round \u2014otras fuentes lo ubican en el sexto\u2014, cuando un gancho de izquierda hizo retroceder y trastabillar a Hern\u00e1ndez. El T-Mobile Arena reaccion\u00f3. El cubano reajust\u00f3 y recuper\u00f3 el control, pero la imagen qued\u00f3 grabada: el argentino clasificado s\u00e9ptimo en el ranking mediano junior del Consejo Mundial de Boxeo (CMB) hab\u00eda llevado al invicto al l\u00edmite.<\/p>\n\n\n\n<p class=\"wp-block-paragraph\">La tarjeta de Fernando Barbosa, el analista de ESPN KNOCK OUT, cerr\u00f3 en 95-95, igual que la de Weisfeld. Ninguno de los dos vio la pelea como la vieron Cheek y Sutherland. Seg\u00fan consign\u00f3 ESPN Argentina, \u201cotorgarle a Hern\u00e1ndez semejante ventaja habla a las claras de que esos dos jueces vieron otra pelea\u201d. El an\u00e1lisis de varios medios apunt\u00f3 en la misma direcci\u00f3n: las tarjetas de 98-92 y 99-91 fueron muy exageradas y hasta pol\u00e9micas.<\/p>\n\n\n\n<p class=\"wp-block-paragraph\">El argentino se refiri\u00f3 al combate que le dieron perdido ante Yoenli Hern\u00e1ndez en Las Vegas y gener\u00f3 el abucheo del p\u00fablico<\/p>\n\n\n\n<p class=\"wp-block-paragraph\">Tras la velada, el argentino se mostr\u00f3 conforme con su actuaci\u00f3n: \u201cQuer\u00eda agradecerle a toda gente, sent\u00ed mucho el apoyo de todos. No me llev\u00e9 la victoria, pero llev\u00e9 mucho m\u00e1s que eso, que es el cari\u00f1o de toda la gente. Muchos me dice que gan\u00e9 la pelea y viendo las redes sociales, parece que fue un robo. Voy a volver a ver la pelea, y analizar c\u00f3mo fue y en qu\u00e9 fallamos. Vamos a seguir entrenando para dar lo mejor de nosotros. Espero que me vuelvan a abrir la puerta ac\u00e1 en PBC en Las Vegas que me gust\u00f3 mucho pelear ac\u00e1. Me preparar\u00e9 para lo que se viene. Muchas gracias a todos\u201d, afirm\u00f3. Tambi\u00e9n anticip\u00f3 que regresar\u00e1 a los medianos junior, donde tiene su clasificaci\u00f3n en el CMB, y que retomar\u00e1 su carrera universitaria de Educaci\u00f3n F\u00edsica en la UNAHUR.<\/p>\n\n\n\n<p class=\"wp-block-paragraph\">Desde la esquina del Bebu Ver\u00f3n vieron lo mismo y calificaron como \u201cun robo\u201d la decisi\u00f3n. \u201cComo m\u00ednimo era un empate. Pero demostramos que estamos a la altura y al nivel de estos escenarios, que no nos qued\u00f3 grande\u201d, asegur\u00f3 su m\u00e1nager, Jony Quintana: En tanto, Frankie Ver\u00f3n, padre y entrenador del Bebu, a\u00f1adi\u00f3: \u201cGrav\u00edsimo. Todo el mundo, toda la Argentina, vio lo mismo\u201d. Y tambi\u00e9n mostr\u00f3 su gratitud con el p\u00fablico: \u201cGracias a todos, a mi Argentina y a muchas partes del mundo. Todos nos vieron ganar, se dej\u00f3 todo. Y Bebu demostr\u00f3 que est\u00e1 para grandes carteleras. Sin dudas, se van a venir cosas buenas con semejante actuaci\u00f3n. La pr\u00f3xima ser\u00e1\u201d.<\/p>\n\n\n\n<p class=\"wp-block-paragraph\">Los elogios de Yoenli Hern\u00e1ndez para el \u2018Bebu\u2019 Ver\u00f3n.<\/p>\n\n\n\n<p class=\"wp-block-paragraph\">Hern\u00e1ndez, por su parte, reconoci\u00f3 en el ring que Ver\u00f3n fue \u201cel boxeador m\u00e1s complicado que enfrent\u00f3\u201d. \u201cHay que reconocer que tiene rapidez con las manos. Cuando se aprieta a la hora de conectar, solo se mueve y agarra, pero me gust\u00f3 porque era muy r\u00e1pido y muy \u00e1gil\u201d, declar\u00f3 el cubano en di\u00e1logo con ESPN. \u201cFue una pelea cerrada pero los \u00faltimos dos rounds lo decidieron todo\u201d, a\u00f1adi\u00f3, antes de lanzar un desaf\u00edo al campe\u00f3n mediano del CMB, el dominicano Carlos \u201cCaballo Bronco\u201d Adames.<\/p>\n\n\n\n<p class=\"wp-block-paragraph\">Con el resultado oficial, Hern\u00e1ndez elev\u00f3 su r\u00e9cord a 11-0 con 9 nocauts. Ver\u00f3n qued\u00f3 en 17-2-1 con 10 victorias antes del l\u00edmite.<\/p>\n\n\n\n<p class=\"wp-block-paragraph\">La pelea de Ver\u00f3n y Hern\u00e1ndez integr\u00f3 la cartelera coestelar del evento encabezado por el duelo entre Te\u00f3fimo L\u00f3pez y Rolando \u201cRolly\u201d Romero por el t\u00edtulo welter de la AMB, que se disput\u00f3 tambi\u00e9n en el T-Mobile Arena de Las Vegas.<\/p>\n","protected":false},"excerpt":{"rendered":"<p>Dos jueces le entregaron al cubano una victoria amplia en los papeles que no reflej\u00f3 lo ocurrido durante<\/p>\n","protected":false},"author":3,"featured_media":0,"comment_status":"open","ping_status":"open","sticky":false,"template":"","format":"standard","meta":{"footnotes":""},"categories":[6],"tags":[],"class_list":["post-202","post","type-post","status-publish","format-standard","hentry","category-politica"],"_links":{"self":[{"href":"https:\/\/www.gentedetrabajo.com.ar\/index.php?rest_route=\/wp\/v2\/posts\/202","targetHints":{"allow":["GET"]}}],"collection":[{"href":"https:\/\/www.gentedetrabajo.com.ar\/index.php?rest_route=\/wp\/v2\/posts"}],"about":[{"href":"https:\/\/www.gentedetrabajo.com.ar\/index.php?rest_route=\/wp\/v2\/types\/post"}],"author":[{"embeddable":true,"href":"https:\/\/www.gentedetrabajo.com.ar\/index.php?rest_route=\/wp\/v2\/users\/3"}],"replies":[{"embeddable":true,"href":"https:\/\/www.gentedetrabajo.com.ar\/index.php?rest_route=%2Fwp%2Fv2%2Fcomments&post=202"}],"version-history":[{"count":1,"href":"https:\/\/www.gentedetrabajo.com.ar\/index.php?rest_route=\/wp\/v2\/posts\/202\/revisions"}],"predecessor-version":[{"id":203,"href":"https:\/\/www.gentedetrabajo.com.ar\/index.php?rest_route=\/wp\/v2\/posts\/202\/revisions\/203"}],"wp:attachment":[{"href":"https:\/\/www.gentedetrabajo.com.ar\/index.php?rest_route=%2Fwp%2Fv2%2Fmedia&parent=202"}],"wp:term":[{"taxonomy":"category","embeddable":true,"href":"https:\/\/www.gentedetrabajo.com.ar\/index.php?rest_route=%2Fwp%2Fv2%2Fcategories&post=202"},{"taxonomy":"post_tag","embeddable":true,"href":"https:\/\/www.gentedetrabajo.com.ar\/index.php?rest_route=%2Fwp%2Fv2%2Ftags&post=202"}],"curies":[{"name":"wp","href":"https:\/\/api.w.org\/{rel}","templated":true}]}}