{"id":208,"date":"2026-08-25T19:01:10","date_gmt":"2026-08-25T22:01:10","guid":{"rendered":"https:\/\/www.gentedetrabajo.com.ar\/?p=208"},"modified":"2026-08-25T19:01:11","modified_gmt":"2026-08-25T22:01:11","slug":"cornejo-se-reunio-con-todos-los-intendentes-para-coordinar-acciones-preventivas-por-el-super-nino","status":"publish","type":"post","link":"https:\/\/www.gentedetrabajo.com.ar\/?p=208","title":{"rendered":"Cornejo se reuni\u00f3 con todos los intendentes para coordinar acciones preventivas por el S\u00faper Ni\u00f1o"},"content":{"rendered":"\n<p class=\"wp-block-paragraph\">Son alertas tempranas que llegar\u00e1n a trav\u00e9s de la plataforma oficial Mendoza por m\u00ed, para advertir de tormentas, crecidas de cauces o rutas afectadas<\/p>\n\n\n\n<figure class=\"wp-block-image is-resized\"><img decoding=\"async\" src=\"https:\/\/media.diariouno.com.ar\/p\/e7144a224ff0d5394bb7693ca4351028\/adjuntos\/298\/imagenes\/009\/803\/0009803751\/1200x0\/smart\/alfredo-cornejo-intendentes.JPG\" alt=\"Alfredo Cornejo reuni\u00f3 en Casa de Gobierno a todos los intendentes.\" style=\"aspect-ratio:2.0238907849829353;width:1186px;height:auto\" title=\"Alfredo Cornejo reuni\u00f3 en Casa de Gobierno a todos los intendentes.\"\/><\/figure>\n\n\n\n<p class=\"wp-block-paragraph\">El fen\u00f3meno del S\u00faper ni\u00f1o, que muy probablemente provoque grandes y prolongadas tormentas, crecidas de cauces y afecte rutas fue el eje central de la reuni\u00f3n del gobernador Alfredo Cornejo con los 18 intendentes y varios ministros.<\/p>\n\n\n\n<p class=\"wp-block-paragraph\">Es que el Gobierno pretende anticiparse a la posibilidad de que se avecinen fen\u00f3menos metereol\u00f3gicos extremos y para eso dise\u00f1a un sistema de alertas tempranas que se activar\u00e1n en la plataforma Mendoza por m\u00ed, y a trav\u00e9s de los medios convencionales, junto con Defensa Civil.<\/p>\n\n\n\n<p class=\"wp-block-paragraph\">&#8220;Estamos prepar\u00e1ndonos para estos eventos que ser\u00e1n m\u00e1s fuertes o m\u00e1s intensos de lo normal&#8221;, comenz\u00f3 advirtiendo la ministra de Energ\u00eda y Ambiente, Jimena Latorre, y marc\u00f3 que &#8220;una de las consecuencias de estas grandes tormentas o fuertes vientos es el impacto que puede tener en la infraestructura el\u00e9ctrica. Mendoza tiene una infraestructura el\u00e9ctrica preparada y robustecida, pero ante estos eventos tambi\u00e9n hay que poder desplegar protocolos de emergencia&#8221;.<br>La idea del Gobierno es crear alertas tempranas para advertir las tormentas que pueda generar el fen\u00f3meno del S\u00faper Ni\u00f1o. La idea es prever situaciones como las que ocurrieron en enero del a\u00f1o pasado.<\/p>\n\n\n\n<p class=\"wp-block-paragraph\">La idea del Gobierno es crear alertas tempranas para advertir las tormentas que pueda generar el fen\u00f3meno del S\u00faper Ni\u00f1o. La idea es prever situaciones como las que ocurrieron en enero del a\u00f1o pasado.<\/p>\n\n\n\n<p class=\"wp-block-paragraph\">La funcionaria cont\u00f3 que se convoc\u00f3 a los intendentes para que ellos colaboren con mantener en buen estado la infraestructura de cauces, de manera tal de que si se diera una fuerte tormenta, no colapsen por la cantidad de basura que suele arrojarse en ellos.<\/p>\n\n\n\n<p class=\"wp-block-paragraph\">Pero adem\u00e1s, ante esta posibilidad de grande tormentas, el Gobierno pretende que la informaci\u00f3n que circule est\u00e9 &#8220;centralizada, coordinada y sistematizada&#8221;.<\/p>\n\n\n\n<figure class=\"wp-block-image is-resized\"><img decoding=\"async\" src=\"https:\/\/media.diariouno.com.ar\/p\/4470d151a4e250797116aa07e2a1f945\/adjuntos\/298\/imagenes\/009\/803\/0009803619\/1200x0\/smart\/cornejo-jimena-latorre-y-natalio-mema.jpg\" alt=\"El gobernador Alfredo Cornejo, y sus ministros de Energ\u00eda, Jimena Latorre, y de Gobierno, Natalio Mema detallaron el sistema de alertas tempranas que activar\u00e1n en Mendoza por mi para advertir por las tormentas del S\u00faper Ni\u00f1o.\" style=\"width:1200px;height:auto\" title=\"El gobernador Alfredo Cornejo, y sus ministros de Energ\u00eda, Jimena Latorre, y de Gobierno, Natalio Mema detallaron el sistema de alertas tempranas que activar\u00e1n en Mendoza por mi para advertir por las tormentas del S\u00faper Ni\u00f1o.\"\/><\/figure>\n\n\n\n<p class=\"wp-block-paragraph\">&#8220;Nos estamos preparando, estamos ordenando la informaci\u00f3n, y seguimos trabajando en la infraestructura para poder hacer frente a eventuales situaciones que sean de mayor severidad&#8221;, insisti\u00f3 Latorre.<br>El Super Ni\u00f1o monitoreado con 60 estaciones meteorol\u00f3gicas y 3 radares<\/p>\n\n\n\n<p class=\"wp-block-paragraph\">Para poder advertir las tormentas que pueda generar el fen\u00f3meno del Super Ni\u00f1o, el Gobierno se nutrir\u00e1 de la informaci\u00f3n que produzcan 60 estaciones metereol\u00f3gicas y 3 radares de Aeron\u00e1utica de Mendoza Sociedad An\u00f3nima (AEMSA) la empresa que tiene participaci\u00f3n estatal.<br>El gobernador Alfredo Cornejo, y sus ministros de Energ\u00eda, Jimena Latorre, y de Gobierno, Natalio Mema detallaron el sistema de alertas tempranas que activar\u00e1n en Mendoza por mi para advertir por las tormentas del S\u00faper Ni\u00f1o.<\/p>\n\n\n\n<p class=\"wp-block-paragraph\">El gobernador Alfredo Cornejo, y sus ministros de Energ\u00eda, Jimena Latorre, y de Gobierno, Natalio Mema detallaron el sistema de alertas tempranas que activar\u00e1n en Mendoza por mi para advertir por las tormentas del S\u00faper Ni\u00f1o.<br>Foto: Gobierno de Mendoza<\/p>\n\n\n\n<p class=\"wp-block-paragraph\">El ministro de Gobierno, Natalio Mema cont\u00f3 que la idea es trasladar uno de esos radares de San Mart\u00edn a la zona cordillerana, y que con ese radar tambi\u00e9n se le brindar\u00e1 informaci\u00f3n a San Juan.<\/p>\n\n\n\n<p class=\"wp-block-paragraph\">&#8220;Lo importante es que nosotros como organismo p\u00fablico, cada uno de los municipios y las \u00e1reas que estamos aqu\u00ed, tengamos informaci\u00f3n de calidad para tomar decisiones, y que podamos brindarle esta informaci\u00f3n de calidad a los mendocinos&#8221;, proyect\u00f3 Mema y asegur\u00f3 que con esa meta se gener\u00f3 esta reuni\u00f3n un par de meses antes de que lleguen las tormentas.<\/p>\n\n\n\n<p class=\"wp-block-paragraph\">El ministro de Cornejo adelant\u00f3 que una vez que esa informaci\u00f3n se confirme, van a enviar alertas tempranas en el domicilio que ha declarado cada uno de los usuarios de Mendoza por M\u00ed. &#8220;Cuando vayamos a tener un fen\u00f3meno de esta naturaleza, cauces con crecidas, rutas con algunos inconvenientes o zonas inundables, vamos a poder avisar con tiempo para poder tomar las medidas necesarias&#8221;.<\/p>\n\n\n\n<p class=\"wp-block-paragraph\">Entre tanto, desde el Gobierno rescataron 6 obras de hidr\u00e1ulica que se han concretado en el Sur, y en la zona del pedemonte en el \u00e1rea metropolitana.<\/p>\n","protected":false},"excerpt":{"rendered":"<p>Son alertas tempranas que llegar\u00e1n a trav\u00e9s de la plataforma oficial Mendoza por m\u00ed, para advertir de tormentas,<\/p>\n","protected":false},"author":3,"featured_media":0,"comment_status":"open","ping_status":"open","sticky":false,"template":"","format":"standard","meta":{"footnotes":""},"categories":[6],"tags":[],"class_list":["post-208","post","type-post","status-publish","format-standard","hentry","category-politica"],"_links":{"self":[{"href":"https:\/\/www.gentedetrabajo.com.ar\/index.php?rest_route=\/wp\/v2\/posts\/208","targetHints":{"allow":["GET"]}}],"collection":[{"href":"https:\/\/www.gentedetrabajo.com.ar\/index.php?rest_route=\/wp\/v2\/posts"}],"about":[{"href":"https:\/\/www.gentedetrabajo.com.ar\/index.php?rest_route=\/wp\/v2\/types\/post"}],"author":[{"embeddable":true,"href":"https:\/\/www.gentedetrabajo.com.ar\/index.php?rest_route=\/wp\/v2\/users\/3"}],"replies":[{"embeddable":true,"href":"https:\/\/www.gentedetrabajo.com.ar\/index.php?rest_route=%2Fwp%2Fv2%2Fcomments&post=208"}],"version-history":[{"count":1,"href":"https:\/\/www.gentedetrabajo.com.ar\/index.php?rest_route=\/wp\/v2\/posts\/208\/revisions"}],"predecessor-version":[{"id":209,"href":"https:\/\/www.gentedetrabajo.com.ar\/index.php?rest_route=\/wp\/v2\/posts\/208\/revisions\/209"}],"wp:attachment":[{"href":"https:\/\/www.gentedetrabajo.com.ar\/index.php?rest_route=%2Fwp%2Fv2%2Fmedia&parent=208"}],"wp:term":[{"taxonomy":"category","embeddable":true,"href":"https:\/\/www.gentedetrabajo.com.ar\/index.php?rest_route=%2Fwp%2Fv2%2Fcategories&post=208"},{"taxonomy":"post_tag","embeddable":true,"href":"https:\/\/www.gentedetrabajo.com.ar\/index.php?rest_route=%2Fwp%2Fv2%2Ftags&post=208"}],"curies":[{"name":"wp","href":"https:\/\/api.w.org\/{rel}","templated":true}]}}