{"id":210,"date":"2026-08-25T19:09:56","date_gmt":"2026-08-25T22:09:56","guid":{"rendered":"https:\/\/www.gentedetrabajo.com.ar\/?p=210"},"modified":"2026-08-25T19:09:57","modified_gmt":"2026-08-25T22:09:57","slug":"fuerte-cruce-entre-tierra-del-fuego-y-el-gobierno-nacional-por-un-buque-britanico-en-ushuaia","status":"publish","type":"post","link":"https:\/\/www.gentedetrabajo.com.ar\/?p=210","title":{"rendered":"Fuerte cruce entre Tierra del Fuego y el gobierno nacional por un buque brit\u00e1nico en Ushuaia"},"content":{"rendered":"\n<p class=\"wp-block-paragraph\">El Ejecutivo insular tild\u00f3 de inadmisible la nave. La Casa Rosada descart\u00f3 riesgos a la soberan\u00eda y sostuvo que el buque oper\u00f3 seg\u00fan la norma<\/p>\n\n\n\n<figure class=\"wp-block-image is-resized\"><img decoding=\"async\" src=\"https:\/\/media.diariouno.com.ar\/p\/e4de8f8871292cfca99c6e7275103411\/adjuntos\/296\/imagenes\/009\/800\/0009800344\/1200x0\/smart\/adrian-ravier-conferencia-prensa-casa-rosada-foto-presidencia.jfif\" alt=\"El vocero Adri&aacute;n Ravier dio detalles de la postura de la Naci&oacute;n sobre el buque brit&aacute;nico en Tierra del Fuego.\" style=\"width:1200px;height:auto\" title=\"El vocero Adri&aacute;n Ravier dio detalles de la postura de la Naci&oacute;n sobre el buque brit&aacute;nico en Tierra del Fuego.\"\/><\/figure>\n\n\n\n<p class=\"wp-block-paragraph\">El amarre del buque petrolero de bandera del Reino Unido VS Promise en la ciudad de Ushuaia desat\u00f3 un severo conflicto por la soberan\u00eda entre la provincia de Tierra del Fuego y el gobierno nacional. El Ejecutivo insular calific\u00f3 el hecho de inadmisible, al tiempo que la Casa Rosada asegur\u00f3 que el atracadero oper\u00f3 bajo norma.<\/p>\n\n\n\n<p class=\"wp-block-paragraph\">El rechazo provincial se enfoc\u00f3 en la soberan\u00eda del Atl\u00e1ntico Sur. Desde la gesti\u00f3n del gobernador Gustavo Melella manifestaron su repudio a la presencia de la embarcaci\u00f3n y cuestionaron las decisiones unilaterales dictadas desde Naci\u00f3n en CABA.<\/p>\n\n\n\n<p class=\"wp-block-paragraph\">La estaci\u00f3n mar\u00edtima de Ushuaia se encuentra intervenida por la Agencia Nacional de Puertos y Navegaci\u00f3n (Anpyn) desde enero, aspecto que intensific\u00f3 el reclamo por la soberan\u00eda mar\u00edtima y la autonom\u00eda en el manejo de sus recursos estrat\u00e9gicos.<br>La postura del gobierno nacional por la soberan\u00eda<\/p>\n\n\n\n<p class=\"wp-block-paragraph\">El vocero presidencial, Adri\u00e1n Ravier, sali\u00f3 al cruce de las cr\u00edticas y rechaz\u00f3 que la escala de la nave afecte la soberan\u00eda. El funcionario aclar\u00f3 en conferencia de prensa que el buque complet\u00f3 tareas de carga de petr\u00f3leo crudo en la cuenca de puerto Cuy\u00e9n y acudi\u00f3 a la terminal para abastecerse.<br>El vocero Adri\u00e1n Ravier dio detalles de la postura de la Naci\u00f3n sobre el buque brit\u00e1nico en Tierra del Fuego.<\/p>\n\n\n\n<p class=\"wp-block-paragraph\">El vocero Adri\u00e1n Ravier dio detalles de la postura de la Naci\u00f3n sobre el buque brit\u00e1nico en Tierra del Fuego.<\/p>\n\n\n\n<p class=\"wp-block-paragraph\">Ravier afirm\u00f3 que la maniobra cont\u00f3 con el aval t\u00e9cnico provincial en la monoboya y argument\u00f3 que el accionar no viol\u00f3 las leyes vigentes. Seg\u00fan precis\u00f3 el portavoz, las restricciones normativas apuntan a tareas extractivas en el \u00e1rea de Malvinas y no a este tipo de provisi\u00f3n que impacte en las costas argentinas.<br>El buque petrolero y el debate de soberan\u00eda<\/p>\n\n\n\n<figure class=\"wp-block-image is-resized\"><img decoding=\"async\" src=\"https:\/\/media.diariouno.com.ar\/p\/ee1a048bb686545a5374e2d7c5706a94\/adjuntos\/298\/imagenes\/009\/804\/0009804136\/1200x0\/smart\/buque-britanico-ingles.jpg\" alt=\"El gobierno afirma que la operaci\u00f3n del buque VS Promise cumpli\u00f3 con la normativa vigente.\" style=\"aspect-ratio:1.7777777777777777;width:1200px;height:auto\" title=\"El gobierno afirma que la operaci\u00f3n del buque VS Promise cumpli\u00f3 con la normativa vigente.\"\/><\/figure>\n\n\n\n<p class=\"wp-block-paragraph\">La nave VS Promise cuenta con 228 metros de eslora y capacidad de transporte para medio mill\u00f3n de barriles de crudo. Antes de su llegada a la capital fueguina, el nav\u00edo oper\u00f3 con la compa\u00f1\u00eda Total en la Zona Norte del territorio insular.<\/p>\n\n\n\n<p class=\"wp-block-paragraph\">El intercambio de declaraciones volvi\u00f3 a poner en eje la administraci\u00f3n portuaria austral y los l\u00edmites de competencia entre las jurisdicciones locales y federales en materia de soberan\u00eda, en una discusi\u00f3n que promete sumar nuevos cap\u00edtulos pol\u00edticos.<br>Claves de un conflicto de soberan\u00eda en el Atl\u00e1ntico Sur<\/p>\n\n\n\n<p class=\"wp-block-paragraph\">El contrapunto t\u00e9cnico y pol\u00edtico expone la tensi\u00f3n latente entre la administraci\u00f3n central y las autoridades provinciales por el control de los giros comerciales en los puertos australes. La presencia de la nave de bandera brit\u00e1nica reactiv\u00f3 el debate sobre los l\u00edmites de las competencias locales frente a los permisos otorgados por el organismo de navegaci\u00f3n.<\/p>\n\n\n\n<p class=\"wp-block-paragraph\">A esto se suma la sensibilidad hist\u00f3rica que rodea cada operaci\u00f3n mar\u00edtima vinculada con Reino Unido en el extremo sur del pa\u00eds. La provincia exige voz y voto en cada autorizaci\u00f3n para resguardar la soberan\u00eda territorial. En tanto, la Casa Rosada insiste en que se trat\u00f3 de un procedimiento t\u00e9cnico y comercial que no vulnera ning\u00fan tratado ni norma vigente.<\/p>\n\n\n\n<p class=\"wp-block-paragraph\"><a href=\"https:\/\/www.diariouno.com.ar\/perfil\/1557-redaccion-uno\"><\/a><\/p>\n","protected":false},"excerpt":{"rendered":"<p>El Ejecutivo insular tild\u00f3 de inadmisible la nave. La Casa Rosada descart\u00f3 riesgos a la soberan\u00eda y sostuvo<\/p>\n","protected":false},"author":3,"featured_media":0,"comment_status":"open","ping_status":"open","sticky":false,"template":"","format":"standard","meta":{"footnotes":""},"categories":[6],"tags":[],"class_list":["post-210","post","type-post","status-publish","format-standard","hentry","category-politica"],"_links":{"self":[{"href":"https:\/\/www.gentedetrabajo.com.ar\/index.php?rest_route=\/wp\/v2\/posts\/210","targetHints":{"allow":["GET"]}}],"collection":[{"href":"https:\/\/www.gentedetrabajo.com.ar\/index.php?rest_route=\/wp\/v2\/posts"}],"about":[{"href":"https:\/\/www.gentedetrabajo.com.ar\/index.php?rest_route=\/wp\/v2\/types\/post"}],"author":[{"embeddable":true,"href":"https:\/\/www.gentedetrabajo.com.ar\/index.php?rest_route=\/wp\/v2\/users\/3"}],"replies":[{"embeddable":true,"href":"https:\/\/www.gentedetrabajo.com.ar\/index.php?rest_route=%2Fwp%2Fv2%2Fcomments&post=210"}],"version-history":[{"count":1,"href":"https:\/\/www.gentedetrabajo.com.ar\/index.php?rest_route=\/wp\/v2\/posts\/210\/revisions"}],"predecessor-version":[{"id":212,"href":"https:\/\/www.gentedetrabajo.com.ar\/index.php?rest_route=\/wp\/v2\/posts\/210\/revisions\/212"}],"wp:attachment":[{"href":"https:\/\/www.gentedetrabajo.com.ar\/index.php?rest_route=%2Fwp%2Fv2%2Fmedia&parent=210"}],"wp:term":[{"taxonomy":"category","embeddable":true,"href":"https:\/\/www.gentedetrabajo.com.ar\/index.php?rest_route=%2Fwp%2Fv2%2Fcategories&post=210"},{"taxonomy":"post_tag","embeddable":true,"href":"https:\/\/www.gentedetrabajo.com.ar\/index.php?rest_route=%2Fwp%2Fv2%2Ftags&post=210"}],"curies":[{"name":"wp","href":"https:\/\/api.w.org\/{rel}","templated":true}]}}