{"id":213,"date":"2026-08-25T19:18:40","date_gmt":"2026-08-25T22:18:40","guid":{"rendered":"https:\/\/www.gentedetrabajo.com.ar\/?p=213"},"modified":"2026-08-25T19:18:41","modified_gmt":"2026-08-25T22:18:41","slug":"luis-de-la-fuente-cargo-contra-la-seleccion-argentina-por-los-incidentes-en-la-final-del-mundial-2026","status":"publish","type":"post","link":"https:\/\/www.gentedetrabajo.com.ar\/?p=213","title":{"rendered":"Luis De la Fuente carg\u00f3 contra la Selecci\u00f3n argentina por los incidentes en la final del Mundial 2026"},"content":{"rendered":"\n<p class=\"wp-block-paragraph\">El DT de la selecci\u00f3n de Espa\u00f1a, Luis De la Fuente, fue picante tras las sanciones que la FIFA le aplic\u00f3 a la Selecci\u00f3n argentina por los incidentes en la final del Mundial 2026<\/p>\n\n\n\n<figure class=\"wp-block-image is-resized\"><img decoding=\"async\" src=\"https:\/\/media.diariouno.com.ar\/p\/89738c79c27ad78d1f6a46778e0ac5ab\/adjuntos\/298\/imagenes\/009\/771\/0009771836\/1200x0\/smart\/de-la-fuente.jfif\" alt=\"De la Fuente dijo que los jugadores de la selecci&oacute;n de Espa&ntilde;a fueron v&iacute;ctimas tras los incidentes en la final del Mundial.\" style=\"width:1200px;height:auto\" title=\"De la Fuente dijo que los jugadores de la selecci&oacute;n de Espa&ntilde;a fueron v&iacute;ctimas tras los incidentes en la final del Mundial.\"\/><\/figure>\n\n\n\n<p class=\"wp-block-paragraph\">Luis De la Fuente carg\u00f3 contra la Selecci\u00f3n argentina por los incidentes en la final del Mundial.<\/p>\n\n\n\n<p class=\"wp-block-paragraph\">El entrenador de la selecci\u00f3n de Espa\u00f1a, Luis De la Fuente, fue contundente. El DT de la Roja critic\u00f3 duramente a la Selecci\u00f3n argentina tras las sanciones que la FIFA le aplic\u00f3 a la Albiceleste por los incidentes en la final del Mundial 2026.<\/p>\n\n\n\n<p class=\"wp-block-paragraph\">El DT de Espa\u00f1a habl\u00f3 sobre la decisi\u00f3n de la FIFA de darle diez fechas de suspensi\u00f3n a Leandro Paredes.<br>De la Fuente dijo que los jugadores de la selecci\u00f3n de Espa\u00f1a fueron v\u00edctimas tras los incidentes en la final del Mundial.<\/p>\n\n\n\n<figure class=\"wp-block-image is-resized\"><img decoding=\"async\" src=\"https:\/\/media.diariouno.com.ar\/p\/c8b9d802e09a1dcc75b84717486addbc\/adjuntos\/298\/imagenes\/009\/781\/0009781399\/1200x0\/smart\/luis-la-fuente.jpg\" alt=\"Luis De la Fuente carg\u00f3 contra la Selecci\u00f3n argentina por los incidentes en la final del Mundial.\" style=\"aspect-ratio:1.5113350125944585;width:1200px;height:auto\" title=\"Luis De la Fuente carg\u00f3 contra la Selecci\u00f3n argentina por los incidentes en la final del Mundial.\"\/><\/figure>\n\n\n\n<p class=\"wp-block-paragraph\">De la Fuente dijo que los jugadores de la selecci\u00f3n de Espa\u00f1a fueron v\u00edctimas tras los incidentes en la final del Mundial.<br>Las picantes declaraciones de Luis De la Fuente contra la Selecci\u00f3n argentina<\/p>\n\n\n\n<p class=\"wp-block-paragraph\">&#8220;\u00bfSobre las sanciones? Hay organismos y cada uno toma la decisi\u00f3n que cree que tiene que tomar&#8221;, le dijo Luis De La Fuente este lunes a Radio Nacional de Espa\u00f1a.<\/p>\n\n\n\n<p class=\"wp-block-paragraph\">&#8220;No podemos ofrecer esa imagen a m\u00e1s de dos mil millones de personas, con un desenlace tan lamentable. Pero, sobre todo, hay que dejar claro que nuestros jugadores fueron las v\u00edctimas. No tuvieron ninguna responsabilidad en los enfrentamientos y fueron quienes terminaron perjudicados por todas esas situaciones&#8221;.<\/p>\n\n\n\n<figure class=\"wp-block-image is-resized\"><img decoding=\"async\" src=\"https:\/\/media.diariouno.com.ar\/p\/d16e7c0ab4e5f7c8d54298381c516a53\/adjuntos\/298\/imagenes\/009\/802\/0009802218\/1200x0\/smart\/paredes-1.jpg\" alt=\"Paredes y Almada fueron sancionados tras los incidentes en la final del Mundial.\" style=\"width:1200px;height:auto\" title=\"Paredes y Almada fueron sancionados tras los incidentes en la final del Mundial.\"\/><\/figure>\n\n\n\n<p class=\"wp-block-paragraph\">Luego resumi\u00f3 en pocas palabras lo que ocurri\u00f3 tras la final jugada en en Nueva Jerse. &#8220;Es intolerable e inadmisible&#8221;, dijo.<\/p>\n\n\n\n<p class=\"wp-block-paragraph\">Dijo que el f\u00fatbol tiene un rol fundamental dentro de la sociedad. &#8220;Es un elemento que vertebra a la sociedad, que une y transmite paz y armon\u00eda. Sin embargo, muchas veces se destacan las partes m\u00e1s desagradables. Hay que hacerlas visibles para evitar que vuelvan a repetirse&#8221;, afirm\u00f3.<\/p>\n\n\n\n<p class=\"wp-block-paragraph\">Paredes y Almada fueron sancionados tras los incidentes en la final del Mundial.<\/p>\n\n\n\n<p class=\"wp-block-paragraph\">De la Fuente tambi\u00e9n dijo que Lionel Scaloni, el DT albiceleste y su exalumno en el curso de la UEFA Pro, le pidi\u00f3 &#8220;disculpas&#8221; por lo ocurrido.<br>Las sanciones tras la final del Mundial 2026<\/p>\n\n\n\n<pre class=\"wp-block-code\"><code>Paredes recibi\u00f3 diez fechas de suspensi\u00f3n.\nTambi\u00e9n fueron sancionados en Argentina el lateral derecho Nahuel Molina, inhabilitado por 7 partidos, y Thiago Almada, que recibi\u00f3 1, al igual que el espa\u00f1ol Gavi.\nRoberto Ayala, colaborador del cuerpo t\u00e9cnico de Lionel Scaloni en la Selecci\u00f3n argentina, recibi\u00f3 tres fechas de suspensi\u00f3n por haber golpeado a Dani Olmo.<\/code><\/pre>\n","protected":false},"excerpt":{"rendered":"<p>El DT de la selecci\u00f3n de Espa\u00f1a, Luis De la Fuente, fue picante tras las sanciones que la<\/p>\n","protected":false},"author":3,"featured_media":0,"comment_status":"open","ping_status":"open","sticky":false,"template":"","format":"standard","meta":{"footnotes":""},"categories":[5],"tags":[],"class_list":["post-213","post","type-post","status-publish","format-standard","hentry","category-deportes"],"_links":{"self":[{"href":"https:\/\/www.gentedetrabajo.com.ar\/index.php?rest_route=\/wp\/v2\/posts\/213","targetHints":{"allow":["GET"]}}],"collection":[{"href":"https:\/\/www.gentedetrabajo.com.ar\/index.php?rest_route=\/wp\/v2\/posts"}],"about":[{"href":"https:\/\/www.gentedetrabajo.com.ar\/index.php?rest_route=\/wp\/v2\/types\/post"}],"author":[{"embeddable":true,"href":"https:\/\/www.gentedetrabajo.com.ar\/index.php?rest_route=\/wp\/v2\/users\/3"}],"replies":[{"embeddable":true,"href":"https:\/\/www.gentedetrabajo.com.ar\/index.php?rest_route=%2Fwp%2Fv2%2Fcomments&post=213"}],"version-history":[{"count":1,"href":"https:\/\/www.gentedetrabajo.com.ar\/index.php?rest_route=\/wp\/v2\/posts\/213\/revisions"}],"predecessor-version":[{"id":214,"href":"https:\/\/www.gentedetrabajo.com.ar\/index.php?rest_route=\/wp\/v2\/posts\/213\/revisions\/214"}],"wp:attachment":[{"href":"https:\/\/www.gentedetrabajo.com.ar\/index.php?rest_route=%2Fwp%2Fv2%2Fmedia&parent=213"}],"wp:term":[{"taxonomy":"category","embeddable":true,"href":"https:\/\/www.gentedetrabajo.com.ar\/index.php?rest_route=%2Fwp%2Fv2%2Fcategories&post=213"},{"taxonomy":"post_tag","embeddable":true,"href":"https:\/\/www.gentedetrabajo.com.ar\/index.php?rest_route=%2Fwp%2Fv2%2Ftags&post=213"}],"curies":[{"name":"wp","href":"https:\/\/api.w.org\/{rel}","templated":true}]}}