{"id":215,"date":"2026-08-25T19:26:28","date_gmt":"2026-08-25T22:26:28","guid":{"rendered":"https:\/\/www.gentedetrabajo.com.ar\/?p=215"},"modified":"2026-08-25T19:26:29","modified_gmt":"2026-08-25T22:26:29","slug":"javier-frana-confirmo-el-equipo-argentino-para-la-serie-de-copa-davis-ante-turquia","status":"publish","type":"post","link":"https:\/\/www.gentedetrabajo.com.ar\/?p=215","title":{"rendered":"Javier Frana confirm\u00f3 el equipo argentino para la serie de Copa Davis ante Turqu\u00eda"},"content":{"rendered":"\n<p class=\"wp-block-paragraph\">La serie de Copa Davis se retomar\u00e1 para la Argentina los pr\u00f3ximos 19 y 20 de septiembre en Neuqu\u00e9n<br><\/p>\n\n\n\n<figure class=\"wp-block-image is-resized\"><img decoding=\"async\" src=\"https:\/\/media.diariouno.com.ar\/p\/9921bf5929a4b22787ceddeea808d22e\/adjuntos\/298\/imagenes\/009\/804\/0009804162\/1200x0\/smart\/tenis-davis.jpg\" alt=\"La Argentina tiene su equipo confirmado para enfrentar a Turqu\u00eda en Copa Davis.\u00a0\" style=\"aspect-ratio:1.7777777777777777;width:1200px;height:auto\" title=\"La Argentina tiene su equipo confirmado para enfrentar a Turqu\u00eda en Copa Davis.\u00a0\"\/><\/figure>\n\n\n\n<p class=\"wp-block-paragraph\">La Argentina tiene su equipo confirmado para enfrentar a Turqu\u00eda en Copa Davis.<\/p>\n\n\n\n<p class=\"wp-block-paragraph\">La Selecci\u00f3n argentina de tenis ya tiene confirmado el equipo para recibir a Turqu\u00eda por Copa Davis el 19 y 20 de septiembre. En Neuqu\u00e9n, en el Estadio Ruca Che, se disputar\u00e1 la serie correspondiente al Grupo Mundial I.<br>El equipo argentino para enfrentar a Turqu\u00eda en la Copa Davis<\/p>\n\n\n\n<p class=\"wp-block-paragraph\">Para la serie ante Turqu\u00eda, Javier Frana confirm\u00f3 el equipo que tendr\u00e1 protagonismo en suelo argentino por el Grupo Mundial I. Ser\u00e1 el regreso del certamen al territorio nacional despu\u00e9s de dos a\u00f1os y medio. La \u00faltima actuaci\u00f3n de Copa Davis en el pa\u00eds fue la serie ante Kazajist\u00e1n disputada en Rosario, en febrero de 2024.<\/p>\n\n\n\n<p class=\"wp-block-paragraph\">Adem\u00e1s, ser\u00e1 la primera vez que se dispute una serie de Copa Davis en suelo patag\u00f3nico, en este caso, Neuqu\u00e9n. Sum\u00e1ndose esa provincia a sedes como Buenos Aires, C\u00f3rdoba, Santa Fe y Mendoza. Se tratar\u00e1 de superficie r\u00e1pida y bajo techo que contar\u00e1 con capacidad para 3.000 espectadores.<\/p>\n\n\n\n<p class=\"wp-block-paragraph\">En este serie, la Selecci\u00f3n argentina de tenis buscar\u00e1, adem\u00e1s de la clasificaci\u00f3n, alcanzar la victoria n\u00famero 100 de su historia en la competencia (actualemente tiene un r\u00e9cord de 99-75).<\/p>\n\n\n\n<figure class=\"wp-block-image is-resized\"><img decoding=\"async\" src=\"https:\/\/media.diariouno.com.ar\/p\/d39ef3b4b43b83727e7ee28111a11863\/adjuntos\/298\/imagenes\/009\/804\/0009804165\/1200x0\/smart\/copa-davis-1.jfif\" alt=\"\" style=\"width:1200px;height:auto\" title=\"\"\/><\/figure>\n\n\n\n<p class=\"wp-block-paragraph\">Argentina buscar\u00e1 ingresar a las Qualifiers 2027 con el siguiente equipo: Francisco Cer\u00fandolo, Thiago Tirante, Mariano Navone, Guido Andreozzi y Andr\u00e9s Molteni. Las ausencias respecto a partidos anteriores ser\u00e1n Tom\u00e1s Etcheverry y Horacio Zeballos.<\/p>\n","protected":false},"excerpt":{"rendered":"<p>La serie de Copa Davis se retomar\u00e1 para la Argentina los pr\u00f3ximos 19 y 20 de septiembre en<\/p>\n","protected":false},"author":3,"featured_media":0,"comment_status":"open","ping_status":"open","sticky":false,"template":"","format":"standard","meta":{"footnotes":""},"categories":[5],"tags":[],"class_list":["post-215","post","type-post","status-publish","format-standard","hentry","category-deportes"],"_links":{"self":[{"href":"https:\/\/www.gentedetrabajo.com.ar\/index.php?rest_route=\/wp\/v2\/posts\/215","targetHints":{"allow":["GET"]}}],"collection":[{"href":"https:\/\/www.gentedetrabajo.com.ar\/index.php?rest_route=\/wp\/v2\/posts"}],"about":[{"href":"https:\/\/www.gentedetrabajo.com.ar\/index.php?rest_route=\/wp\/v2\/types\/post"}],"author":[{"embeddable":true,"href":"https:\/\/www.gentedetrabajo.com.ar\/index.php?rest_route=\/wp\/v2\/users\/3"}],"replies":[{"embeddable":true,"href":"https:\/\/www.gentedetrabajo.com.ar\/index.php?rest_route=%2Fwp%2Fv2%2Fcomments&post=215"}],"version-history":[{"count":1,"href":"https:\/\/www.gentedetrabajo.com.ar\/index.php?rest_route=\/wp\/v2\/posts\/215\/revisions"}],"predecessor-version":[{"id":216,"href":"https:\/\/www.gentedetrabajo.com.ar\/index.php?rest_route=\/wp\/v2\/posts\/215\/revisions\/216"}],"wp:attachment":[{"href":"https:\/\/www.gentedetrabajo.com.ar\/index.php?rest_route=%2Fwp%2Fv2%2Fmedia&parent=215"}],"wp:term":[{"taxonomy":"category","embeddable":true,"href":"https:\/\/www.gentedetrabajo.com.ar\/index.php?rest_route=%2Fwp%2Fv2%2Fcategories&post=215"},{"taxonomy":"post_tag","embeddable":true,"href":"https:\/\/www.gentedetrabajo.com.ar\/index.php?rest_route=%2Fwp%2Fv2%2Ftags&post=215"}],"curies":[{"name":"wp","href":"https:\/\/api.w.org\/{rel}","templated":true}]}}