{"id":217,"date":"2026-08-26T19:23:58","date_gmt":"2026-08-26T22:23:58","guid":{"rendered":"https:\/\/www.gentedetrabajo.com.ar\/?p=217"},"modified":"2026-08-26T19:24:00","modified_gmt":"2026-08-26T22:24:00","slug":"super-nino-esta-mendoza-preparada-para-tormentas-extremas","status":"publish","type":"post","link":"https:\/\/www.gentedetrabajo.com.ar\/?p=217","title":{"rendered":"S\u00faper Ni\u00f1o: \u00bfest\u00e1 Mendoza preparada para tormentas extremas?"},"content":{"rendered":"\n<p class=\"wp-block-paragraph\">La provincia refuerza obras aluvionales y limpieza de cauces ante la posibilidad de lluvias m\u00e1s severas por el fen\u00f3meno de El Ni\u00f1o. Pidieron m\u00e1s ciudadanos<\/p>\n\n\n\n<figure class=\"wp-block-image is-resized\"><img decoding=\"async\" src=\"https:\/\/media.diariouno.com.ar\/p\/e18353f22d4a452813f0a2a6c2c7092e\/adjuntos\/298\/imagenes\/009\/804\/0009804268\/1200x0\/smart\/placa-super-nino1.jpg\" alt=\"\" style=\"width:1200px;height:auto\" title=\"\"\/><\/figure>\n\n\n\n<p class=\"wp-block-paragraph\">Ante el pron\u00f3stico de un fen\u00f3meno intenso o S\u00faper Ni\u00f1o como se le dice coloquialmente, Mendoza se prepara para un escenario de lluvias intensas y eventos aluvionales que podr\u00edan superar los registros habituales desde fines de septiembre hasta abril de 2027.<\/p>\n\n\n\n<p class=\"wp-block-paragraph\">La Organizaci\u00f3n Meteorol\u00f3gica Mundial (OMM), instituci\u00f3n especializada de las Naciones Unidas, comenz\u00f3 en marzo con sus advertencias globales y en su informe de fines de julio emiti\u00f3 alertas espec\u00edficas sobre el fen\u00f3meno de El Ni\u00f1o intensificado y de gran magnitud.<\/p>\n\n\n\n<p class=\"wp-block-paragraph\">En Mendoza desde abril el Centro de Operaciones de Emergencia Provincial (COEP), que coordina Defensa Civil y re\u00fane a m\u00e1s de 70 entidades p\u00fablicas y privadas -entre ellos los municipios-, define respuestas frente a situaciones cr\u00edticas.<\/p>\n\n\n\n<figure class=\"wp-block-image is-resized\"><img decoding=\"async\" src=\"https:\/\/media.diariouno.com.ar\/p\/ad1d63645d29c66a478d81ad2a933b0e\/adjuntos\/298\/imagenes\/009\/804\/0009804274\/1200x0\/smart\/cauce-botellas1.jpg\" alt=\"La basura acumulada es verdaderamente impresionante.\" style=\"width:1200px;height:auto\" title=\"La basura acumulada es verdaderamente impresionante.\"\/><\/figure>\n\n\n\n<p class=\"wp-block-paragraph\">Desde el Gobierno aseguran que el sistema hidr\u00e1ulico ha respondido ante tormentas extremas y que se reforzaron obras, colectores y diques, pero reconocen que los eventos excepcionales exigen adaptar y hacer m\u00e1s resiliente la infraestructura. En paralelo, Defensa Civil trabaja sobre mapas de riesgo, sistemas de alerta y coordinaci\u00f3n con los municipios. La otra clave est\u00e1 en los hogares: mantener techos, canaletas, desag\u00fces y acequias limpios y evitar arrojar residuos a los cauces puede reducir el impacto de una tormenta severa.<\/p>\n\n\n\n<p class=\"wp-block-paragraph\">\u201cSabemos que el efecto de El Ni\u00f1o va a golpear al pa\u00eds de forma muy especial en la zona este. FDesde Misiones a Buenos Aires pueden llegar a estar muy afectadas por tormentas. Pero Mendoza, la Regi\u00f3n de Cuyo, no est\u00e1 exenta y puede haber un porcentaje muy importante de lluvias m\u00e1s fuertes de lo habitual\u201d, se\u00f1al\u00f3 a Diario UNO el director de Defensa Civil, Daniel Burrieza.<\/p>\n\n\n\n<p class=\"wp-block-paragraph\">El lunes el gobernador se reuni\u00f3 con los intendentes para coordinar acciones preventivas ya que probablemente las tormentas provoquen crecidas de cauces y afectaciones<\/p>\n\n\n\n<p class=\"wp-block-paragraph\">\u201cMantener las acequias, destapar alcantarillas y desag\u00fces. Es una obligaci\u00f3n de los municipios por ley\u201d, afirm\u00f3 el ingeniero Pablo Rodr\u00edguez, director de Hidr\u00e1ulica.<\/p>\n\n\n\n<figure class=\"wp-block-image is-resized\"><img decoding=\"async\" src=\"https:\/\/media.diariouno.com.ar\/p\/9fe30e9205236b28f457257322647131\/adjuntos\/298\/imagenes\/009\/804\/0009804269\/1200x0\/smart\/placa-super-nino.jpg\" alt=\"\" style=\"width:1200px;height:auto\" title=\"\"\/><\/figure>\n\n\n\n<p class=\"wp-block-paragraph\">Frente a los efectos de un fen\u00f3meno de gran envergadura, Mendoza trabaja sobre cinco ejes como la alerta temprana a trav\u00e9s de la plataforma \u201cMendoza por M\u00cd\u201d, las defensas, el mapa de riesgo, el monitoreo constante sobre la zona cordillerana y las respuestas.<br>Defensa aluvional y zonas vulnerables<\/p>\n\n\n\n<p class=\"wp-block-paragraph\">Este El Ni\u00f1o intenso ya se muestra con profusas nevadas en alta monta\u00f1a, pero promete fuertes tormentas de agua y granizo y jornadas de fuertes viento Zonda. Por eso lo que primero est\u00e1 bajo la lupa es la capacidad de respuesta de la infraestructura aluvional de Mendoza ante mayor caudal de agua por precipitaciones intensas: <a href=\"https:\/\/www.diariouno.com.ar\/sociedad\/esta-mendoza-preparada-una-gran-tormenta-verano-n1489724\">https:\/\/www.diariouno.com.ar\/sociedad\/esta-mendoza-preparada-una-gran-tormenta-verano-n1489724<\/a><\/p>\n\n\n\n<p class=\"wp-block-paragraph\">\u201cTenemos antecedentes recientes de tormentas extremas donde el sistema dio respuestas aunque se vio tensionado\u201d, admiti\u00f3 el director de Hidr\u00e1ulica<\/p>\n\n\n\n<p class=\"wp-block-paragraph\">Rodr\u00edguez explic\u00f3 que durante el a\u00f1o han reforzado no solo la infraestructura hidr\u00e1ulica civil, sino los colectores aluvionales del \u00e1rea metropolitana, del Valle de Uco y de San Rafael.<\/p>\n\n\n\n<p class=\"wp-block-paragraph\">\u201cTenemos m\u00e1s de 250 kil\u00f3metros de obra lineal en diques aluvionales que se han reforzado. Se han ejecutado obras nuevas como la extensi\u00f3n del colector Blanco Encalada.Hemos reparado la infraestructura, que se vio afectada el verano pasado, del colector Los Cerrillos de Godoy Cruz, donde 150 metros de muro hab\u00edan colapsado, tambi\u00e9n el Cacique Guaymall\u00e9n que se vio afectado\u201d, se\u00f1al\u00f3 el especialista<\/p>\n\n\n\n<p class=\"wp-block-paragraph\">Hay diques que tienen 80 a\u00f1os. \u00bfEst\u00e1n en condiciones de soportar mayor caudal ante una o varias tormentas severas?, le consultamos<\/p>\n\n\n\n<p class=\"wp-block-paragraph\">\u201cHay infraestructura para soportar esas tormentas, no solo con la gesti\u00f3n del riesgo, sino con medidas estructurales. Ahora estamos trabajando con la UTN (Universidad Tecnol\u00f3gica Nacional) para revisar la capacidad estructural de los diques aluvionales Maure y Papagayos que tienen casi 80 a\u00f1os\u201d<\/p>\n\n\n\n<p class=\"wp-block-paragraph\">La ministra de miner\u00eda y ambiente, Jimena Latorre, detall\u00f3 que en estos ocho meses del a\u00f1o han realizado el desembanque de los cauces, la recuperaci\u00f3n de m\u00e1rgenes y reparaci\u00f3n de las defensas.<\/p>\n\n\n\n<p class=\"wp-block-paragraph\">\u00bfCu\u00e1les son las zonas m\u00e1s vulnerables ante un tormenta severa?, le consultamos al titular de Defensa Civil<\/p>\n\n\n\n<p class=\"wp-block-paragraph\">\u201cSe pueden transformar en vulnerables todas las localidades que se encuentran en el valle, en el piedemonte. Tenemos un mapa de riesgo en cu\u00e1nto a cu\u00e1les son las zonas cr\u00edticas. Pero aquellos barrios que est\u00e9n bajo nivel pueden sufrir inundaciones. Todos los barrios del piedemonte de Las Heras y Godoy Cruz\u201d.<br>La basura acumulada es verdaderamente impresionante.<\/p>\n\n\n\n<p class=\"wp-block-paragraph\">\u201cLo normal ser\u00eda sacar solo el embanque para que el agua circule, y no sacar residuos ni escombros que tiran algunas empresas en los cauces. Se sacan electrodom\u00e9sticos y hasta sillones\u201d, se quej\u00f3 la ministra de Ambiente<\/p>\n\n\n\n<p class=\"wp-block-paragraph\">El director de Hidr\u00e1ulica indic\u00f3 que en lo que van del a\u00f1o ya sacaron 1.500 toneladas de residuos de los cauces y por a\u00f1o rondan las 3.000 toneladas de basura.<\/p>\n\n\n\n<p class=\"wp-block-paragraph\">\u201cEn el canal Jarillal, que es de riego, Irrigaci\u00f3n sac\u00f3 toneladas de botellas de pl\u00e1stico. Necesitamos que la gente tome conciencia\u201d, alert\u00f3 Rodr\u00edguez<br>Acopiar sacos de arena en las casas<\/p>\n\n\n\n<p class=\"wp-block-paragraph\">Los organismos coinciden en que si bien se deben hacer tareas preventivas en los cauces o reforzar la infraestructura, los ciudadanos deben no arrojar residuos, hojas a las acequias, pero tambi\u00e9n empezar a verificar si sus viviendas est\u00e1n en condiciones.<\/p>\n\n\n\n<p class=\"wp-block-paragraph\">\u201cLos techos deben estar lo suficientemente impermeables, limpios, como las canaletas, los desag\u00fces de las bajadas de agua, las rejillas de patios y jardines que est\u00e9n destapadas. Porque despu\u00e9s llueve tanto que el agua se termina metiendo en las casas\u201d, advirti\u00f3 Burrieza<\/p>\n\n\n\n<p class=\"wp-block-paragraph\">Por estas razones comenzar\u00e1 en breve una campa\u00f1a de concientizaci\u00f3n para que los ciudadanos preparen sus viviendas.<\/p>\n\n\n\n<p class=\"wp-block-paragraph\">\u201cNunca est\u00e1 de m\u00e1s preparar bolsas de arena para que no ingrese agua en las viviendas para poner alg\u00fan tipo de protecci\u00f3n\u201d, alert\u00f3 Burrieza<\/p>\n\n\n\n<p class=\"wp-block-paragraph\">Explic\u00f3 que si bien el pedemonte es una pantalla natural ante el escurrimiento de tanta agua, el caudal se desliza hacia las zonas m\u00e1s pobladas y algunas calles se pueden ver superadas lo que genera alguna posibilidad de que ingrese a las viviendas, por lo que hay que extremar las precauciones.<br>Plan nacional con hospitales de campa\u00f1a incluidos<\/p>\n\n\n\n<p class=\"wp-block-paragraph\">El gobierno nacional puso en marcha un plan de prevenci\u00f3n y respuesta sanitaria ante el posible impacto del fen\u00f3meno S\u00faper El Ni\u00f1o, con especial atenci\u00f3n en las zonas que podr\u00edan registrar mayores consecuencias desde la primavera.<\/p>\n\n\n\n<p class=\"wp-block-paragraph\">Este operativo tiene una central de monitoreo geoespacial en tiempo real que recibe informaci\u00f3n del Servicio Meteorol\u00f3gico Nacional, la CONAE y el Conicet, para identificar zonas y rutas que podr\u00edan llegar a sufrir inundaciones e impactos en las l\u00edneas de alta tensi\u00f3n.<\/p>\n\n\n\n<p class=\"wp-block-paragraph\">El operativo nacional contempla el despliegue de patrullas sanitarias m\u00f3viles y hospitales de campa\u00f1a con terapia intensiva. El plan apunta principalmente al Litoral, Noreste, Buenos Aires, Cuyo y centro con C\u00f3rdoba, donde se estima que m\u00e1s de 5,5 millones de hect\u00e1reas podr\u00edan sufrir inundaciones y cerca de un mill\u00f3n de personas quedar expuestas.<\/p>\n\n\n\n<p class=\"wp-block-paragraph\">\u201cEstamos trabajando desde abril con la Agencia Federal de Emergencia (AFE). En septiembre llegar\u00e1n a Mendoza para analizar la capacidad de respuesta de la provincia. Porque Naci\u00f3n colabora cuando hay inundaciones o fuego\u201d, explic\u00f3 el director de Defensa Civil<\/p>\n\n\n\n<p class=\"wp-block-paragraph\">El funcionario indic\u00f3 que semanalmente reciben del Sistema Nacional de Emergencias un informe sobre la evoluci\u00f3n de El Ni\u00f1o y c\u00f3mo se enfrenta en los distintos oasis del pa\u00eds la situaci\u00f3n.<\/p>\n\n\n\n<p class=\"wp-block-paragraph\">Incluso explic\u00f3 que con el ej\u00e9rcito, junto con todas las fuerzas de la provincia han realizado ejercicios ante un eventual terremoto u otro tipo de cat\u00e1strofes y han montado hospitales de campa\u00f1a.<\/p>\n","protected":false},"excerpt":{"rendered":"<p>La provincia refuerza obras aluvionales y limpieza de cauces ante la posibilidad de lluvias m\u00e1s severas por el<\/p>\n","protected":false},"author":3,"featured_media":0,"comment_status":"open","ping_status":"open","sticky":false,"template":"","format":"standard","meta":{"footnotes":""},"categories":[1],"tags":[],"class_list":["post-217","post","type-post","status-publish","format-standard","hentry","category-sin-categoria"],"_links":{"self":[{"href":"https:\/\/www.gentedetrabajo.com.ar\/index.php?rest_route=\/wp\/v2\/posts\/217","targetHints":{"allow":["GET"]}}],"collection":[{"href":"https:\/\/www.gentedetrabajo.com.ar\/index.php?rest_route=\/wp\/v2\/posts"}],"about":[{"href":"https:\/\/www.gentedetrabajo.com.ar\/index.php?rest_route=\/wp\/v2\/types\/post"}],"author":[{"embeddable":true,"href":"https:\/\/www.gentedetrabajo.com.ar\/index.php?rest_route=\/wp\/v2\/users\/3"}],"replies":[{"embeddable":true,"href":"https:\/\/www.gentedetrabajo.com.ar\/index.php?rest_route=%2Fwp%2Fv2%2Fcomments&post=217"}],"version-history":[{"count":1,"href":"https:\/\/www.gentedetrabajo.com.ar\/index.php?rest_route=\/wp\/v2\/posts\/217\/revisions"}],"predecessor-version":[{"id":218,"href":"https:\/\/www.gentedetrabajo.com.ar\/index.php?rest_route=\/wp\/v2\/posts\/217\/revisions\/218"}],"wp:attachment":[{"href":"https:\/\/www.gentedetrabajo.com.ar\/index.php?rest_route=%2Fwp%2Fv2%2Fmedia&parent=217"}],"wp:term":[{"taxonomy":"category","embeddable":true,"href":"https:\/\/www.gentedetrabajo.com.ar\/index.php?rest_route=%2Fwp%2Fv2%2Fcategories&post=217"},{"taxonomy":"post_tag","embeddable":true,"href":"https:\/\/www.gentedetrabajo.com.ar\/index.php?rest_route=%2Fwp%2Fv2%2Ftags&post=217"}],"curies":[{"name":"wp","href":"https:\/\/api.w.org\/{rel}","templated":true}]}}