{"id":221,"date":"2026-08-26T19:34:32","date_gmt":"2026-08-26T22:34:32","guid":{"rendered":"https:\/\/www.gentedetrabajo.com.ar\/?p=221"},"modified":"2026-08-26T19:34:34","modified_gmt":"2026-08-26T22:34:34","slug":"javier-milei-alineo-a-la-tropa-libertaria-en-casa-rosada-y-reafirmo-el-rumbo-economico","status":"publish","type":"post","link":"https:\/\/www.gentedetrabajo.com.ar\/?p=221","title":{"rendered":"Javier Milei aline\u00f3 a la tropa libertaria en Casa Rosada y reafirm\u00f3 el rumbo econ\u00f3mico"},"content":{"rendered":"\n<p class=\"wp-block-paragraph\">El presidente reuni\u00f3 a diputados y senadores de La Libertad Avanza ante dos jornadas legislativas decisivas. Les regal\u00f3 un libro de econom\u00eda y defendi\u00f3 la reactivaci\u00f3n ante la embestida opositora<a href=\"https:\/\/www.diariouno.com.ar\/perfil\/1557-redaccion-uno\"><\/a><\/p>\n\n\n\n<figure class=\"wp-block-image is-resized\"><img decoding=\"async\" src=\"https:\/\/media.diariouno.com.ar\/p\/d03f28a65e367ab39079087dc4f46642\/adjuntos\/298\/imagenes\/009\/804\/0009804405\/1200x0\/smart\/javier-milei.png\" alt=\"Javier Milei areng\u00f3 a los legisladores de su espacio, La Libertad Avanza.\" style=\"aspect-ratio:1.8337595907928388;width:717px;height:auto\" title=\"Javier Milei areng\u00f3 a los legisladores de su espacio, La Libertad Avanza.\"\/><\/figure>\n\n\n\n<p class=\"wp-block-paragraph\">El presidente <strong><a href=\"https:\/\/www.diariouno.com.ar\/tags\/javier-milei\" target=\"_blank\" rel=\"noopener\">Javier Milei<\/a><\/strong> encabez\u00f3 este martes en la Casa Rosada una reuni\u00f3n de casi dos horas con los bloques de diputados y senadores de <a href=\"https:\/\/www.diariouno.com.ar\/la-libertad-avanza-a197728\" target=\"_blank\" rel=\"noopener\">La Libertad Avanza (LLA)<\/a>, con el objetivo de abroquelar a la tropa oficialista en la antesala de las sesiones clave programadas para este mi\u00e9rcoles y jueves en el Congreso nacional.<\/p>\n\n\n\n<p class=\"wp-block-paragraph\">Del c\u00f3nclave, desarrollado en el Sal\u00f3n H\u00e9roes de Malvinas, participaron la secretaria general de la Presidencia, <strong>Karina Milei<\/strong>; el titular de la C\u00e1mara de Diputados, <strong>Mart\u00edn Menem<\/strong>; el jefe de bancada <strong>Gabriel Bornoroni<\/strong>; la senadora <strong>Patricia Bullrich<\/strong> y los ministros <strong>Federico Sturzenegger<\/strong> (Desregulaci\u00f3n y Transformaci\u00f3n del Estado) y <strong>Juan Bautista Mahiques<\/strong> (Justicia).<\/p>\n\n\n\n<p class=\"wp-block-paragraph\">Seg\u00fan trascendi\u00f3, el mandatario enfoc\u00f3 su discurso de manera exclusiva en defender la pol\u00edtica econ\u00f3mica de su gesti\u00f3n, repasar datos de variables financieras y &#8220;reafirmar el rumbo&#8221;. Como gesto simb\u00f3lico hacia los legisladores, Milei le regal\u00f3 a cada uno un ejemplar del libro <em>\u201cLa Econom\u00eda en una lecci\u00f3n\u201d,<\/em> de Henry Hazlitt<\/p>\n\n\n\n<figure class=\"wp-block-image is-resized\"><img decoding=\"async\" src=\"https:\/\/media.diariouno.com.ar\/p\/4c6aa2c5117c49ddf92bc64b24ad3b10\/adjuntos\/298\/imagenes\/009\/804\/0009804404\/1200x0\/smart\/la-economia-una-leccion.png\" alt=\"Cada legislador que asisti&oacute; a la reuni&oacute;n con Javier Milei recibi&oacute; un ejemplar de este libro.\" style=\"width:1200px;height:auto\" title=\"Cada legislador que asisti&oacute; a la reuni&oacute;n con Javier Milei recibi&oacute; un ejemplar de este libro.\"\/><\/figure>\n\n\n\n<p class=\"wp-block-paragraph\">Cada legislador que asisti\u00f3 a la reuni\u00f3n con Javier Milei recibi\u00f3 un ejemplar de este libro.<\/p>\n\n\n\n<p class=\"wp-block-paragraph\">Al t\u00e9rmino de la cumbre, la diputada Patricia V\u00e1zquez respald\u00f3 la exposici\u00f3n presidencial: &#8220;El presidente quiso explicar en t\u00e9rminos econ\u00f3micos por qu\u00e9 vamos hacia una Argentina cada vez m\u00e1s grande, bas\u00e1ndose en datos concretos. La econom\u00eda est\u00e1 creciendo, esos son datos emp\u00edricos y no una opini\u00f3n&#8221;, afirm\u00f3, al tiempo que apunt\u00f3 contra la oposici\u00f3n al se\u00f1alar que &#8220;hay mucho de un relato populista que est\u00e1 con el pochoclo desde el primer d\u00eda, queriendo voltear al gobierno&#8221;.<\/p>\n\n\n\n<h2 class=\"wp-block-heading\"><strong>El temario en debate<\/strong><\/h2>\n\n\n\n<p class=\"wp-block-paragraph\">El encuentro cobra relevancia estrat\u00e9gica ante la apretada agenda que enfrentar\u00e1 el oficialismo en ambas c\u00e1maras:<\/p>\n\n\n\n<ul id=\"p-1787701605148-38475\" class=\"wp-block-list\">\n<li><strong>En Diputados:<\/strong> LLA buscar\u00e1 obtener la media sanci\u00f3n de la reforma de la Carta Org\u00e1nica del Banco Central y el proyecto de Inocencia Fiscal. El temario consensuado con bloques dialoguistas incluye adem\u00e1s el acuerdo de libre comercio Mercosur-Singapur, la adhesi\u00f3n al Tratado de Cooperaci\u00f3n en materia de Patentes, la baja del IVA para la harina de mandioca y la denominada &#8220;Ley Joaqu\u00edn&#8221;.<\/li>\n\n\n\n<li><strong>En el Senado:<\/strong> La C\u00e1mara Alta prev\u00e9 debatir un paquete de tratados internacionales y dar tratamiento a 67 pliegos para designaciones en la Justicia Federal<\/li>\n<\/ul>\n","protected":false},"excerpt":{"rendered":"<p>El presidente reuni\u00f3 a diputados y senadores de La Libertad Avanza ante dos jornadas legislativas decisivas. Les regal\u00f3<\/p>\n","protected":false},"author":3,"featured_media":0,"comment_status":"open","ping_status":"open","sticky":false,"template":"","format":"standard","meta":{"footnotes":""},"categories":[6],"tags":[],"class_list":["post-221","post","type-post","status-publish","format-standard","hentry","category-politica"],"_links":{"self":[{"href":"https:\/\/www.gentedetrabajo.com.ar\/index.php?rest_route=\/wp\/v2\/posts\/221","targetHints":{"allow":["GET"]}}],"collection":[{"href":"https:\/\/www.gentedetrabajo.com.ar\/index.php?rest_route=\/wp\/v2\/posts"}],"about":[{"href":"https:\/\/www.gentedetrabajo.com.ar\/index.php?rest_route=\/wp\/v2\/types\/post"}],"author":[{"embeddable":true,"href":"https:\/\/www.gentedetrabajo.com.ar\/index.php?rest_route=\/wp\/v2\/users\/3"}],"replies":[{"embeddable":true,"href":"https:\/\/www.gentedetrabajo.com.ar\/index.php?rest_route=%2Fwp%2Fv2%2Fcomments&post=221"}],"version-history":[{"count":1,"href":"https:\/\/www.gentedetrabajo.com.ar\/index.php?rest_route=\/wp\/v2\/posts\/221\/revisions"}],"predecessor-version":[{"id":222,"href":"https:\/\/www.gentedetrabajo.com.ar\/index.php?rest_route=\/wp\/v2\/posts\/221\/revisions\/222"}],"wp:attachment":[{"href":"https:\/\/www.gentedetrabajo.com.ar\/index.php?rest_route=%2Fwp%2Fv2%2Fmedia&parent=221"}],"wp:term":[{"taxonomy":"category","embeddable":true,"href":"https:\/\/www.gentedetrabajo.com.ar\/index.php?rest_route=%2Fwp%2Fv2%2Fcategories&post=221"},{"taxonomy":"post_tag","embeddable":true,"href":"https:\/\/www.gentedetrabajo.com.ar\/index.php?rest_route=%2Fwp%2Fv2%2Ftags&post=221"}],"curies":[{"name":"wp","href":"https:\/\/api.w.org\/{rel}","templated":true}]}}