{"id":226,"date":"2026-08-27T19:06:49","date_gmt":"2026-08-27T22:06:49","guid":{"rendered":"https:\/\/www.gentedetrabajo.com.ar\/?p=226"},"modified":"2026-08-27T19:06:50","modified_gmt":"2026-08-27T22:06:50","slug":"diputados-aprobo-la-ley-de-inocencia-fiscal-ii-y-amplio-el-regimen-simplificado","status":"publish","type":"post","link":"https:\/\/www.gentedetrabajo.com.ar\/?p=226","title":{"rendered":"Diputados aprob\u00f3 la Ley de Inocencia Fiscal II y ampli\u00f3 el r\u00e9gimen simplificado"},"content":{"rendered":"\n<p class=\"wp-block-paragraph\">La C\u00e1mara de Diputados dio luz verde al proyecto impulsado por el gobierno que modifica el r\u00e9gimen tributario y cambia las condiciones de fiscalizaci\u00f3n de ARCA<\/p>\n\n\n\n<figure class=\"wp-block-image is-resized\"><img decoding=\"async\" src=\"https:\/\/media.diariouno.com.ar\/p\/113e3220f1f0eef57ed677d77b63416a\/adjuntos\/298\/imagenes\/009\/787\/0009787173\/1200x0\/smart\/diputados.webp\" alt=\"La C&aacute;mara de Diputados aprob&oacute; la Ley de Inocencia Fiscal II impulsada por el gobierno nacional. Ahora ser&aacute; votada en el Senado.\" style=\"width:1200px;height:auto\" title=\"La C&aacute;mara de Diputados aprob&oacute; la Ley de Inocencia Fiscal II impulsada por el gobierno nacional. Ahora ser&aacute; votada en el Senado.\"\/><\/figure>\n\n\n\n<p class=\"wp-block-paragraph\">Luego de pasar por diputados Diputados, el proyecto de Inocendia Fiscal II pasa al Senado para su aprobaci\u00f3n definitiva.<\/p>\n\n\n\n<p class=\"wp-block-paragraph\">La C\u00e1mara de Diputados aprob\u00f3 el mi\u00e9rcoles por la noche la denominada Ley de Inocencia Fiscal II, una iniciativa impulsada por el gobierno nacional que introduce modificaciones en el r\u00e9gimen tributario y busca cambiar la relaci\u00f3n entre los contribuyentes y el Estado ante posibles incumplimientos fiscales. Ahora pasa al Senado para su tratamiento.<\/p>\n\n\n\n<p class=\"wp-block-paragraph\">El proyecto modifica la ley 27.799 y ampl\u00eda el alcance del R\u00e9gimen Simplificado del Impuesto a las Ganancias. Con el nuevo esquema, podr\u00e1n adherirse todas las personas humanas y sucesiones indivisas residentes en el pa\u00eds, sin los l\u00edmites de ingresos y patrimonio que reg\u00edan hasta ahora.<\/p>\n\n\n\n<p class=\"wp-block-paragraph\">Adem\u00e1s, la iniciativa extiende hasta el 31 de diciembre de 2027 el plazo para ingresar a los beneficios contemplados por este r\u00e9gimen.<\/p>\n\n\n\n<p class=\"wp-block-paragraph\">La C\u00e1mara de Diputados aprob\u00f3 la Ley de Inocencia Fiscal II impulsada por el gobierno nacional. Ahora ser\u00e1 votada en el Senado.<\/p>\n\n\n\n<figure class=\"wp-block-image is-resized\"><img decoding=\"async\" src=\"https:\/\/media.diariouno.com.ar\/p\/13b589e697017bd97a7509f527e92ccc\/adjuntos\/298\/imagenes\/009\/800\/0009800516\/1200x0\/smart\/camara-diputados-la-nacion.jpg\" alt=\"Luego de pasar por diputados Diputados, el proyecto de Inocendia Fiscal II pasa al Senado para su aprobaci\u00f3n definitiva.\" style=\"aspect-ratio:1.7774647887323944;width:631px;height:auto\" title=\"Luego de pasar por diputados Diputados, el proyecto de Inocendia Fiscal II pasa al Senado para su aprobaci\u00f3n definitiva.\"\/><\/figure>\n\n\n\n<p class=\"wp-block-paragraph\">Uno de los puntos centrales de la nueva normativa es la modificaci\u00f3n del concepto de \u201cdiscrepancia significativa\u201d, utilizado como par\u00e1metro para que ARCA pueda impugnar una declaraci\u00f3n simplificada presentada por un contribuyente.<br>Qu\u00e9 cambia con la Ley de Inocencia Fiscal<\/p>\n\n\n\n<p class=\"wp-block-paragraph\">A partir de la reforma, se considerar\u00e1 que existe una discrepancia significativa cuando la diferencia detectada implique un aumento del impuesto determinado o una reducci\u00f3n de quebrantos de al menos el 15% respecto de lo declarado originalmente por el contribuyente.<\/p>\n\n\n\n<p class=\"wp-block-paragraph\">La norma aprobada por Diputados mantiene, de todos modos, las facultades de fiscalizaci\u00f3n de ARCA sobre aquellos contribuyentes considerados de mayor capacidad econ\u00f3mica o relevancia recaudatoria.<\/p>\n\n\n\n<p class=\"wp-block-paragraph\">Otro de los requisitos establecidos para quienes adhieran al r\u00e9gimen ser\u00e1 canalizar sus operaciones mediante el sistema financiero formal, utilizando medios de pago autorizados por el Banco Central (BCRA) o la Comisi\u00f3n Nacional de Valores (CNV).<\/p>\n\n\n\n<p class=\"wp-block-paragraph\">Durante el tratamiento legislativo tambi\u00e9n se incorpor\u00f3 una modificaci\u00f3n vinculada con las peque\u00f1as y medianas empresas. El texto aprobado contempla una reducci\u00f3n del 25% en las multas por infracciones formales para las pymes.<\/p>\n\n\n\n<p class=\"wp-block-paragraph\">La aprobaci\u00f3n de la denominada Ley de Inocencia Fiscal era uno de los objetivos legislativos que el gobierno buscaba concretar durante la sesi\u00f3n de Diputados, junto con la reforma de la Carta Org\u00e1nica del Banco Central.<\/p>\n\n\n\n<p class=\"wp-block-paragraph\">El presidente Javier Milei celebr\u00f3 su aprobaci\u00f3n por medio de un posteo por sus redes.<\/p>\n\n\n\n<figure class=\"wp-block-image is-resized\"><img decoding=\"async\" src=\"https:\/\/media.diariouno.com.ar\/p\/be6ea012e28e776e863ad951dd8505b3\/adjuntos\/298\/imagenes\/009\/805\/0009805184\/1200x0\/smart\/posteo-javier-milei-inocencia-fiscal.jpg\" alt=\"\" style=\"width:1200px;height:auto\" title=\"\"\/><\/figure>\n\n\n\n<p class=\"wp-block-paragraph\">Con la media sanci\u00f3n obtenida en la C\u00e1mara de Diputados, el proyecto deber\u00e1 continuar ahora su recorrido parlamentario en el Senado, donde se definir\u00e1 su aprobaci\u00f3n definitiva.<\/p>\n","protected":false},"excerpt":{"rendered":"<p>La C\u00e1mara de Diputados dio luz verde al proyecto impulsado por el gobierno que modifica el r\u00e9gimen tributario<\/p>\n","protected":false},"author":3,"featured_media":0,"comment_status":"open","ping_status":"open","sticky":false,"template":"","format":"standard","meta":{"footnotes":""},"categories":[6],"tags":[],"class_list":["post-226","post","type-post","status-publish","format-standard","hentry","category-politica"],"_links":{"self":[{"href":"https:\/\/www.gentedetrabajo.com.ar\/index.php?rest_route=\/wp\/v2\/posts\/226","targetHints":{"allow":["GET"]}}],"collection":[{"href":"https:\/\/www.gentedetrabajo.com.ar\/index.php?rest_route=\/wp\/v2\/posts"}],"about":[{"href":"https:\/\/www.gentedetrabajo.com.ar\/index.php?rest_route=\/wp\/v2\/types\/post"}],"author":[{"embeddable":true,"href":"https:\/\/www.gentedetrabajo.com.ar\/index.php?rest_route=\/wp\/v2\/users\/3"}],"replies":[{"embeddable":true,"href":"https:\/\/www.gentedetrabajo.com.ar\/index.php?rest_route=%2Fwp%2Fv2%2Fcomments&post=226"}],"version-history":[{"count":1,"href":"https:\/\/www.gentedetrabajo.com.ar\/index.php?rest_route=\/wp\/v2\/posts\/226\/revisions"}],"predecessor-version":[{"id":227,"href":"https:\/\/www.gentedetrabajo.com.ar\/index.php?rest_route=\/wp\/v2\/posts\/226\/revisions\/227"}],"wp:attachment":[{"href":"https:\/\/www.gentedetrabajo.com.ar\/index.php?rest_route=%2Fwp%2Fv2%2Fmedia&parent=226"}],"wp:term":[{"taxonomy":"category","embeddable":true,"href":"https:\/\/www.gentedetrabajo.com.ar\/index.php?rest_route=%2Fwp%2Fv2%2Fcategories&post=226"},{"taxonomy":"post_tag","embeddable":true,"href":"https:\/\/www.gentedetrabajo.com.ar\/index.php?rest_route=%2Fwp%2Fv2%2Ftags&post=226"}],"curies":[{"name":"wp","href":"https:\/\/api.w.org\/{rel}","templated":true}]}}