{"id":228,"date":"2026-08-27T19:27:26","date_gmt":"2026-08-27T22:27:26","guid":{"rendered":"https:\/\/www.gentedetrabajo.com.ar\/?p=228"},"modified":"2026-08-27T19:27:28","modified_gmt":"2026-08-27T22:27:28","slug":"roger-federer-vuelve-al-us-open-a-que-hora-juega-la-leyenda-del-tenis","status":"publish","type":"post","link":"https:\/\/www.gentedetrabajo.com.ar\/?p=228","title":{"rendered":"Roger Federer vuelve al US Open: a qu\u00e9 hora juega la leyenda del tenis"},"content":{"rendered":"\n<p class=\"wp-block-paragraph\">Roger Federer volver\u00e1 a jugar en el Us Open y respondi\u00f3 a la pregunta sobre si regresar\u00eda al circuito profesional<\/p>\n\n\n\n<figure class=\"wp-block-image is-resized\"><img decoding=\"async\" src=\"https:\/\/media.diariouno.com.ar\/p\/8a7996c77decdbb2fadec7952c1dcaca\/adjuntos\/298\/imagenes\/009\/804\/0009804015\/1200x0\/smart\/federer-us-open.jpg\" alt=\"Roger Federer regresa al Us Open.\u00a0\" style=\"aspect-ratio:1.7777777777777777;width:1200px;height:auto\" title=\"Roger Federer regresa al Us Open.\u00a0\"\/><\/figure>\n\n\n\n<p class=\"wp-block-paragraph\">Roger Federer emocion\u00f3 a todos con su regreso a Nueva York para disputar unos partidos en el US Open. El suizo participar\u00e1 de unas exhibiciones durante la previa del \u00faltimo Grand Slam del a\u00f1o.<\/p>\n\n\n\n<p class=\"wp-block-paragraph\">Federer, quien se retir\u00f3 a mediados de 2022 a los 41 a\u00f1os, disputar\u00e1 este martes a las 21 (hora de Argentina) un partido de exhibici\u00f3n ante el estadounidense Andy Roddick, ex n\u00famero 1 del mundo, en singles. Luego, permanecer\u00e1 en cancha para jugar en dobles junto a John McEnroe frente al propio Roddick en dupla con Andre Agassi.<\/p>\n\n\n\n<p class=\"wp-block-paragraph\">Roger Federer se refiri\u00f3 a su regreso a las pistas en el Us Open y confes\u00f3 cierto nerviosismo ante el hecho de volver a jugar. &#8220;Para ser honesto,me pone muy nervioso. No he jugado ni un solo partido en&#8230;no s\u00e9, quiz\u00e1s cinco a\u00f1os. No s\u00e9 c\u00f3mo me ir\u00e1. Hay mucha incertidumbre pero tambi\u00e9n mucha alegr\u00eda poder regresar&#8221;.<\/p>\n\n\n\n<p class=\"wp-block-paragraph\">El suizo regres\u00f3 este lunes al Arthur Ashe Stadium por primera vez desde 2019 y entren\u00f3 junto a Lorenzo Musetti, en la previa de la exhibici\u00f3n que jugar\u00e1 este martes junto a otras leyendas del tenis.<\/p>\n\n\n\n<figure class=\"wp-block-image is-resized\"><img decoding=\"async\" src=\"https:\/\/media.diariouno.com.ar\/p\/2e446e13987b54a0d146659eccd83cd7\/adjuntos\/298\/imagenes\/009\/804\/0009804012\/1200x0\/smart\/federer-musseti.jfif\" alt=\"\" style=\"width:1200px;height:auto\" title=\"\"\/><\/figure>\n\n\n\n<p class=\"wp-block-paragraph\">En conferencia de prensa, tambi\u00e9n el ex n\u00famero 1 del mundo fue consultado sobre la posibilidad de volver a competir a nivel profesional y fue tajante: &#8220;No, absolutamente. Gracias por preguntar. Me alegra que hayas preguntado para poder aclararlo. Estoy demasiado ocupado, apenas encuentro tiempo para jugar&#8221;. En este sentido, Federer reconoci\u00f3 que &#8220;mi cuerpo est\u00e1 acabado. Me siento bien, pero ahora soy simplemente un aficionado, disfruto viendo tenis&#8221;.<\/p>\n\n\n\n<p class=\"wp-block-paragraph\">Adem\u00e1s, Roger Federer se refiri\u00f3 a su impresionante racha de cinco t\u00edtulos consecutivos que encaden\u00f3 entre 2004 y 2008: &#8220;Haber podido encadenar eso es algo casi surrealista, porque siempre supe lo dif\u00edcil que era ganar aqu\u00ed&#8221;.<\/p>\n\n\n\n<p class=\"wp-block-paragraph\">Y a\u00f1adi\u00f3: &#8220;Es el \u00faltimo Grand Slam de la temporada, todos vienen aqu\u00ed queriendo ganarlo, todos pueden jugar bien en canchas duras, y con la humedad, el viento y todos los cambios por los que ha pasado este lugar a lo largo de los a\u00f1os, siempre ha sido un torneo dif\u00edcil. Entonces, mirando hacia atr\u00e1s, creo que eso fue incre\u00edble&#8221;.<\/p>\n\n\n\n<p class=\"wp-block-paragraph\">Por \u00faltimo, asegur\u00f3 que no extra\u00f1a la competencia: &#8220;No la he echado de menos porque estoy feliz de no tener que someter al cuerpo a ese desgaste. No s\u00e9 c\u00f3mo explicarlo, quiz\u00e1 sea simplemente no querer estar ah\u00ed fuera defendiendo y peleando cada punto&#8221;.<\/p>\n","protected":false},"excerpt":{"rendered":"<p>Roger Federer volver\u00e1 a jugar en el Us Open y respondi\u00f3 a la pregunta sobre si regresar\u00eda al<\/p>\n","protected":false},"author":3,"featured_media":0,"comment_status":"open","ping_status":"open","sticky":false,"template":"","format":"standard","meta":{"footnotes":""},"categories":[5],"tags":[],"class_list":["post-228","post","type-post","status-publish","format-standard","hentry","category-deportes"],"_links":{"self":[{"href":"https:\/\/www.gentedetrabajo.com.ar\/index.php?rest_route=\/wp\/v2\/posts\/228","targetHints":{"allow":["GET"]}}],"collection":[{"href":"https:\/\/www.gentedetrabajo.com.ar\/index.php?rest_route=\/wp\/v2\/posts"}],"about":[{"href":"https:\/\/www.gentedetrabajo.com.ar\/index.php?rest_route=\/wp\/v2\/types\/post"}],"author":[{"embeddable":true,"href":"https:\/\/www.gentedetrabajo.com.ar\/index.php?rest_route=\/wp\/v2\/users\/3"}],"replies":[{"embeddable":true,"href":"https:\/\/www.gentedetrabajo.com.ar\/index.php?rest_route=%2Fwp%2Fv2%2Fcomments&post=228"}],"version-history":[{"count":1,"href":"https:\/\/www.gentedetrabajo.com.ar\/index.php?rest_route=\/wp\/v2\/posts\/228\/revisions"}],"predecessor-version":[{"id":229,"href":"https:\/\/www.gentedetrabajo.com.ar\/index.php?rest_route=\/wp\/v2\/posts\/228\/revisions\/229"}],"wp:attachment":[{"href":"https:\/\/www.gentedetrabajo.com.ar\/index.php?rest_route=%2Fwp%2Fv2%2Fmedia&parent=228"}],"wp:term":[{"taxonomy":"category","embeddable":true,"href":"https:\/\/www.gentedetrabajo.com.ar\/index.php?rest_route=%2Fwp%2Fv2%2Fcategories&post=228"},{"taxonomy":"post_tag","embeddable":true,"href":"https:\/\/www.gentedetrabajo.com.ar\/index.php?rest_route=%2Fwp%2Fv2%2Ftags&post=228"}],"curies":[{"name":"wp","href":"https:\/\/api.w.org\/{rel}","templated":true}]}}