{"id":232,"date":"2026-08-30T18:57:41","date_gmt":"2026-08-30T21:57:41","guid":{"rendered":"https:\/\/www.gentedetrabajo.com.ar\/?p=232"},"modified":"2026-08-30T18:57:42","modified_gmt":"2026-08-30T21:57:42","slug":"confirmado-el-precio-del-dolar-este-lunes-31-de-agosto-en-cada-banco","status":"publish","type":"post","link":"https:\/\/www.gentedetrabajo.com.ar\/?p=232","title":{"rendered":"Confirmado el precio del d\u00f3lar este lunes 31 de agosto en cada banco"},"content":{"rendered":"\n<p class=\"wp-block-paragraph\">Los bancos m\u00e1s importantes de Argentina confirmaron cu\u00e1l ser\u00e1 el precio del d\u00f3lar este luens 31 de agosto cuando se habiliten las operaciones cambiarias<\/p>\n\n\n\n<figure class=\"wp-block-image is-resized\"><img decoding=\"async\" src=\"https:\/\/media.diariouno.com.ar\/p\/a3f367a6a748f66b915045c9b1121f2c\/adjuntos\/298\/imagenes\/009\/792\/0009792176\/1200x0\/smart\/dolares-18.jpg\" alt=\"\" style=\"width:1200px;height:auto\" title=\"\"\/><\/figure>\n\n\n\n<p class=\"wp-block-paragraph\">\u00bfVas a comprar d\u00f3lares?: a este precio se vender\u00e1 el lunes 31 de agosto en cada banco<\/p>\n\n\n\n<p class=\"wp-block-paragraph\">Las principales entidades bancarias le confirmaron al Banco Central de la Rep\u00fablica Argentina (BCRA) cu\u00e1l ser\u00e1 el precio del d\u00f3lar el \u00faltimo d\u00eda h\u00e1bil de agosto, cuando se habiliten las operaciones cambiarias en todo el pa\u00eds.<\/p>\n\n\n\n<p class=\"wp-block-paragraph\">El 31 de agosto, el d\u00f3lar se vender\u00e1 a precio r\u00e9cord en cada uno de los bancos del pa\u00eds. Despu\u00e9s de haber llegado a los $1.535 en las pizarras del Banco Naci\u00f3n, este lunes se vender\u00e1 nuevamente a ese precio, que es el valor m\u00e1s alto al que ha llegado en el a\u00f1o.<\/p>\n\n\n\n<figure class=\"wp-block-image is-resized\"><img decoding=\"async\" src=\"https:\/\/media.diariouno.com.ar\/p\/11f1121e299484465713a3390c67ce05\/adjuntos\/298\/imagenes\/009\/792\/0009792346\/1200x0\/smart\/dolares-11.jpg\" alt=\"\" style=\"width:1200px;height:auto\" title=\"\"\/><\/figure>\n\n\n\n<p class=\"wp-block-paragraph\">En tanto, el d\u00f3lar blue ha mantenido su diferencia con respecto al oficial y se seguir\u00e1 comercializando a un precio m\u00e1s alto, seg\u00fan confirmaron las cuevas. Es decir, que se vender\u00e1 a $1.555.<br>Precio del d\u00f3lar en cada banco este lunes 31 de agosto<\/p>\n\n\n\n<p class=\"wp-block-paragraph\">Seg\u00fan lo confirmado por cada uno de los bancos al BCRA, en el inicio de la jornada de este lunes 31 de agosto, el precio del d\u00f3lar ser\u00e1 el siguiente en cada entidad:<\/p>\n\n\n\n<figure class=\"wp-block-image is-resized\"><img decoding=\"async\" src=\"https:\/\/media.diariouno.com.ar\/p\/6e3197c310984bb9702f4c3112b0c12f\/adjuntos\/298\/imagenes\/009\/806\/0009806837\/1200x0\/smart\/precio-dolar-2.jpg\" alt=\"\u00bfVas a comprar d\u00f3lares?: a este precio se vender\u00e1 el lunes 31 de agosto en cada banco\" style=\"aspect-ratio:1.7647058823529411;width:1200px;height:auto\" title=\"\u00bfVas a comprar d\u00f3lares?: a este precio se vender\u00e1 el lunes 31 de agosto en cada banco\"\/><\/figure>\n\n\n\n<pre class=\"wp-block-code\"><code>Banco Naci\u00f3n: $1.535\nBanco Galicia: $1.530\nBanco ICBC: $1.530\nBanco BBVA: $1.535\nBanco Supervielle: $1.540\nBanco Ciudad de Buenos Aires: $1.535\nBanco Patagonia: $1.535\nBanco Hipotecario: $1.525\nBanco Santander: $1.535\nBrubank: $1.523\nBanco Credicoop: $1.535\nBanco Macro: $1.537\nBanco Piano: $1.525\nBanco de Comercio: $1.530<\/code><\/pre>\n\n\n\n<p class=\"wp-block-paragraph\">Las compras de d\u00f3lares del Banco Central<\/p>\n\n\n\n<p class=\"wp-block-paragraph\">El Banco Central de la Rep\u00fablica Argentina (BCRA) hilvan\u00f3 22 jornadas consecutivas con saldo comprador en el mercado de cambios tras adquirir US$ 82 millones durante la \u00faltima rueda de la semana. Con este resultado, la entidad acumula un saldo positivo superior a los US$ 14.000 millones en los primeros ocho meses de 2026.<\/p>\n\n\n\n<p class=\"wp-block-paragraph\">Desde la puesta en marcha de la cuarta fase del programa monetario conducido por Santiago Bausili en enero, la autoridad monetaria incorpor\u00f3 un total de US$ 14.049 millones a sus reservas. Pese a que durante agosto se registr\u00f3 una desaceleraci\u00f3n en el ritmo de absorci\u00f3n, la entidad sobrepas\u00f3 con margen el piso de la meta anual de acumulaci\u00f3n (fijada en un rango de entre US$ 10.000 y US$ 17.000 millones).<\/p>\n","protected":false},"excerpt":{"rendered":"<p>Los bancos m\u00e1s importantes de Argentina confirmaron cu\u00e1l ser\u00e1 el precio del d\u00f3lar este luens 31 de agosto<\/p>\n","protected":false},"author":3,"featured_media":0,"comment_status":"open","ping_status":"open","sticky":false,"template":"","format":"standard","meta":{"footnotes":""},"categories":[6],"tags":[],"class_list":["post-232","post","type-post","status-publish","format-standard","hentry","category-politica"],"_links":{"self":[{"href":"https:\/\/www.gentedetrabajo.com.ar\/index.php?rest_route=\/wp\/v2\/posts\/232","targetHints":{"allow":["GET"]}}],"collection":[{"href":"https:\/\/www.gentedetrabajo.com.ar\/index.php?rest_route=\/wp\/v2\/posts"}],"about":[{"href":"https:\/\/www.gentedetrabajo.com.ar\/index.php?rest_route=\/wp\/v2\/types\/post"}],"author":[{"embeddable":true,"href":"https:\/\/www.gentedetrabajo.com.ar\/index.php?rest_route=\/wp\/v2\/users\/3"}],"replies":[{"embeddable":true,"href":"https:\/\/www.gentedetrabajo.com.ar\/index.php?rest_route=%2Fwp%2Fv2%2Fcomments&post=232"}],"version-history":[{"count":1,"href":"https:\/\/www.gentedetrabajo.com.ar\/index.php?rest_route=\/wp\/v2\/posts\/232\/revisions"}],"predecessor-version":[{"id":233,"href":"https:\/\/www.gentedetrabajo.com.ar\/index.php?rest_route=\/wp\/v2\/posts\/232\/revisions\/233"}],"wp:attachment":[{"href":"https:\/\/www.gentedetrabajo.com.ar\/index.php?rest_route=%2Fwp%2Fv2%2Fmedia&parent=232"}],"wp:term":[{"taxonomy":"category","embeddable":true,"href":"https:\/\/www.gentedetrabajo.com.ar\/index.php?rest_route=%2Fwp%2Fv2%2Fcategories&post=232"},{"taxonomy":"post_tag","embeddable":true,"href":"https:\/\/www.gentedetrabajo.com.ar\/index.php?rest_route=%2Fwp%2Fv2%2Ftags&post=232"}],"curies":[{"name":"wp","href":"https:\/\/api.w.org\/{rel}","templated":true}]}}