{"id":234,"date":"2026-08-30T19:06:40","date_gmt":"2026-08-30T22:06:40","guid":{"rendered":"https:\/\/www.gentedetrabajo.com.ar\/?p=234"},"modified":"2026-08-30T19:06:41","modified_gmt":"2026-08-30T22:06:41","slug":"la-fundacion-pensar-reune-en-mendoza-a-su-gente-en-un-encuentro-sobre-economias-regionales","status":"publish","type":"post","link":"https:\/\/www.gentedetrabajo.com.ar\/?p=234","title":{"rendered":"La Fundaci\u00f3n Pensar re\u00fane en Mendoza a su gente en un encuentro sobre econom\u00edas regionales"},"content":{"rendered":"\n<p class=\"wp-block-paragraph\">El secretario de la Fundaci\u00f3n Pensar, Francisco Quintana y su vicepresidente, Silvia Gabriela Lospennato, llegan a Mendoza para respaldar a la renovaci\u00f3n de las autoridades del PRO<\/p>\n\n\n\n<figure class=\"wp-block-image is-resized\"><img decoding=\"async\" src=\"https:\/\/media.diariouno.com.ar\/p\/f692c5ceeb523a6f57ab974156fc6153\/adjuntos\/298\/imagenes\/009\/802\/0009802106\/1200x0\/smart\/esteban-allasino-y-gabriel-pradines-2.jpg\" alt=\"As\u00ed fue la renovaci\u00f3n de autoridades del PRO en Mendoza, el 20 de agosto pasado. \" style=\"width:1200px;height:auto\" title=\"As\u00ed fue la renovaci\u00f3n de autoridades del PRO en Mendoza, el 20 de agosto pasado. \"\/><\/figure>\n\n\n\n<p class=\"wp-block-paragraph\">Silivia Lospennato y Francisco Quintana, de la fundaci\u00f3n Pensar, vendr\u00e1n a apoyar a las figuras del PRO en Mendoza, el intendente Allasino y el presidente del partido local, Gabriel Pradines.<\/p>\n\n\n\n<p class=\"wp-block-paragraph\">La Fundaci\u00f3n Pensar, el semillero de ideas, proyectos y propuestas del PRO a nivel nacional, realiza este lunes 31 de agosto en Mendoza un encuentro regional dedicado a analizar los desaf\u00edos que atraviesan las econom\u00edas de Cuyo, con la participaci\u00f3n de empresarios, representantes de c\u00e1maras y dirigentes pol\u00edticos. La jornada buscar\u00e1 poner en discusi\u00f3n las oportunidades de crecimiento de la regi\u00f3n, las dificultades que enfrenta el sector privado y las herramientas p\u00fablicas disponibles para impulsar la producci\u00f3n.<\/p>\n\n\n\n<p class=\"wp-block-paragraph\">La actividad contar\u00e1 con la presencia de Silvia Lospennato, vicepresidenta de la organizaci\u00f3n, y Francisco Quintana, secretario general de la entidad. Ser\u00e1n quienes representar\u00e1n a la fundaci\u00f3n, dirigida por Mar\u00eda Eugenia Vidal.<\/p>\n\n\n\n<p class=\"wp-block-paragraph\">Ambos dirigentes nacionales llegan a Mendoza pocos d\u00edas despu\u00e9s de la renovaci\u00f3n de autoridades del PRO provincial, que volvi\u00f3 a dejar a Gabriel Pradines al frente del partido. El encuentro tambi\u00e9n tendr\u00e1 entre sus participantes al intendente de Luj\u00e1n de Cuyo, Esteban Allasino.<br>Mar\u00eda Eugenia Vidal, Silvia Lospennato y Francisco Quintana, presidenta, vice y secretario -respecticamente- de la fundaci\u00f3n Pensar.<\/p>\n\n\n\n<figure class=\"wp-block-image is-resized\"><img decoding=\"async\" src=\"https:\/\/media.diariouno.com.ar\/p\/ce46281c98dad54e363d80bc34758804\/adjuntos\/298\/imagenes\/009\/806\/0009806926\/1200x0\/smart\/fundacion-pensar-autoridades.jpg\" alt=\"Mar\u00eda Eugenia Vidal, Silvia Lospennato y Francisco Quintana, presidenta, vice y secretario -respecticamente- de la fundaci\u00f3n Pensar. \" style=\"width:1200px;height:auto\" title=\"Mar\u00eda Eugenia Vidal, Silvia Lospennato y Francisco Quintana, presidenta, vice y secretario -respecticamente- de la fundaci\u00f3n Pensar. \"\/><\/figure>\n\n\n\n<p class=\"wp-block-paragraph\">Mar\u00eda Eugenia Vidal, Silvia Lospennato y Francisco Quintana, presidenta, vice y secretario -respecticamente- de la fundaci\u00f3n Pensar.<br>Producci\u00f3n, empresas y econom\u00edas regionales<\/p>\n\n\n\n<p class=\"wp-block-paragraph\">El encuentro, denominado \u201cEconom\u00edas Regionales de Cuyo: Innovaci\u00f3n, Desaf\u00edos y Futuro\u201d, se realizar\u00e1 desde las 16.30 en el Hotel Am\u00e9rian, de la Ciudad de Mendoza. La propuesta est\u00e1 organizada alrededor de tres ejes: el valor de la producci\u00f3n local, los obst\u00e1culos que enfrentan las empresas para crecer y las pol\u00edticas p\u00fablicas destinadas a potenciar el desarrollo productivo.<\/p>\n\n\n\n<p class=\"wp-block-paragraph\">La apertura estar\u00e1 a cargo de Lospennato, el presidente de la Fundaci\u00f3n Pensar Mendoza, Rolando Baldasso, y Allasino. Luego comenzar\u00e1 el primer panel, dedicado a casos de empresas que lograron transformar sus respectivas matrices productivas.<\/p>\n\n\n\n<p class=\"wp-block-paragraph\">Participar\u00e1n Ariel Fabrizio, cofundador y presidente de EntreDos; Adri\u00e1n Mu\u00f1oz, CEO de F\u00e9nix; y Jos\u00e9 Zuccardi, presidente y director de Bodegas Santa Julia y Zuccardi. El panel ser\u00e1 moderado por Pradines, presidente del PRO de Mendoza.<\/p>\n\n\n\n<p class=\"wp-block-paragraph\">El segundo bloque estar\u00e1 enfocado en las dificultades que atraviesa el sector privado en materia de competitividad, financiamiento, log\u00edstica y tecnolog\u00eda. All\u00ed expondr\u00e1n representantes de la Federaci\u00f3n Econ\u00f3mica Mendocina, la Uni\u00f3n Comercial e Industrial de Mendoza, la C\u00e1mara Oliv\u00edcola de San Juan y la C\u00e1mara Minera de Catamarca. La moderaci\u00f3n estar\u00e1 a cargo de la diputada provincial Jimena Cogo.<br>As\u00ed fue la renovaci\u00f3n de autoridades del PRO en Mendoza, el 20 de agosto pasado.<\/p>\n\n\n\n<p class=\"wp-block-paragraph\">La actividad se realizar\u00e1 en un momento particular para el PRO de Mendoza, que el 20 de agosto renov\u00f3 sus aoza representa tambi\u00e9n un acompa\u00f1amiento de la conducci\u00f3n nacional de la Fundaci\u00f3n Pensar al proceso que atraviesa el PRO provincial.<\/p>\n\n\n\n<figure class=\"wp-block-image is-resized\"><img decoding=\"async\" src=\"https:\/\/media.diariouno.com.ar\/p\/92d15c4f49a4cafd018faecd4f28fb89\/adjuntos\/298\/imagenes\/009\/806\/0009806922\/1200x0\/smart\/fundacion-pensar-1.jpg\" alt=\"Silivia Lospennato y Francisco Quintana, de la fundaci\u00f3n Pensar, vendr\u00e1n a apoyar a las figuras del PRO en Mendoza, el intendente Allasino y el presidente del partido local, Gabriel Pradines.\u00a0\" style=\"aspect-ratio:1.7777777777777777;width:1200px;height:auto\" title=\"Silivia Lospennato y Francisco Quintana, de la fundaci\u00f3n Pensar, vendr\u00e1n a apoyar a las figuras del PRO en Mendoza, el intendente Allasino y el presidente del partido local, Gabriel Pradines.\u00a0\"\/><\/figure>\n\n\n\n<p class=\"wp-block-paragraph\">Allasino tendr\u00e1 adem\u00e1s un lugar destacado durante la jornada. El intendente de Luj\u00e1n de Cuyo participar\u00e1 de la apertura, en la que compartir\u00e1 escenario con Lospennato y Baldasso.<br>El gobernador y un funcionario del Ejecutivo estar\u00e1n en el evento<\/p>\n\n\n\n<p class=\"wp-block-paragraph\">El tercer panel estar\u00e1 dedicado a las herramientas estatales para potenciar el desarrollo productivo. All\u00ed participar\u00e1n Dante Sica, presidente de la consultora ABECEB y exministro de Producci\u00f3n y Trabajo de la Naci\u00f3n, y Rodolfo Vargas Arizu, ministro de Producci\u00f3n de Mendoza.<\/p>\n\n\n\n<p class=\"wp-block-paragraph\">El cierre estar\u00e1 a cargo de Maximilian Hedrich, representante en Argentina de la Fundaci\u00f3n Konrad Adenauer; Quintana y el gobernador Alfredo Cornejo.<\/p>\n\n\n\n<p class=\"wp-block-paragraph\">De esta manera, la jornada reunir\u00e1 en un mismo espacio a representantes del sector empresario, dirigentes pol\u00edticos y funcionarios de Mendoza y otras provincias de la regi\u00f3n, con el foco puesto en los desaf\u00edos que enfrenta Cuyo para ampliar su producci\u00f3n y mejorar su inserci\u00f3n en los mercados autoridades en Luj\u00e1n de Cuyo y confirm\u00f3 a Gabriel Pradines como presidente.<\/p>\n\n\n\n<p class=\"wp-block-paragraph\">La nueva etapa del partido qued\u00f3 planteada alrededor de la construcci\u00f3n de equipos y la formaci\u00f3n de dirigentes para ocupar espacios en los distintos niveles de gobierno. En ese contexto, la presencia de Lospennato y Quintana en Mend<\/p>\n","protected":false},"excerpt":{"rendered":"<p>El secretario de la Fundaci\u00f3n Pensar, Francisco Quintana y su vicepresidente, Silvia Gabriela Lospennato, llegan a Mendoza para<\/p>\n","protected":false},"author":3,"featured_media":0,"comment_status":"open","ping_status":"open","sticky":false,"template":"","format":"standard","meta":{"footnotes":""},"categories":[6],"tags":[],"class_list":["post-234","post","type-post","status-publish","format-standard","hentry","category-politica"],"_links":{"self":[{"href":"https:\/\/www.gentedetrabajo.com.ar\/index.php?rest_route=\/wp\/v2\/posts\/234","targetHints":{"allow":["GET"]}}],"collection":[{"href":"https:\/\/www.gentedetrabajo.com.ar\/index.php?rest_route=\/wp\/v2\/posts"}],"about":[{"href":"https:\/\/www.gentedetrabajo.com.ar\/index.php?rest_route=\/wp\/v2\/types\/post"}],"author":[{"embeddable":true,"href":"https:\/\/www.gentedetrabajo.com.ar\/index.php?rest_route=\/wp\/v2\/users\/3"}],"replies":[{"embeddable":true,"href":"https:\/\/www.gentedetrabajo.com.ar\/index.php?rest_route=%2Fwp%2Fv2%2Fcomments&post=234"}],"version-history":[{"count":1,"href":"https:\/\/www.gentedetrabajo.com.ar\/index.php?rest_route=\/wp\/v2\/posts\/234\/revisions"}],"predecessor-version":[{"id":235,"href":"https:\/\/www.gentedetrabajo.com.ar\/index.php?rest_route=\/wp\/v2\/posts\/234\/revisions\/235"}],"wp:attachment":[{"href":"https:\/\/www.gentedetrabajo.com.ar\/index.php?rest_route=%2Fwp%2Fv2%2Fmedia&parent=234"}],"wp:term":[{"taxonomy":"category","embeddable":true,"href":"https:\/\/www.gentedetrabajo.com.ar\/index.php?rest_route=%2Fwp%2Fv2%2Fcategories&post=234"},{"taxonomy":"post_tag","embeddable":true,"href":"https:\/\/www.gentedetrabajo.com.ar\/index.php?rest_route=%2Fwp%2Fv2%2Ftags&post=234"}],"curies":[{"name":"wp","href":"https:\/\/api.w.org\/{rel}","templated":true}]}}