{"id":239,"date":"2026-08-31T21:14:05","date_gmt":"2026-09-01T00:14:05","guid":{"rendered":"https:\/\/www.gentedetrabajo.com.ar\/?p=239"},"modified":"2026-08-31T21:14:06","modified_gmt":"2026-09-01T00:14:06","slug":"las-leonas-campeonas-del-mundo-ya-estan-en-argentina","status":"publish","type":"post","link":"https:\/\/www.gentedetrabajo.com.ar\/?p=239","title":{"rendered":"Las Leonas campeonas del mundo ya est\u00e1n en Argentina"},"content":{"rendered":"\n<p class=\"wp-block-paragraph\">Minutos previos a las 6 de la ma\u00f1ana Las Leonas pisaron suelo argentino luego de consagrarse como campeonas del Mundial de Hockey sobre c\u00e9sped<\/p>\n\n\n\n<figure class=\"wp-block-image is-resized\"><img decoding=\"async\" src=\"https:\/\/media.diariouno.com.ar\/p\/fd6466db0d6fd80ef93676d320a01f5e\/adjuntos\/298\/imagenes\/009\/807\/0009807279\/1200x0\/smart\/las-leonas.jpg\" alt=\"Las Leonas llegaron al Aeropuerto Internacional de Ezeiza en la madrugada.\" style=\"aspect-ratio:1.9870967741935484;width:1232px;height:auto\" title=\"Las Leonas llegaron al Aeropuerto Internacional de Ezeiza en la madrugada.\"\/><\/figure>\n\n\n\n<p class=\"wp-block-paragraph\">Las Leonas llegaron al Aeropuerto Internacional de Ezeiza en la madrugada.<\/p>\n\n\n\n<p class=\"wp-block-paragraph\">En las primeras horas de la madrugada, antes de las 6, el seleccionado argentino femenino de hockey sobre c\u00e9sped pis\u00f3 suelo patrio en el Aeropuerto Internacional de Ezeiza. Seres queridos y seguidores se congregaron para recibir a Las Leonas tras volver a subirse a lo m\u00e1s alto del podio internacional tras derrotar a Pa\u00edses Bajos en la final.<\/p>\n\n\n\n<p class=\"wp-block-paragraph\">La comitiva estuvo encabezada por Majo Granatto, una de las referentes y capitanas del equipo, quien llevaba el trofeo en sus manos.<\/p>\n\n\n\n<p class=\"wp-block-paragraph\">Toda la delegaci\u00f3n aprovech\u00f3 la oportunidad para continuar los festejos en el propio hall del aeropuerto, celebrando la conquista de una Copa del Mundo que cort\u00f3 una racha de 16 a\u00f1os sin coronaciones ecum\u00e9nicas, rememorando la gesta de Rosario 2010 bajo la gu\u00eda de Luciana Aymar.<br>La Copa del Mundo es para Las Leonas.<\/p>\n\n\n\n<figure class=\"wp-block-image is-resized\"><img decoding=\"async\" src=\"https:\/\/media.diariouno.com.ar\/p\/e167a2a77ddd29628f8450c4440f3f83\/adjuntos\/298\/imagenes\/009\/807\/0009807281\/1200x0\/smart\/las-leonas-llegada.jpg\" alt=\"La Copa del Mundo es para Las Leonas.\" style=\"width:1200px;height:auto\" title=\"La Copa del Mundo es para Las Leonas.\"\/><\/figure>\n\n\n\n<p class=\"wp-block-paragraph\">La Copa del Mundo es para Las Leonas.<br>Luciano Thieberger<br>Las Leonas y la felicidad de ser las campeonas del mundo<\/p>\n\n\n\n<p class=\"wp-block-paragraph\">Mar\u00eda Jos\u00e9 Granatto hizo hincapi\u00e9 en la hist\u00f3rica gesta donde el seleccionado argentino venci\u00f3 a Pa\u00edses Bajos, quienes tienen 9 t\u00edtulos mundiales: &#8220;Fue un sue\u00f1o hecho realidad. Fue la mejor final que jugamos en a\u00f1o, con determinaci\u00f3n. Es una sensaci\u00f3n hermosa. No se puede explicar la gente que se acerc\u00f3 a alentarnos&#8221;.<\/p>\n\n\n\n<p class=\"wp-block-paragraph\">Hay que poner m\u00e1s inversi\u00f3n en el deporte.<\/p>\n\n\n\n<p class=\"wp-block-paragraph\">Adem\u00e1s, se refiri\u00f3 al acompa\u00f1amiento de Luciana Aymar: &#8220;Tenerla ah\u00ed fue nuestro amuleto, es nuestra bandera. Ocho veces mejor jugadora del mundo y adem\u00e1s es una gran persona&#8221;.<\/p>\n\n\n\n<p class=\"wp-block-paragraph\">Adem\u00e1s, se refiri\u00f3 al acompa\u00f1amiento de Luciana Aymar: &#8220;Tenerla ah\u00ed fue nuestro amuleto, es nuestra bandera. Ocho veces mejor jugadora del mundo y adem\u00e1s es una gran persona&#8221;.<\/p>\n\n\n\n<p class=\"wp-block-paragraph\">Aymar acudi\u00f3 al Mundial invitada por la FIH (Federaci\u00f3n Internacional de Hockey) y presenci\u00f3 desde la tribuna tanto el cruce de semifinales frente a Australia como la gran definici\u00f3n contra el combinado neerland\u00e9s.<br>Las Leonas fueron recibidas por el p\u00fablico en su llegada al pa\u00eds.<\/p>\n\n\n\n<figure class=\"wp-block-image is-resized\"><img decoding=\"async\" src=\"https:\/\/media.diariouno.com.ar\/p\/ff606a65a7fcb7dbb13214114391acec\/adjuntos\/298\/imagenes\/009\/807\/0009807283\/1200x0\/smart\/las-leonas-aeropuerto.jpg\" alt=\"Las Leonas fueron recibidas por el p&uacute;blico en su llegada al pa&iacute;s.\" style=\"width:1200px;height:auto\" title=\"Las Leonas fueron recibidas por el p&uacute;blico en su llegada al pa&iacute;s.\"\/><\/figure>\n\n\n\n<p class=\"wp-block-paragraph\">Las Leonas fueron recibidas por el p\u00fablico en su llegada al pa\u00eds.<br>Luciano Thieberger<br>Las sensaciones de Julieta Jankunas, figura de Las Leonas<\/p>\n\n\n\n<p class=\"wp-block-paragraph\">Otra de las voces que reflej\u00f3 el sentimiento interno de la delegaci\u00f3n fue la de la delantera Julieta Jankunas, quien resalt\u00f3 la uni\u00f3n del plantel y el rol del staff diciendo: &#8220;Este grupo es incre\u00edble. Son mi familia. Tener placer y tener buen clima es m\u00e1gico&#8221;.<\/p>\n\n\n\n<p class=\"wp-block-paragraph\">&#8220;Decir somos campeonas del mundo es muy lindo. Que salgamos campeonas demostr\u00f3 el trabajo del cuerpo t\u00e9cnico&#8221;, concluy\u00f3 Jankunas.<\/p>\n","protected":false},"excerpt":{"rendered":"<p>Minutos previos a las 6 de la ma\u00f1ana Las Leonas pisaron suelo argentino luego de consagrarse como campeonas<\/p>\n","protected":false},"author":3,"featured_media":0,"comment_status":"open","ping_status":"open","sticky":false,"template":"","format":"standard","meta":{"footnotes":""},"categories":[5],"tags":[],"class_list":["post-239","post","type-post","status-publish","format-standard","hentry","category-deportes"],"_links":{"self":[{"href":"https:\/\/www.gentedetrabajo.com.ar\/index.php?rest_route=\/wp\/v2\/posts\/239","targetHints":{"allow":["GET"]}}],"collection":[{"href":"https:\/\/www.gentedetrabajo.com.ar\/index.php?rest_route=\/wp\/v2\/posts"}],"about":[{"href":"https:\/\/www.gentedetrabajo.com.ar\/index.php?rest_route=\/wp\/v2\/types\/post"}],"author":[{"embeddable":true,"href":"https:\/\/www.gentedetrabajo.com.ar\/index.php?rest_route=\/wp\/v2\/users\/3"}],"replies":[{"embeddable":true,"href":"https:\/\/www.gentedetrabajo.com.ar\/index.php?rest_route=%2Fwp%2Fv2%2Fcomments&post=239"}],"version-history":[{"count":1,"href":"https:\/\/www.gentedetrabajo.com.ar\/index.php?rest_route=\/wp\/v2\/posts\/239\/revisions"}],"predecessor-version":[{"id":240,"href":"https:\/\/www.gentedetrabajo.com.ar\/index.php?rest_route=\/wp\/v2\/posts\/239\/revisions\/240"}],"wp:attachment":[{"href":"https:\/\/www.gentedetrabajo.com.ar\/index.php?rest_route=%2Fwp%2Fv2%2Fmedia&parent=239"}],"wp:term":[{"taxonomy":"category","embeddable":true,"href":"https:\/\/www.gentedetrabajo.com.ar\/index.php?rest_route=%2Fwp%2Fv2%2Fcategories&post=239"},{"taxonomy":"post_tag","embeddable":true,"href":"https:\/\/www.gentedetrabajo.com.ar\/index.php?rest_route=%2Fwp%2Fv2%2Ftags&post=239"}],"curies":[{"name":"wp","href":"https:\/\/api.w.org\/{rel}","templated":true}]}}