{"id":248,"date":"2026-09-01T16:57:57","date_gmt":"2026-09-01T19:57:57","guid":{"rendered":"https:\/\/www.gentedetrabajo.com.ar\/?p=248"},"modified":"2026-09-01T16:57:59","modified_gmt":"2026-09-01T19:57:59","slug":"colapinto-incorporara-las-mejoras-de-alpine-que-uso-gasly-y-se-ilusiona-estoy-deseando-probarlas","status":"publish","type":"post","link":"https:\/\/www.gentedetrabajo.com.ar\/?p=248","title":{"rendered":"Colapinto incorporar\u00e1 las mejoras de Alpine que us\u00f3 Gasly y se ilusiona: &#8220;Estoy deseando probarlas&#8221;"},"content":{"rendered":"\n<p class=\"wp-block-paragraph\">Pierre Gasly en Pa\u00edses Bajos cont\u00f3 con las mejoras que prepar\u00f3 Alpine; ahora, en Monza, se har\u00e1n extensivas a Franco Colapinto<\/p>\n\n\n\n<figure class=\"wp-block-image is-resized\"><img decoding=\"async\" src=\"https:\/\/media.diariouno.com.ar\/p\/9cb255357d6c3ffe77088d42828bbec4\/adjuntos\/298\/imagenes\/009\/807\/0009807988\/1200x0\/smart\/franco-colapinto.jfif\" alt=\"Franco Colapinto habl\u00f3 en la previa de Monza.\" style=\"aspect-ratio:1.5686274509803921;width:1200px;height:auto\" title=\"Franco Colapinto habl\u00f3 en la previa de Monza.\"\/><\/figure>\n\n\n\n<p class=\"wp-block-paragraph\"><strong><a href=\"https:\/\/www.diariouno.com.ar\/alpine-a212465\" target=\"_blank\" rel=\"noopener\">Alpine<\/a><\/strong>&nbsp;prepar\u00f3 una series de mejoras para los monoplazas de<strong>&nbsp;<a href=\"https:\/\/www.diariouno.com.ar\/pierre-gasly-a150727\" target=\"_blank\" rel=\"noopener\">Pierre Gasly<\/a><\/strong>&nbsp;y de<strong>&nbsp;<a href=\"https:\/\/www.diariouno.com.ar\/colapinto-a213252\" target=\"_blank\" rel=\"noopener\">Franco Colapinto<\/a><\/strong>. En el auto del franc\u00e9s ya se implementaron durante el Gran Premio de los Pa\u00edses Bajos, donde logr\u00f3 el d\u00e9cimo puesto y sum\u00f3 un punto para la escuder\u00eda. Por su parte, el argentino reci\u00e9n podr\u00e1 probar las actualizaciones este fin de semana.<\/p>\n\n\n\n<p class=\"wp-block-paragraph\">Es por eso que el piloto de 23 a\u00f1os habl\u00f3 antes de regresar a Monza y se mostr\u00f3 entusiasmado por estas modificaciones que le permitir\u00e1 probar diferentes estrategias para intentar quedar en zona de clasificaci\u00f3n.<\/p>\n\n\n\n<figure class=\"wp-block-image is-resized\"><img decoding=\"async\" src=\"https:\/\/media.diariouno.com.ar\/p\/163c2352247d27b8248a9a2485b6f8bc\/adjuntos\/298\/imagenes\/009\/807\/0009807985\/1200x0\/smart\/franco-colapinto.jfif\" alt=\"Colapinto tendr&aacute; acci&oacute;n el pr&oacute;ximo fin de semana.\" style=\"width:1200px;height:auto\" title=\"Colapinto tendr&aacute; acci&oacute;n el pr&oacute;ximo fin de semana.\"\/><\/figure>\n\n\n\n<p class=\"wp-block-paragraph\"><strong>El paso parec\u00eda prometedor y trabajaremos duro para adaptarnos a los cambios lo antes posible.<\/strong><\/p>\n\n\n\n<p class=\"wp-block-paragraph\">Adem\u00e1s, record\u00f3 que en 2024 su estreno fue en ese escenario: &#8220;Debut\u00e9 en la&nbsp;<strong>F1&nbsp;<\/strong>en este circuito y siempre es un placer correr aqu\u00ed delante de la afici\u00f3n italiana&#8221;; luego demostr\u00f3 que tiene experiencia en el circuito: &#8220;Ser\u00e1 una carrera interesante con esta generaci\u00f3n de coches; las largas rectas combinadas con zonas de frenada muy fuertes podr\u00edan generar mucha acci\u00f3n&#8221;.<\/p>\n\n\n\n<figure class=\"wp-block-image is-resized\"><img decoding=\"async\" src=\"https:\/\/media.diariouno.com.ar\/p\/173bd833a0b0596d82dcb7113fa4734e\/adjuntos\/298\/imagenes\/009\/807\/0009807984\/1200x0\/smart\/franco-colapinto-debut-monza.jfif\" alt=\"As&iacute; se present&oacute; Franco Colapinto en su debut en 2024.\" style=\"width:1200px;height:auto\" title=\"As&iacute; se present&oacute; Franco Colapinto en su debut en 2024.\"\/><\/figure>\n\n\n\n<p class=\"wp-block-paragraph\">As\u00ed se present\u00f3 Franco Colapinto en su debut en 2024.<\/p>\n\n\n\n<p class=\"wp-block-paragraph\">Tambi\u00e9n se expres\u00f3 sobre su continuidad en&nbsp;<strong>Alpine<\/strong>,&nbsp;<a href=\"https:\/\/www.diariouno.com.ar\/ovacion\/automovilismo\/hay-colapinto-rato-alpine-renovo-el-contrato-del-piloto-argentino-un-divertido-video-n1590048\" target=\"_blank\" rel=\"noopener\">confirmado desde el 27 de agosto<\/a>: &#8220;Han sido un par de semanas bastante ajetreadas para m\u00ed desde que volvimos a competir en Zandvoort despu\u00e9s del par\u00f3n veraniego. Estoy encantado de que, en el periodo previo a Monza, el equipo haya confirmado que me quedar\u00e9 el a\u00f1o que viene, junto a Pierre&#8221;.<\/p>\n\n\n\n<h2 class=\"wp-block-heading\">Colapinto le agradeci\u00f3 a su entorno por asegurar la continuidad en Alpine<\/h2>\n\n\n\n<p class=\"wp-block-paragraph\">&#8220;Quiero reiterar mi agradecimiento a Flavio (Briatore) y Steve (Nielsen) por la confianza y es una sensaci\u00f3n incre\u00edble seguir con este equipo una temporada m\u00e1s. Hemos hecho un gran progreso este a\u00f1o, tanto con el coche como con mi pilotaje&#8221;, manifest\u00f3 sobre su futuro dentro de la estructura francesa como piloto titular.<\/p>\n\n\n\n<p class=\"wp-block-paragraph\"><strong>As\u00ed que estoy muy contento de que se haya reconocido.<\/strong><\/p>\n\n\n\n<p class=\"wp-block-paragraph\">De igual manera, para concluir, se refiri\u00f3 a que la prioridad antes de pensar en 2027 est\u00e1 en su desaf\u00edo en Italia: &#8220;Por ahora, nuestra atenci\u00f3n est\u00e1 puesta en Monza y en nuestra posici\u00f3n en el campeonato&#8221;.<\/p>\n","protected":false},"excerpt":{"rendered":"<p>Pierre Gasly en Pa\u00edses Bajos cont\u00f3 con las mejoras que prepar\u00f3 Alpine; ahora, en Monza, se har\u00e1n extensivas<\/p>\n","protected":false},"author":3,"featured_media":0,"comment_status":"open","ping_status":"open","sticky":false,"template":"","format":"standard","meta":{"footnotes":""},"categories":[5],"tags":[],"class_list":["post-248","post","type-post","status-publish","format-standard","hentry","category-deportes"],"_links":{"self":[{"href":"https:\/\/www.gentedetrabajo.com.ar\/index.php?rest_route=\/wp\/v2\/posts\/248","targetHints":{"allow":["GET"]}}],"collection":[{"href":"https:\/\/www.gentedetrabajo.com.ar\/index.php?rest_route=\/wp\/v2\/posts"}],"about":[{"href":"https:\/\/www.gentedetrabajo.com.ar\/index.php?rest_route=\/wp\/v2\/types\/post"}],"author":[{"embeddable":true,"href":"https:\/\/www.gentedetrabajo.com.ar\/index.php?rest_route=\/wp\/v2\/users\/3"}],"replies":[{"embeddable":true,"href":"https:\/\/www.gentedetrabajo.com.ar\/index.php?rest_route=%2Fwp%2Fv2%2Fcomments&post=248"}],"version-history":[{"count":1,"href":"https:\/\/www.gentedetrabajo.com.ar\/index.php?rest_route=\/wp\/v2\/posts\/248\/revisions"}],"predecessor-version":[{"id":249,"href":"https:\/\/www.gentedetrabajo.com.ar\/index.php?rest_route=\/wp\/v2\/posts\/248\/revisions\/249"}],"wp:attachment":[{"href":"https:\/\/www.gentedetrabajo.com.ar\/index.php?rest_route=%2Fwp%2Fv2%2Fmedia&parent=248"}],"wp:term":[{"taxonomy":"category","embeddable":true,"href":"https:\/\/www.gentedetrabajo.com.ar\/index.php?rest_route=%2Fwp%2Fv2%2Fcategories&post=248"},{"taxonomy":"post_tag","embeddable":true,"href":"https:\/\/www.gentedetrabajo.com.ar\/index.php?rest_route=%2Fwp%2Fv2%2Ftags&post=248"}],"curies":[{"name":"wp","href":"https:\/\/api.w.org\/{rel}","templated":true}]}}