{"id":251,"date":"2026-09-01T17:47:46","date_gmt":"2026-09-01T20:47:46","guid":{"rendered":"https:\/\/www.gentedetrabajo.com.ar\/?p=251"},"modified":"2026-09-01T17:50:18","modified_gmt":"2026-09-01T20:50:18","slug":"amspa-festejo-el-dia-del-nino-con-una-jornada-especial-y-llena-de-alegria","status":"publish","type":"post","link":"https:\/\/www.gentedetrabajo.com.ar\/?p=251","title":{"rendered":"A.M.S.P.A festej\u00f3 el D\u00eda del Ni\u00f1o con una jornada especial y llena de alegr\u00eda"},"content":{"rendered":"\n<p class=\"wp-block-paragraph\">El 29 de agosto, ni\u00f1os y padres compartieron una hermosa celebraci\u00f3n con juegos, regalos, premios, chocolate y cosas dulces.<\/p>\n\n\n\n<figure class=\"wp-block-image size-large\"><img loading=\"lazy\" decoding=\"async\" width=\"768\" height=\"1024\" src=\"https:\/\/www.gentedetrabajo.com.ar\/wp-content\/uploads\/2026\/09\/WhatsApp-Image-2026-09-01-at-4.31.51-PM-4-768x1024-1.jpeg\" alt=\"\" class=\"wp-image-253\" srcset=\"https:\/\/www.gentedetrabajo.com.ar\/wp-content\/uploads\/2026\/09\/WhatsApp-Image-2026-09-01-at-4.31.51-PM-4-768x1024-1.jpeg 768w, https:\/\/www.gentedetrabajo.com.ar\/wp-content\/uploads\/2026\/09\/WhatsApp-Image-2026-09-01-at-4.31.51-PM-4-225x300.jpeg 225w, https:\/\/www.gentedetrabajo.com.ar\/wp-content\/uploads\/2026\/09\/WhatsApp-Image-2026-09-01-at-4.31.51-PM-4-1024x1365.jpeg 1024w, https:\/\/www.gentedetrabajo.com.ar\/wp-content\/uploads\/2026\/09\/WhatsApp-Image-2026-09-01-at-4.31.51-PM-4-1152x1536.jpeg 1152w, https:\/\/www.gentedetrabajo.com.ar\/wp-content\/uploads\/2026\/09\/WhatsApp-Image-2026-09-01-at-4.31.51-PM-4.jpeg 1200w\" sizes=\"auto, (max-width: 768px) 100vw, 768px\" \/><\/figure>\n\n\n\n<p class=\"wp-block-paragraph\"><br>El pasado 29 de agosto, AMSPA celebr\u00f3 el D\u00eda del Ni\u00f1o con una hermosa jornada preparada especialmente para los m\u00e1s peque\u00f1os y sus familias. Fue un d\u00eda muy especial y maravilloso, lleno de alegr\u00eda, diversi\u00f3n, risas y momentos para compartir.<\/p>\n\n\n\n<p class=\"wp-block-paragraph\"><br>Desde el comienzo de la celebraci\u00f3n, los ni\u00f1os pudieron disfrutar de una gran variedad de juegos y actividades recreativas. Con mucho entusiasmo, participaron de las propuestas y disfrutaron de cada momento junto a sus amigos, familiares y otros ni\u00f1os que se acercaron a compartir esta fecha tan especial.<br>Uno de los momentos m\u00e1s esperados fue la entrega de regalos y premios. Los ni\u00f1os recibieron muchos obsequios y pudieron llevarse premios obtenidos durante los diferentes juegos. La emoci\u00f3n y las sonrisas estuvieron presentes durante toda la jornada, haciendo que cada actividad fuera a\u00fan m\u00e1s divertida.<\/p>\n\n\n\n<figure class=\"wp-block-image size-large\"><img loading=\"lazy\" decoding=\"async\" width=\"768\" height=\"1024\" src=\"https:\/\/www.gentedetrabajo.com.ar\/wp-content\/uploads\/2026\/09\/868e0ada-fd42-4e1c-827a-2567a7434aba-768x1024-1.jpg\" alt=\"\" class=\"wp-image-254\" srcset=\"https:\/\/www.gentedetrabajo.com.ar\/wp-content\/uploads\/2026\/09\/868e0ada-fd42-4e1c-827a-2567a7434aba-768x1024-1.jpg 768w, https:\/\/www.gentedetrabajo.com.ar\/wp-content\/uploads\/2026\/09\/868e0ada-fd42-4e1c-827a-2567a7434aba-225x300.jpg 225w, https:\/\/www.gentedetrabajo.com.ar\/wp-content\/uploads\/2026\/09\/868e0ada-fd42-4e1c-827a-2567a7434aba-1024x1365.jpg 1024w, https:\/\/www.gentedetrabajo.com.ar\/wp-content\/uploads\/2026\/09\/868e0ada-fd42-4e1c-827a-2567a7434aba-1152x1536.jpg 1152w, https:\/\/www.gentedetrabajo.com.ar\/wp-content\/uploads\/2026\/09\/868e0ada-fd42-4e1c-827a-2567a7434aba.jpg 1200w\" sizes=\"auto, (max-width: 768px) 100vw, 768px\" \/><\/figure>\n\n\n\n<p class=\"wp-block-paragraph\"><br>Tambi\u00e9n hubo un momento especial para compartir una rica media tarde con chocolate y cosas dulces. Ni\u00f1os y padres pudieron sentarse, conversar y disfrutar juntos de una merienda preparada para la ocasi\u00f3n. La chocolatada y las cosas dulces fueron el complemento perfecto para una tarde llena de juegos y entretenimiento.<\/p>\n\n\n\n<figure class=\"wp-block-image size-large\"><img loading=\"lazy\" decoding=\"async\" width=\"768\" height=\"1024\" src=\"https:\/\/www.gentedetrabajo.com.ar\/wp-content\/uploads\/2026\/09\/WhatsApp-Image-2026-09-01-at-4.30.51-PM-768x1024.jpeg\" alt=\"\" class=\"wp-image-255\" srcset=\"https:\/\/www.gentedetrabajo.com.ar\/wp-content\/uploads\/2026\/09\/WhatsApp-Image-2026-09-01-at-4.30.51-PM-768x1024-1.jpeg 768w, https:\/\/www.gentedetrabajo.com.ar\/wp-content\/uploads\/2026\/09\/WhatsApp-Image-2026-09-01-at-4.30.51-PM-225x300.jpeg 225w, https:\/\/www.gentedetrabajo.com.ar\/wp-content\/uploads\/2026\/09\/WhatsApp-Image-2026-09-01-at-4.30.51-PM-1152x1536.jpeg 1152w, https:\/\/www.gentedetrabajo.com.ar\/wp-content\/uploads\/2026\/09\/WhatsApp-Image-2026-09-01-at-4.30.51-PM-1024x1365.jpeg 1024w, https:\/\/www.gentedetrabajo.com.ar\/wp-content\/uploads\/2026\/09\/WhatsApp-Image-2026-09-01-at-4.30.51-PM.jpeg 1200w\" sizes=\"auto, (max-width: 768px) 100vw, 768px\" \/><\/figure>\n\n\n\n<p class=\"wp-block-paragraph\"><br>Pero, m\u00e1s all\u00e1 de los regalos y los premios, lo m\u00e1s importante fue poder compartir tiempo en familia. Los padres acompa\u00f1aron a sus hijos durante las actividades, disfrutando de sus risas, sus juegos y la felicidad de verlos pasar un hermoso d\u00eda.<br>La celebraci\u00f3n permiti\u00f3 que grandes y chicos se encontraran en un ambiente de alegr\u00eda y compa\u00f1erismo. Fue una oportunidad para dejar de lado la rutina, disfrutar de un momento diferente y crear recuerdos que seguramente quedar\u00e1n guardados en la memoria de todos.<\/p>\n\n\n\n<p class=\"wp-block-paragraph\"><br>El festejo del D\u00eda del Ni\u00f1o organizado por AMSPA fue, sin dudas, una jornada muy linda y especial. Los juegos, los regalos, los premios, el chocolate, las cosas dulces y, sobre todo, las sonrisas de los ni\u00f1os hicieron que el 29 de agosto se convirtiera en un d\u00eda maravilloso para compartir en familia.<br>Una celebraci\u00f3n llena de cari\u00f1o y diversi\u00f3n que dej\u00f3 como resultado muchos momentos felices y el recuerdo de un D\u00eda del Ni\u00f1o inolvidable para todos los que participaron<\/p>\n\n\n\n<figure class=\"wp-block-image size-large\"><img loading=\"lazy\" decoding=\"async\" width=\"768\" height=\"1024\" src=\"https:\/\/www.gentedetrabajo.com.ar\/wp-content\/uploads\/2026\/09\/WhatsApp-Image-2026-09-01-at-4.31.51-PM-768x1024-1.jpeg\" alt=\"\" class=\"wp-image-256\" srcset=\"https:\/\/www.gentedetrabajo.com.ar\/wp-content\/uploads\/2026\/09\/WhatsApp-Image-2026-09-01-at-4.31.51-PM-768x1024-1.jpeg 768w, https:\/\/www.gentedetrabajo.com.ar\/wp-content\/uploads\/2026\/09\/WhatsApp-Image-2026-09-01-at-4.31.51-PM-225x300.jpeg 225w, https:\/\/www.gentedetrabajo.com.ar\/wp-content\/uploads\/2026\/09\/WhatsApp-Image-2026-09-01-at-4.31.51-PM-1024x1365.jpeg 1024w, https:\/\/www.gentedetrabajo.com.ar\/wp-content\/uploads\/2026\/09\/WhatsApp-Image-2026-09-01-at-4.31.51-PM-1152x1536.jpeg 1152w, https:\/\/www.gentedetrabajo.com.ar\/wp-content\/uploads\/2026\/09\/WhatsApp-Image-2026-09-01-at-4.31.51-PM.jpeg 1200w\" sizes=\"auto, (max-width: 768px) 100vw, 768px\" \/><\/figure>\n\n\n\n<p class=\"wp-block-paragraph\">para ver mas visita el sitio Web de AMSPA <\/p>\n\n\n\n<p class=\"has-pale-cyan-blue-background-color has-background wp-block-paragraph\">https\/\/www.vigiladorargentino.com.ar<\/p>\n\n\n\n<p class=\"wp-block-paragraph\"><\/p>\n","protected":false},"excerpt":{"rendered":"<p>El 29 de agosto, ni\u00f1os y padres compartieron una hermosa celebraci\u00f3n con juegos, regalos, premios, chocolate y cosas<\/p>\n","protected":false},"author":3,"featured_media":0,"comment_status":"open","ping_status":"open","sticky":false,"template":"","format":"standard","meta":{"footnotes":""},"categories":[8],"tags":[],"class_list":["post-251","post","type-post","status-publish","format-standard","hentry","category-gremiales"],"_links":{"self":[{"href":"https:\/\/www.gentedetrabajo.com.ar\/index.php?rest_route=\/wp\/v2\/posts\/251","targetHints":{"allow":["GET"]}}],"collection":[{"href":"https:\/\/www.gentedetrabajo.com.ar\/index.php?rest_route=\/wp\/v2\/posts"}],"about":[{"href":"https:\/\/www.gentedetrabajo.com.ar\/index.php?rest_route=\/wp\/v2\/types\/post"}],"author":[{"embeddable":true,"href":"https:\/\/www.gentedetrabajo.com.ar\/index.php?rest_route=\/wp\/v2\/users\/3"}],"replies":[{"embeddable":true,"href":"https:\/\/www.gentedetrabajo.com.ar\/index.php?rest_route=%2Fwp%2Fv2%2Fcomments&post=251"}],"version-history":[{"count":2,"href":"https:\/\/www.gentedetrabajo.com.ar\/index.php?rest_route=\/wp\/v2\/posts\/251\/revisions"}],"predecessor-version":[{"id":260,"href":"https:\/\/www.gentedetrabajo.com.ar\/index.php?rest_route=\/wp\/v2\/posts\/251\/revisions\/260"}],"wp:attachment":[{"href":"https:\/\/www.gentedetrabajo.com.ar\/index.php?rest_route=%2Fwp%2Fv2%2Fmedia&parent=251"}],"wp:term":[{"taxonomy":"category","embeddable":true,"href":"https:\/\/www.gentedetrabajo.com.ar\/index.php?rest_route=%2Fwp%2Fv2%2Fcategories&post=251"},{"taxonomy":"post_tag","embeddable":true,"href":"https:\/\/www.gentedetrabajo.com.ar\/index.php?rest_route=%2Fwp%2Fv2%2Ftags&post=251"}],"curies":[{"name":"wp","href":"https:\/\/api.w.org\/{rel}","templated":true}]}}