{"id":263,"date":"2026-09-02T12:21:48","date_gmt":"2026-09-02T15:21:48","guid":{"rendered":"https:\/\/www.gentedetrabajo.com.ar\/?p=263"},"modified":"2026-09-02T12:21:49","modified_gmt":"2026-09-02T15:21:49","slug":"milei-defendio-la-cadena-nacional-que-hara-por-malvinas-y-critico-con-dureza-al-periodismo","status":"publish","type":"post","link":"https:\/\/www.gentedetrabajo.com.ar\/?p=263","title":{"rendered":"Milei defendi\u00f3 la cadena nacional que har\u00e1 por Malvinas y critic\u00f3 con dureza al periodismo"},"content":{"rendered":"\n<p class=\"wp-block-paragraph\">El presidente confirm\u00f3 un mensaje este jueves a las 21 por la soberan\u00eda de las Islas Malvinas. Acus\u00f3 a los medios de atacar las medidas del gobierno nacional<\/p>\n\n\n\n<figure class=\"wp-block-image is-resized\"><img decoding=\"async\" src=\"https:\/\/media.diariouno.com.ar\/p\/f8966aa51432c24025db5dd41cadff03\/adjuntos\/298\/imagenes\/009\/603\/0009603846\/1200x0\/smart\/milei-cadena-nacional-editado.jpg\" alt=\"Javier Milei anunci\u00f3 una cadena nacional para este jueves.\" style=\"aspect-ratio:1.7792592592592593;width:1201px;height:auto\" title=\"Javier Milei anunci\u00f3 una cadena nacional para este jueves.\"\/><\/figure>\n\n\n\n<p class=\"wp-block-paragraph\">El presidente Javier Milei defendi\u00f3 la convocatoria a una cadena nacional para este jueves a las 21, centrada en la soberan\u00eda de las Islas Malvinas. A trav\u00e9s de un mensaje en las redes, cuestion\u00f3 de manera categ\u00f3rica y escatol\u00f3gica a los periodistas que criticaron la utilizaci\u00f3n de esta herramienta de transmisi\u00f3n institucional por parte del gobierno nacional.<\/p>\n\n\n\n<p class=\"wp-block-paragraph\">El anuncio oficial y los cruces por la cadena nacional<br>La pol\u00e9mica surgi\u00f3 a ra\u00edz del anuncio oficial respecto de la emisi\u00f3n especial que se transmitir\u00e1 por la noche. El presidente fundament\u00f3 la cadena nacional al se\u00f1alar que la soberan\u00eda representa un motivo prioritario y un derecho estrat\u00e9gico del pa\u00eds que a\u00fan no ha sido resuelto.<\/p>\n\n\n\n<p class=\"wp-block-paragraph\">Sin embargo, ante los reparos sobre el alcance institucional de la transmisi\u00f3n, Javier Milei reaccion\u00f3 en redes sociales. El mandatario objet\u00f3 la mirada de la prensa y argument\u00f3 que este canal de comunicaci\u00f3n es la forma indicada para informar cuestiones que afectan de manera directa al inter\u00e9s patrio.<\/p>\n\n\n\n<p class=\"wp-block-paragraph\">En esa misma declaraci\u00f3n, Milei expres\u00f3 que quienes cuestionan la cadena nacional parecen priorizar la disputa pol\u00edtica. El jefe de Estado evalu\u00f3 que resulta incomprensible reprochar un informe vinculado a los reclamos hist\u00f3ricos sobre las Islas Malvinas.<\/p>\n\n\n\n<p class=\"wp-block-paragraph\">El Gobierno quiere aprovechar los dichos del presidente de Estados Unidos, quien abri\u00f3 la puerta &#8220;a revisar la posici\u00f3n de neutralidad&#8221; que su administraci\u00f3n mantiene en torno al diferendo por las Islas Malvinas. Las expresiones de Donald Trump no constituyen un alineamiento autom\u00e1tico con la Argentina, sino que responden a una t\u00e1ctica para condicionar al Reino Unido a que aumente su presupuesto para la OTAN.<\/p>\n\n\n\n<figure class=\"wp-block-image is-resized\"><img decoding=\"async\" src=\"https:\/\/media.diariouno.com.ar\/p\/8289a781447f56596b8256422b53d2f4\/adjuntos\/296\/imagenes\/009\/347\/0009347770\/1200x0\/smart\/javier-milei-dio-una-imprevisa-conferencia-prensa-periodistas-acreditados-casa-rsada-fto-presidenciajpg.jpg\" alt=\"Javier Milei volvi\u00f3 a criticar al periodismo. \" style=\"width:1200px;height:auto\" title=\"Javier Milei volvi\u00f3 a criticar al periodismo. \"\/><\/figure>\n\n\n\n<p class=\"wp-block-paragraph\">Cuestionamientos severos a los medios por la cadena nacional<br>El presidente utiliz\u00f3 t\u00e9rminos contundentes para desestimar los planteos formulados por periodistas. Asegur\u00f3 que existe una resistencia permanente por parte de los medios de comunicaci\u00f3n cada vez que el gabinete solicita la transmisi\u00f3n generalizada en el territorio.<\/p>\n\n\n\n<p class=\"wp-block-paragraph\">Durante su descargo, ratific\u00f3 la libertad de acci\u00f3n de la gesti\u00f3n para utilizar la cadena nacional. El titular del Poder Ejecutivo asever\u00f3 que un porcentaje amplio del periodismo opera con intenciones de perjudicar la agenda oficial y deslegitimar los comunicados del gobierno nacional.<\/p>\n\n\n\n<p class=\"wp-block-paragraph\">El discurso previsto para la jornada nocturna incluir\u00e1 precisiones sobre los pasos de la Canciller\u00eda. Fuentes oficiales indicaron que se repasar\u00e1n las gestiones internacionales realizadas en foros globales para transparentar la estrategia en materia de representaci\u00f3n fronteriza e insular.<\/p>\n\n\n\n<p class=\"wp-block-paragraph\">El presidente concluy\u00f3 sus afirmaciones ratificando que el plan de la gesti\u00f3n nacional seguir\u00e1 adelante sin alteraciones. Explic\u00f3 que se mantendr\u00e1 una l\u00ednea intransigente para defender los postulados hist\u00f3ricos de la Naci\u00f3n mediante la cadena nacional.<\/p>\n","protected":false},"excerpt":{"rendered":"<p>El presidente confirm\u00f3 un mensaje este jueves a las 21 por la soberan\u00eda de las Islas Malvinas. Acus\u00f3<\/p>\n","protected":false},"author":3,"featured_media":0,"comment_status":"open","ping_status":"open","sticky":false,"template":"","format":"standard","meta":{"footnotes":""},"categories":[6],"tags":[],"class_list":["post-263","post","type-post","status-publish","format-standard","hentry","category-politica"],"_links":{"self":[{"href":"https:\/\/www.gentedetrabajo.com.ar\/index.php?rest_route=\/wp\/v2\/posts\/263","targetHints":{"allow":["GET"]}}],"collection":[{"href":"https:\/\/www.gentedetrabajo.com.ar\/index.php?rest_route=\/wp\/v2\/posts"}],"about":[{"href":"https:\/\/www.gentedetrabajo.com.ar\/index.php?rest_route=\/wp\/v2\/types\/post"}],"author":[{"embeddable":true,"href":"https:\/\/www.gentedetrabajo.com.ar\/index.php?rest_route=\/wp\/v2\/users\/3"}],"replies":[{"embeddable":true,"href":"https:\/\/www.gentedetrabajo.com.ar\/index.php?rest_route=%2Fwp%2Fv2%2Fcomments&post=263"}],"version-history":[{"count":1,"href":"https:\/\/www.gentedetrabajo.com.ar\/index.php?rest_route=\/wp\/v2\/posts\/263\/revisions"}],"predecessor-version":[{"id":264,"href":"https:\/\/www.gentedetrabajo.com.ar\/index.php?rest_route=\/wp\/v2\/posts\/263\/revisions\/264"}],"wp:attachment":[{"href":"https:\/\/www.gentedetrabajo.com.ar\/index.php?rest_route=%2Fwp%2Fv2%2Fmedia&parent=263"}],"wp:term":[{"taxonomy":"category","embeddable":true,"href":"https:\/\/www.gentedetrabajo.com.ar\/index.php?rest_route=%2Fwp%2Fv2%2Fcategories&post=263"},{"taxonomy":"post_tag","embeddable":true,"href":"https:\/\/www.gentedetrabajo.com.ar\/index.php?rest_route=%2Fwp%2Fv2%2Ftags&post=263"}],"curies":[{"name":"wp","href":"https:\/\/api.w.org\/{rel}","templated":true}]}}