{"id":266,"date":"2026-09-02T12:31:44","date_gmt":"2026-09-02T15:31:44","guid":{"rendered":"https:\/\/www.gentedetrabajo.com.ar\/?p=266"},"modified":"2026-09-02T12:31:45","modified_gmt":"2026-09-02T15:31:45","slug":"lucha-antigranizo-el-gobierno-le-cedio-a-san-rafael-y-general-alvear-2-aviones-y-radares","status":"publish","type":"post","link":"https:\/\/www.gentedetrabajo.com.ar\/?p=266","title":{"rendered":"Lucha antigranizo: el Gobierno le cedi\u00f3 a San Rafael y General Alvear 2 aviones y radares"},"content":{"rendered":"\n<p class=\"wp-block-paragraph\">Es la mitad de la flota de aviones de la lucha antigranizo que la Provincia puso en venta. En otros oasis pagar\u00e1 una compensaci\u00f3n a productores damnificados<\/p>\n\n\n\n<figure class=\"wp-block-image is-resized\"><img decoding=\"async\" src=\"https:\/\/media.diariouno.com.ar\/p\/7d4025fe99b33937135027ef0c9861fd\/adjuntos\/298\/imagenes\/009\/443\/0009443091\/1200x0\/smart\/aviones-lucha-antigranizojpg.jpg\" alt=\"Uno de los aviones de la lucha antigranizo que operar\u00e1n San Rafael y Alvear durante la temporada 2026-27.\" style=\"aspect-ratio:1.7777777777777777;width:1600px;height:auto\" title=\"Uno de los aviones de la lucha antigranizo que operar\u00e1n San Rafael y Alvear durante la temporada 2026-27.\"\/><\/figure>\n\n\n\n<p class=\"wp-block-paragraph\">El Gobierno confirm\u00f3 que ceder\u00e1 2 de los 4 aviones que integraban el sistema provincial de lucha antigranizo a los municipios de San Rafael y General Alvear. Desde la Provincia aseguraron que la decisi\u00f3n responde a la voluntad de transferir a las comunas las aeronaves para que puedan continuar con esta actividad a\u00e9rea, en caso de que as\u00ed lo definan.<\/p>\n\n\n\n<p class=\"wp-block-paragraph\">De esta manera, ambas comunas tendr\u00e1n autonom\u00eda para decidir sobre la conveniencia t\u00e9cnica, operativa y financiera de mantener los vuelos de siembra de nubes. Adem\u00e1s de parte de la flota que llevaba adelante el combate del fen\u00f3meno meteorol\u00f3gico, la decisi\u00f3n tambi\u00e9n incluye ceder los radares y el personal t\u00e9cnico a cargo.<\/p>\n\n\n\n<p class=\"wp-block-paragraph\">&#8220;La Provincia tambi\u00e9n pondr\u00e1 a disposici\u00f3n de los municipios los recursos t\u00e9cnicos de radarizaci\u00f3n vinculados al funcionamiento del sistema, de acuerdo con las necesidades que planteen las comunas&#8221;, precisaron desde el Ministerio de Producci\u00f3n.<\/p>\n\n\n\n<p class=\"wp-block-paragraph\">F\u00e9lix y Molero, junto a los aviones de la lucha antigranizo de la provincia que la Provincia les cedi\u00f3 a sus comunas<br>F\u00e9lix y Molero, junto a los aviones de la lucha antigranizo de la provincia que la Provincia les cedi\u00f3 a sus comunas<\/p>\n\n\n\n<p class=\"wp-block-paragraph\">El Ejecutivo mendocino hab\u00eda confirmado el lunes la puesta en venta de los aviones de la lucha antigranizo, que hasta ahora operaba la empresa estatal AEMSA. Sin embargo, el propio intendente sanrafaelino Emir F\u00e9lix hab\u00eda anticipado que no podr\u00eda hacerse cargo de una compra, lo que explica la cesi\u00f3n para esta temporada.<\/p>\n\n\n\n<figure class=\"wp-block-image is-resized\"><img decoding=\"async\" src=\"https:\/\/media.diariouno.com.ar\/p\/fac375447a97acf1be08dae7dda299b9\/adjuntos\/298\/imagenes\/009\/443\/0009443089\/1200x0\/smart\/felix-y-molero-junto-los-aviones-la-lucha-antigranizo-la-provincia-que-volaran-este-mes.jpeg\" alt=\"F\u00e9lix y Molero, junto a los aviones de la lucha antigranizo de la provincia que la Provincia les cedi\u00f3 a sus comunas\" style=\"width:1200px;height:auto\" title=\"F\u00e9lix y Molero, junto a los aviones de la lucha antigranizo de la provincia que la Provincia les cedi\u00f3 a sus comunas\"\/><\/figure>\n\n\n\n<p class=\"wp-block-paragraph\">Seguro Agr\u00edcola, el recurso para la temporada de granizo<br>Al mismo tiempo, el Gobierno provincial busca fortalecer su cambio de pol\u00edtica de mitigaci\u00f3n, que desde hace un par de temporadas se concentra en el Seguro Agr\u00edcola. Por eso, ratific\u00f3 su paradigma operativo en temporada de riesgo clim\u00e1tico para cultivos: destinar recursos directamente a los productores afectados por contingencias.<\/p>\n\n\n\n<p class=\"wp-block-paragraph\">&#8220;La Provincia ha decidido fortalecer el Seguro Agr\u00edcola y mecanismos de compensaci\u00f3n para que, frente a una p\u00e9rdida, la plata llegue directamente al bolsillo del productor, sin intermediarios, y pueda utilizarla como capital para volver a producir en la temporada siguiente&#8221;, se inform\u00f3.<\/p>\n\n\n\n<p class=\"wp-block-paragraph\">Desde el Ejecutivo provincial argumentaron que se trata de que &#8220;los damnificados para que la temporada siguiente puedan disponer de capital para volver a producir. En este contexto, Mendoza decidi\u00f3 concentrar sus recursos en herramientas de protecci\u00f3n que permitan brindar una respuesta directa al productor&#8221;.<\/p>\n\n\n\n<p class=\"wp-block-paragraph\">Con este marco, el Seguro Agr\u00edcola se consolida como el instrumento principal de la pol\u00edtica agropecuaria mendocina. El esquema buscar\u00e1 responder con mayor agilidad ante las emergencias, como pilar de la gesti\u00f3n en favor del sector primario.<\/p>\n","protected":false},"excerpt":{"rendered":"<p>Es la mitad de la flota de aviones de la lucha antigranizo que la Provincia puso en venta.<\/p>\n","protected":false},"author":3,"featured_media":0,"comment_status":"open","ping_status":"open","sticky":false,"template":"","format":"standard","meta":{"footnotes":""},"categories":[6],"tags":[],"class_list":["post-266","post","type-post","status-publish","format-standard","hentry","category-politica"],"_links":{"self":[{"href":"https:\/\/www.gentedetrabajo.com.ar\/index.php?rest_route=\/wp\/v2\/posts\/266","targetHints":{"allow":["GET"]}}],"collection":[{"href":"https:\/\/www.gentedetrabajo.com.ar\/index.php?rest_route=\/wp\/v2\/posts"}],"about":[{"href":"https:\/\/www.gentedetrabajo.com.ar\/index.php?rest_route=\/wp\/v2\/types\/post"}],"author":[{"embeddable":true,"href":"https:\/\/www.gentedetrabajo.com.ar\/index.php?rest_route=\/wp\/v2\/users\/3"}],"replies":[{"embeddable":true,"href":"https:\/\/www.gentedetrabajo.com.ar\/index.php?rest_route=%2Fwp%2Fv2%2Fcomments&post=266"}],"version-history":[{"count":1,"href":"https:\/\/www.gentedetrabajo.com.ar\/index.php?rest_route=\/wp\/v2\/posts\/266\/revisions"}],"predecessor-version":[{"id":267,"href":"https:\/\/www.gentedetrabajo.com.ar\/index.php?rest_route=\/wp\/v2\/posts\/266\/revisions\/267"}],"wp:attachment":[{"href":"https:\/\/www.gentedetrabajo.com.ar\/index.php?rest_route=%2Fwp%2Fv2%2Fmedia&parent=266"}],"wp:term":[{"taxonomy":"category","embeddable":true,"href":"https:\/\/www.gentedetrabajo.com.ar\/index.php?rest_route=%2Fwp%2Fv2%2Fcategories&post=266"},{"taxonomy":"post_tag","embeddable":true,"href":"https:\/\/www.gentedetrabajo.com.ar\/index.php?rest_route=%2Fwp%2Fv2%2Ftags&post=266"}],"curies":[{"name":"wp","href":"https:\/\/api.w.org\/{rel}","templated":true}]}}