{"id":270,"date":"2026-09-02T13:10:37","date_gmt":"2026-09-02T16:10:37","guid":{"rendered":"https:\/\/www.gentedetrabajo.com.ar\/?p=270"},"modified":"2026-09-02T13:10:38","modified_gmt":"2026-09-02T16:10:38","slug":"cordoba-capital-fue-sede-del-colab-juventud-mutual","status":"publish","type":"post","link":"https:\/\/www.gentedetrabajo.com.ar\/?p=270","title":{"rendered":"CORDOBA CAPITAL fue sede del CoLab juventud mutual"},"content":{"rendered":"\n<p class=\"wp-block-paragraph\">Con representaci\u00f3n de FEMUM atrav\u00e9s de Natalia Egdechman y Jerem\u00edas Rodrigues, jovenes dirigentes de todo el pais contruyeron una agenda federal para fortalecer la participaci\u00f3n ,la innovaci\u00f3n y el  recambio generacional y el sector mutual <\/p>\n\n\n\n<figure class=\"wp-block-gallery has-nested-images columns-default is-cropped wp-block-gallery-1 is-layout-flex wp-block-gallery-is-layout-flex\">\n<figure class=\"wp-block-image size-large\"><img loading=\"lazy\" decoding=\"async\" width=\"1024\" height=\"1024\" data-id=\"271\" src=\"https:\/\/www.gentedetrabajo.com.ar\/wp-content\/uploads\/2026\/09\/WhatsApp-Image-2026-09-02-at-12.37.10.jpeg\" alt=\"\" class=\"wp-image-271\" srcset=\"https:\/\/www.gentedetrabajo.com.ar\/wp-content\/uploads\/2026\/09\/WhatsApp-Image-2026-09-02-at-12.37.10.jpeg 1024w, https:\/\/www.gentedetrabajo.com.ar\/wp-content\/uploads\/2026\/09\/WhatsApp-Image-2026-09-02-at-12.37.10-300x300.jpeg 300w, https:\/\/www.gentedetrabajo.com.ar\/wp-content\/uploads\/2026\/09\/WhatsApp-Image-2026-09-02-at-12.37.10-150x150.jpeg 150w, https:\/\/www.gentedetrabajo.com.ar\/wp-content\/uploads\/2026\/09\/WhatsApp-Image-2026-09-02-at-12.37.10-768x768.jpeg 768w\" sizes=\"auto, (max-width: 1024px) 100vw, 1024px\" \/><\/figure>\n<\/figure>\n\n\n\n<p class=\"wp-block-paragraph\"><br>\u200bDurante los d\u00edas 14 y 15 de agosto se desarroll\u00f3 en C\u00f3rdoba Capital CoLab \u2013 Gesti\u00f3n y Territorio, el Laboratorio de Acci\u00f3n Estrat\u00e9gica y Formaci\u00f3n Dirigencial, un espacio pensado en el marco del Plan Estrat\u00e9gico de CAM, para promover el intercambio, la formaci\u00f3n y la construcci\u00f3n colectiva de nuevas herramientas para el mutualismo.<br>\u200bAgradecimiento especial y representaci\u00f3n institucional<\/p>\n\n\n\n<p class=\"wp-block-paragraph\"><br>Desde la Federaci\u00f3n de Mutuales Unidas de Mendoza (FEMUM) extendemos un sincero reconocimiento y agradecimiento a los j\u00f3venes dirigentes que concurrieron en nuestra representaci\u00f3n para dejar en alto el compromiso federal de nuestras entidades: la Srta. Natalia Aylen Egdechman, en representaci\u00f3n de la Asociaci\u00f3n Mutual de la Seguridad Privada Argentina (AMSPA), y el Sr. Jerem\u00edas Gadiel Rodr\u00edguez Garc\u00eda, en representaci\u00f3n de la Asociaci\u00f3n Mutual Alianza Global.<\/p>\n\n\n\n<p class=\"wp-block-paragraph\"><br>\u200bA lo largo de las dos jornadas, j\u00f3venes dirigentes y referentes del sector trabajaron sobre las principales problem\u00e1ticas que atraviesan actualmente a las mutuales, poniendo especialmente en discusi\u00f3n el rol de las nuevas generaciones y los desaf\u00edos que plantea el recambio dirigencial.<br>\u200bDel diagn\u00f3stico a la construcci\u00f3n de propuestas<br>Durante la primera jornada se desarrollaron din\u00e1micas participativas orientadas a reconocer las problem\u00e1ticas y construir un diagn\u00f3stico colectivo.<\/p>\n\n\n\n<figure class=\"wp-block-image size-large\"><img loading=\"lazy\" decoding=\"async\" width=\"1024\" height=\"684\" src=\"https:\/\/www.gentedetrabajo.com.ar\/wp-content\/uploads\/2026\/09\/WhatsApp-Image-2026-09-02-at-12.37.10-1-1024x684.jpeg\" alt=\"\" class=\"wp-image-272\" srcset=\"https:\/\/www.gentedetrabajo.com.ar\/wp-content\/uploads\/2026\/09\/WhatsApp-Image-2026-09-02-at-12.37.10-1-1024x684.jpeg 1024w, https:\/\/www.gentedetrabajo.com.ar\/wp-content\/uploads\/2026\/09\/WhatsApp-Image-2026-09-02-at-12.37.10-1-300x200.jpeg 300w, https:\/\/www.gentedetrabajo.com.ar\/wp-content\/uploads\/2026\/09\/WhatsApp-Image-2026-09-02-at-12.37.10-1-768x513.jpeg 768w, https:\/\/www.gentedetrabajo.com.ar\/wp-content\/uploads\/2026\/09\/WhatsApp-Image-2026-09-02-at-12.37.10-1-1536x1026.jpeg 1536w, https:\/\/www.gentedetrabajo.com.ar\/wp-content\/uploads\/2026\/09\/WhatsApp-Image-2026-09-02-at-12.37.10-1.jpeg 1600w\" sizes=\"auto, (max-width: 1024px) 100vw, 1024px\" \/><\/figure>\n\n\n\n<p class=\"wp-block-paragraph\"><br>\u200bEntre los principales temas identificados se destacaron la escasa integraci\u00f3n de las miradas juveniles en los procesos de decisi\u00f3n y gesti\u00f3n, las dificultades para incorporar nuevas generaciones al sector, las problem\u00e1ticas econ\u00f3micas que atraviesan a las mutuales y la necesidad de generar una mayor interpelaci\u00f3n de la sociedad sobre el mutualismo.<br>\u200bEl trabajo continu\u00f3 durante la segunda jornada, advancing desde la identificaci\u00f3n de los problemas hacia la formulaci\u00f3n de demandas, acciones y estrategias concretas.<br>\u200bUna destacada disertaci\u00f3n de Alexandre Roig<\/p>\n\n\n\n<p class=\"wp-block-paragraph\"><br>Uno de los momentos destacados de la segunda jornada fue la disertaci\u00f3n de Alexandre Roig, que aport\u00f3 una mirada estrat\u00e9gica para profundizar el debate sobre el presente y el futuro del mutualismo y los desaf\u00edos que enfrenta el sector.<br>\u200bSu participaci\u00f3n se integr\u00f3 a una jornada dedicada al liderazgo, la gesti\u00f3n territorial y la identificaci\u00f3n de los desaf\u00edos generacionales, promoviendo el di\u00e1logo y la reflexi\u00f3n entre los participantes.<br>\u200bUna agenda federal para la juventud mutual<br>Como resultado del trabajo colectivo, se avanz\u00f3 en la construcci\u00f3n de una Agenda de Trabajo de la Juventud Mutual, con acciones organizadas en el corto y mediano plazo.<\/p>\n\n\n\n<p class=\"wp-block-paragraph\"><br>\u200bEntre las propuestas se plante\u00f3 relevar las demandas y servicios que necesitan los j\u00f3venes, fortalecer los mecanismos de comunicaci\u00f3n y ayuda conjunta, generar un sistema permanente de informaci\u00f3n sobre sus necesidades y conformar espacios de acompa\u00f1amiento y asesoramiento a las mutuales.<br>\u200bTambi\u00e9n se propuso avanzar en la construcci\u00f3n de un Consejo Federal Juvenil de Innovaci\u00f3n, con llegada directa al Consejo Directivo de CAM a trav\u00e9s de la vocal\u00eda de Juventud, consolidando un espacio federal de participaci\u00f3n y generaci\u00f3n de propuestas.<\/p>\n\n\n\n<figure class=\"wp-block-image size-large\"><img loading=\"lazy\" decoding=\"async\" width=\"1024\" height=\"576\" src=\"https:\/\/www.gentedetrabajo.com.ar\/wp-content\/uploads\/2026\/09\/WhatsApp-Image-2026-09-02-at-12.37.11-1024x576.jpeg\" alt=\"\" class=\"wp-image-274\" srcset=\"https:\/\/www.gentedetrabajo.com.ar\/wp-content\/uploads\/2026\/09\/WhatsApp-Image-2026-09-02-at-12.37.11-1024x576.jpeg 1024w, https:\/\/www.gentedetrabajo.com.ar\/wp-content\/uploads\/2026\/09\/WhatsApp-Image-2026-09-02-at-12.37.11-300x169.jpeg 300w, https:\/\/www.gentedetrabajo.com.ar\/wp-content\/uploads\/2026\/09\/WhatsApp-Image-2026-09-02-at-12.37.11-768x432.jpeg 768w, https:\/\/www.gentedetrabajo.com.ar\/wp-content\/uploads\/2026\/09\/WhatsApp-Image-2026-09-02-at-12.37.11-1536x864.jpeg 1536w, https:\/\/www.gentedetrabajo.com.ar\/wp-content\/uploads\/2026\/09\/WhatsApp-Image-2026-09-02-at-12.37.11.jpeg 1600w\" sizes=\"auto, (max-width: 1024px) 100vw, 1024px\" \/><\/figure>\n\n\n\n<p class=\"wp-block-paragraph\"><br>\u200bConstruir el mutualismo como un imaginario de futuro<br>El encuentro cerr\u00f3 con una mirada puesta en la necesidad de escuchar las nuevas necesidades, ampliar lo posible y construir una agenda concreta de la juventud, entendiendo a las nuevas generaciones no solamente como destinatarias, sino como protagonistas de la transformaci\u00f3n institucional.<br>\u200bEl desaf\u00edo planteado es avanzar paso a paso, con acciones medibles y objetivos concretos, generando una l\u00f3gica propia que permita dinamizar la innovaci\u00f3n dentro de las instituciones.<\/p>\n\n\n\n<p class=\"wp-block-paragraph\"><br>\u200bCoLab \u2013 Gesti\u00f3n y Territorio dej\u00f3 as\u00ed un punto de partida para continuar construyendo un mutualismo m\u00e1s participativo, innovador y federal, con nuevas generaciones protagonistas de su presente y de su futuro.<br>\u200bTags : Alejandro Russo, Alexandre Roig, Aylen Braida CoLab\u2013 Gesti\u00f3n y Territorio, Confederaci\u00f3n Argentina de Mutualidades, el Laboratorio de Acci\u00f3n Estrat\u00e9gica y Formaci\u00f3n Dirigencial, Secretar\u00eda de Juventud de CAM.<\/p>\n","protected":false},"excerpt":{"rendered":"<p>Con representaci\u00f3n de FEMUM atrav\u00e9s de Natalia Egdechman y Jerem\u00edas Rodrigues, jovenes dirigentes de todo el pais contruyeron<\/p>\n","protected":false},"author":3,"featured_media":0,"comment_status":"open","ping_status":"open","sticky":false,"template":"","format":"standard","meta":{"footnotes":""},"categories":[8],"tags":[],"class_list":["post-270","post","type-post","status-publish","format-standard","hentry","category-gremiales"],"_links":{"self":[{"href":"https:\/\/www.gentedetrabajo.com.ar\/index.php?rest_route=\/wp\/v2\/posts\/270","targetHints":{"allow":["GET"]}}],"collection":[{"href":"https:\/\/www.gentedetrabajo.com.ar\/index.php?rest_route=\/wp\/v2\/posts"}],"about":[{"href":"https:\/\/www.gentedetrabajo.com.ar\/index.php?rest_route=\/wp\/v2\/types\/post"}],"author":[{"embeddable":true,"href":"https:\/\/www.gentedetrabajo.com.ar\/index.php?rest_route=\/wp\/v2\/users\/3"}],"replies":[{"embeddable":true,"href":"https:\/\/www.gentedetrabajo.com.ar\/index.php?rest_route=%2Fwp%2Fv2%2Fcomments&post=270"}],"version-history":[{"count":1,"href":"https:\/\/www.gentedetrabajo.com.ar\/index.php?rest_route=\/wp\/v2\/posts\/270\/revisions"}],"predecessor-version":[{"id":275,"href":"https:\/\/www.gentedetrabajo.com.ar\/index.php?rest_route=\/wp\/v2\/posts\/270\/revisions\/275"}],"wp:attachment":[{"href":"https:\/\/www.gentedetrabajo.com.ar\/index.php?rest_route=%2Fwp%2Fv2%2Fmedia&parent=270"}],"wp:term":[{"taxonomy":"category","embeddable":true,"href":"https:\/\/www.gentedetrabajo.com.ar\/index.php?rest_route=%2Fwp%2Fv2%2Fcategories&post=270"},{"taxonomy":"post_tag","embeddable":true,"href":"https:\/\/www.gentedetrabajo.com.ar\/index.php?rest_route=%2Fwp%2Fv2%2Ftags&post=270"}],"curies":[{"name":"wp","href":"https:\/\/api.w.org\/{rel}","templated":true}]}}