{"id":276,"date":"2026-09-02T13:36:43","date_gmt":"2026-09-02T16:36:43","guid":{"rendered":"https:\/\/www.gentedetrabajo.com.ar\/?p=276"},"modified":"2026-09-02T13:36:43","modified_gmt":"2026-09-02T16:36:43","slug":"el-padre-marcelo-de-benedectis-recibio-una-distincion-sanmartiana-un-reconocimiento-a-su-compromiso-valores-y-trayectoria","status":"publish","type":"post","link":"https:\/\/www.gentedetrabajo.com.ar\/?p=276","title":{"rendered":"El Padre Marcelo de Benedectis recibi\u00f3 una Distinci\u00f3n SanMartiana Un reconocimiento a su compromiso, valores y trayectoria"},"content":{"rendered":"\n<p class=\"wp-block-paragraph\">El pasado 24 de agosto, el Padre Marcelo de Benedectis recibi\u00f3 una Distinci\u00f3n Sanmartiana, en reconocimiento a su compromiso, trayectoria y a los valores que representa y transmite a trav\u00e9s de su labor cotidiana.<\/p>\n\n\n\n<figure class=\"wp-block-image is-resized\"><img decoding=\"async\" src=\"https:\/\/encrypted-tbn0.gstatic.com\/images?q=tbn:ANd9GcRl9xOj6tgs-wI8pHeBWG6D9tNcztRNvYVxVEvdmZTgRliZNJ-qvfcU6HA&amp;s=10\" alt=\"\u2b55 | Marcelo De Benedectis, cura p\u00e1rroco y vocero del Arzobispado de  Mendoza, en una charla \u00edntima y a coraz\u00f3n abierto con Laura Rez Masud. \ud83d\udcf2  Mir\u00e1 la entrevista completa en el\" style=\"width:624px;height:auto\"\/><\/figure>\n\n\n\n<p class=\"wp-block-paragraph\"><br>La distinci\u00f3n constituye un importante reconocimiento inspirado en el legado del General Jos\u00e9 de San Mart\u00edn, destacando principios como el compromiso, la solidaridad, la vocaci\u00f3n de servicio, la humildad y el respeto hacia los dem\u00e1s.<\/p>\n\n\n\n<p class=\"wp-block-paragraph\"><br>Durante el acto, el Padre Marcelo de Benedectis fue homenajeado por su dedicaci\u00f3n y por el aporte que realiza a la comunidad, convirti\u00e9ndose este reconocimiento en un momento especial y significativo.<br>La Distinci\u00f3n Sanmartiana representa no solo un homenaje a su persona, sino tambi\u00e9n una manera de valorar el trabajo y el compromiso de quienes, desde distintos \u00e1mbitos, contribuyen a construir una sociedad basada en los valores y ense\u00f1anzas que dej\u00f3 el General San Mart\u00edn.<\/p>\n\n\n\n<figure class=\"wp-block-image is-resized\"><img decoding=\"async\" src=\"https:\/\/encrypted-tbn0.gstatic.com\/images?q=tbn:ANd9GcTwRu5eiGSmZwv4m45e8gjri9KNINjUBV18HDaTcgOeLIqJhIu5w1hux3Jx&amp;s=10\" alt=\"Muy feliz d\u00eda del p\u00e1rroco, a nuestro padre y pastor, el Padre Marcelo De  Benedictis. Gracias por cada uno de los gestos de ternura, escucha,  atenci\u00f3n, dedicaci\u00f3n que ofrece a las ovejitas\" style=\"width:722px;height:auto\"\/><\/figure>\n\n\n\n<p class=\"wp-block-paragraph\"><br>El 24 de agosto quedar\u00e1 as\u00ed como una fecha especial para celebrar este merecido reconocimiento al Padre Marcelo de Benedectis, quien contin\u00faa dejando una huella importante a trav\u00e9s de su vocaci\u00f3n, su compromiso y su servicio a la comunidad.<\/p>\n","protected":false},"excerpt":{"rendered":"<p>El pasado 24 de agosto, el Padre Marcelo de Benedectis recibi\u00f3 una Distinci\u00f3n Sanmartiana, en reconocimiento a su<\/p>\n","protected":false},"author":3,"featured_media":0,"comment_status":"open","ping_status":"open","sticky":false,"template":"","format":"standard","meta":{"footnotes":""},"categories":[1],"tags":[],"class_list":["post-276","post","type-post","status-publish","format-standard","hentry","category-sin-categoria"],"_links":{"self":[{"href":"https:\/\/www.gentedetrabajo.com.ar\/index.php?rest_route=\/wp\/v2\/posts\/276","targetHints":{"allow":["GET"]}}],"collection":[{"href":"https:\/\/www.gentedetrabajo.com.ar\/index.php?rest_route=\/wp\/v2\/posts"}],"about":[{"href":"https:\/\/www.gentedetrabajo.com.ar\/index.php?rest_route=\/wp\/v2\/types\/post"}],"author":[{"embeddable":true,"href":"https:\/\/www.gentedetrabajo.com.ar\/index.php?rest_route=\/wp\/v2\/users\/3"}],"replies":[{"embeddable":true,"href":"https:\/\/www.gentedetrabajo.com.ar\/index.php?rest_route=%2Fwp%2Fv2%2Fcomments&post=276"}],"version-history":[{"count":1,"href":"https:\/\/www.gentedetrabajo.com.ar\/index.php?rest_route=\/wp\/v2\/posts\/276\/revisions"}],"predecessor-version":[{"id":277,"href":"https:\/\/www.gentedetrabajo.com.ar\/index.php?rest_route=\/wp\/v2\/posts\/276\/revisions\/277"}],"wp:attachment":[{"href":"https:\/\/www.gentedetrabajo.com.ar\/index.php?rest_route=%2Fwp%2Fv2%2Fmedia&parent=276"}],"wp:term":[{"taxonomy":"category","embeddable":true,"href":"https:\/\/www.gentedetrabajo.com.ar\/index.php?rest_route=%2Fwp%2Fv2%2Fcategories&post=276"},{"taxonomy":"post_tag","embeddable":true,"href":"https:\/\/www.gentedetrabajo.com.ar\/index.php?rest_route=%2Fwp%2Fv2%2Ftags&post=276"}],"curies":[{"name":"wp","href":"https:\/\/api.w.org\/{rel}","templated":true}]}}